{"id":36161,"date":"2018-08-06T15:39:09","date_gmt":"2018-08-06T13:39:09","guid":{"rendered":"http:\/\/www.piuomenopop.it\/?p=36161"},"modified":"2018-08-06T15:39:44","modified_gmt":"2018-08-06T13:39:44","slug":"festival-contro-2018","status":"publish","type":"post","link":"https:\/\/www.piuomenopop.it\/index.php\/2018\/08\/06\/festival-contro-2018\/","title":{"rendered":"FESTIVAL CONTRO 2018"},"content":{"rendered":"<p><img loading=\"lazy\" decoding=\"async\" class=\"size-medium wp-image-36162 aligncenter\" src=\"http:\/\/www.piuomenopop.it\/wp-content\/uploads\/2018\/08\/unnamed-4-300x89.jpg\" alt=\"\" width=\"300\" height=\"89\" srcset=\"https:\/\/www.piuomenopop.it\/wp-content\/uploads\/2018\/08\/unnamed-4-300x89.jpg 300w, https:\/\/www.piuomenopop.it\/wp-content\/uploads\/2018\/08\/unnamed-4.jpg 640w\" sizes=\"auto, (max-width: 300px) 100vw, 300px\" \/><\/p>\n<div class=\"m_1318018490276369550row m_1318018490276369550clearfix\"><\/div>\n<div class=\"m_1318018490276369550row m_1318018490276369550clearfix\"><\/div>\n<h1 style=\"text-align: center;\">FESTIVAL CONTRO 2018<\/h1>\n<h4 style=\"text-align: center;\"><span style=\"font-family: Arial;\">CASTAGNOLE DELLE LANZE (AT)<\/span><\/h4>\n<h4 style=\"text-align: center;\"><span style=\"font-family: Arial;\">\u00a0<\/span><\/h4>\n<h4 style=\"text-align: center;\"><span style=\"font-family: Arial;\">\u201cFESTIVAL DELLA CANZONE D\u2019IMPEGNO\u201d<\/span><\/h4>\n<p style=\"text-align: center;\"><b>Dal 24 agosto al 1 settembre<\/b><\/p>\n<p style=\"text-align: center;\">\n<div style=\"text-align: center;\"><b>Cristiano de Andr\u00e8, I Nomadi,\u00a0<\/b><\/div>\n<div style=\"text-align: center;\"><b>Mudimbi e Renzo Arbore con Nino Frassica<\/b><\/div>\n<div style=\"text-align: center;\"><b>fra i protagonisti della nuova edizione.<\/b><\/div>\n<div><\/div>\n<div style=\"text-align: justify;\">Torna il Festival Contro a Castagnola delle Lanze in Piemonte.\u00a0<b>Nove giorni e 18 concerti\u00a0<\/b>nel cartellone dell\u2019edizione 2018 con alcune conferme e tante novit\u00e0. Si inizia venerd\u00ec 24 agosto con\u00a0<b>Cristano de Andr\u00e8<\/b>\u00a0che porta fra Langa e Monferrato le canzoni pi\u00f9 celebri e indimenticate del padre Fabrizio. Sabato 25 agosto, invece,<b>\u00a0il 27\u00b0 raduno nazionale del fans club dei Nomadi<\/b>, ospiti fissi del Festival Contro e una delle band pi\u00f9 longeve e apprezzate del panorama nazionale. Il festival prosegue con\u00a0<b>Maurizio Vandelli<\/b>,\u00a0<b>la 159\u00b0 fiera della nocciola<\/b>, la grande serata di ballo occitano condotta da<b>\u00a0Lou Dalfin<\/b>, mentre mercoled\u00ec 29 agosto arriva<b>\u00a0Mudimb<\/b>i, il \u201cmago\u201d protagonista dell\u2019ultimo Sanremo Giovani. La\u00a0<b>Shary band<\/b>\u00a0e il giovane rapper<b>\u00a0Tedua<\/b>\u00a0si esibiranno il 30 e 31 agosto, mentre il 1 settembre \u00a0\u00e8 atteso un grande protagonista della musica italiana come\u00a0<b>Renzo Arbore<\/b>\u00a0con una guest star d\u2019eccezione:\u00a0<b>Nino Frassica.\u00a0<\/b><\/div>\n<div><\/div>\n<div>\n<div style=\"text-align: justify;\"><u>VENERDI\u2019 24 AGOSTO<\/u><\/div>\n<div style=\"text-align: justify;\"><b>CRISTIANO DE ANDR\u00c8<\/b><\/div>\n<div style=\"text-align: justify;\"><\/div>\n<div style=\"text-align: justify;\">Ingresso \u20ac 22 \u2013\u201cDe Andr\u00e9 canta De Andr\u00e9 \u2013 Best of\u201d \u00e8 il live con cui Cristiano De Andr\u00e8 attinger\u00e0 dall\u2019immenso repertorio del padre Fabrizio. \u201cDe Andr\u00e9 canta De Andr\u00e9 \u00e8 un progetto che mi ha permesso e mi permette di portare avanti l\u2019eredit\u00e0 artistica di mio padre \u2013 scrive Cristiano De Andr\u00e9 \u2013 caratterizzandola per\u00f2 con nuovi arrangiamenti che possano esprimere la mia personalit\u00e0 musicale e allo stesso tempo donino un nuovo vestito alle opere, una mia impronta. Mi auguro che cos\u00ec facendo la poesia di mio padre possa arrivare a toccare le anime pi\u00f9 giovani, a coinvolgere anche chi non ascolta la canzone prettamente d\u2019autore\u201d.<\/div>\n<div style=\"text-align: justify;\"><\/div>\n<div style=\"text-align: justify;\"><u>SABATO 25 AGOSTO<\/u><\/div>\n<div style=\"text-align: justify;\"><b>I NOMADI<\/b><\/div>\n<div style=\"text-align: justify;\">open act\u00a0<b>Andrea Amati<\/b><\/div>\n<div style=\"text-align: justify;\"><b>\u00a0<\/b><\/div>\n<div style=\"text-align: justify;\">Ingresso \u20ac 20 &#8211; Erano i primi anni 60 quando tra Modena e Reggio Emilia, Beppe Carletti e Augusto Daolio decidono di formare una loro band. L\u2019esordio avviene nel 1963 e il nome scelto \u00e8 Nomadi, denominazione scelta un po\u2019 per caso ma forse anche per destino. Oggi i Nomadi, una delle pi\u00f9 conosciute &#8211; e longeve &#8211; band della musica leggera italiana, tornano al Festival Contro per accogliere fan vecchi e nuovi.<\/div>\n<div style=\"text-align: justify;\">Alle 18.30 inizier\u00e0 il XXVII Raduno Estivo Nomadi Fans Club.<\/div>\n<div style=\"text-align: justify;\"><\/div>\n<div style=\"text-align: justify;\"><u>DOMENICA 26 AGOSTO\u00a0<\/u><\/div>\n<div style=\"text-align: justify;\"><b>MAURIZIO VANDELLI<\/b><\/div>\n<div style=\"text-align: justify;\">open act\u00a0<b>Lupita<\/b><\/div>\n<div style=\"text-align: justify;\"><b>\u00a0<\/b><\/div>\n<div style=\"text-align: justify;\">Ingresso libero \u2013 Occhiali da sole tondi e la voce, quella inconfondibile del leader dell\u2019Equipe 84. Maurizio Vandelli festeggia in tour i suoi 50 anni in musica ripercorrendo grandi successi come \u201cIo ho in mente te\u201d, \u201c29 settembre\u201d, \u201cNel cuore nell\u2019anima\u201d. Un repertorio che attinge a quei 18 album pubblicati in carriera, scegliendo fra una lista di autori che annovera tra gli altri Battisti, Mogol e Guccini.<\/div>\n<div style=\"text-align: justify;\"><\/div>\n<div style=\"text-align: justify;\"><u>LUNED\u00ec 27 AGOSTO\u00a0<\/u><\/div>\n<div style=\"text-align: justify;\"><b>159^ FIERA DELLA NOCCIOLA\u00a0<\/b><\/div>\n<div style=\"text-align: justify;\"><b>ORCHESTRA GIULIANO &amp; I BARONI<\/b><\/div>\n<div style=\"text-align: justify;\">La festa dedicata alla nocciola inizia alle 8.30 e proseguir\u00e0 per tutta la giornata con tanta musica e con l\u2019elezione di Miss San Bartolomeo 2018.<\/div>\n<div style=\"text-align: justify;\"><\/div>\n<div style=\"text-align: justify;\"><u>MARTED\u00ec 28 AGOSTO<\/u><\/div>\n<div style=\"text-align: justify;\"><b>LOU DALFIN<\/b><\/div>\n<div style=\"text-align: justify;\">open act\u00a0<b>Li Destartavela &#8211; Cel Dobert<\/b><\/div>\n<div style=\"text-align: justify;\"><b>\u00a0<\/b><\/div>\n<div style=\"text-align: justify;\">Ingresso libero &#8211; Il gruppo musicale piemontese \u00e8 nato nel 1982 e rivisita la musica tradizionale occitana rielaborandola e contaminandola con la musica moderna e affiancando agli antichi strumenti acustici, quelli pi\u00f9 noti della musica rock, jazz e reggae.<\/div>\n<div style=\"text-align: justify;\"><\/div>\n<div style=\"text-align: justify;\"><u>MERCOLED\u00ec 29 AGOSTO\u00a0<\/u><\/div>\n<div style=\"text-align: justify;\"><b>MUDIMBI<\/b><\/div>\n<div style=\"text-align: justify;\">open act\u00a0<b>Shoplifter &#8211; Dj set Giulio Poetto DJ<\/b><\/div>\n<div style=\"text-align: justify;\"><b>\u00a0<\/b><\/div>\n<div style=\"text-align: justify;\">Ingresso libero &#8211; &#8220;Il mago\u201d di San Benedetto del Tronto arriva a Castagnole delle Lanze forte del terzo posto nella sezione Nuove Proposte conquistato all\u2019ultimo Festival di Sanremo. Sul palco la sua energia e la commistione di stile, fra hip hop, reggae e pop.<\/div>\n<div style=\"text-align: justify;\"><\/div>\n<div style=\"text-align: justify;\"><u>GIOVED\u00ec 30 AGOSTO\u00a0<\/u><\/div>\n<div style=\"text-align: justify;\"><b>SHARY BAND<\/b><\/div>\n<div style=\"text-align: justify;\">open act\u00a0<b>Dj Mister Cugi\u00a0<\/b><\/div>\n<div style=\"text-align: justify;\"><b>\u00a0<\/b><\/div>\n<div style=\"text-align: justify;\">Ingresso libero \u2013 Dal gennaio 2006 la band \u00e8 ufficialmente il tributo nazionale alla disco dance arricchendo il proprio spettacolo di medley che vivono e raccontano gli ultimi 60 anni di musica ballabile.<\/div>\n<div style=\"text-align: justify;\"><\/div>\n<div style=\"text-align: justify;\"><u>VENERD\u00ec 31 AGOSTO<\/u><\/div>\n<div style=\"text-align: justify;\"><b>TEDUA<\/b><\/div>\n<div style=\"text-align: justify;\">open act\u00a0<b>Dj NCL &#8211; Mahico<\/b><\/div>\n<div style=\"text-align: justify;\"><b>\u00a0<\/b><\/div>\n<div style=\"text-align: justify;\">Ingresso \u20ac 18 &#8211; Un moderno Mowgli nella giungla urbana che sopravvive grazie alla musica. E\u2019 questa la visione che lascia di s\u00e9 il rapper milanese nel suo ultimo album. Classe 1994 Tedua ha costruito il proprio successo discografico a colpi di mixtape e featuring negli ultimi tre anni.<\/div>\n<div style=\"text-align: justify;\"><\/div>\n<div style=\"text-align: justify;\"><u>SABATO 1 SETTEMBRE<\/u><\/div>\n<div style=\"text-align: justify;\"><b>RENZO ARBORE e L\u2019Orchestra italiana<\/b><\/div>\n<div style=\"text-align: justify;\"><b>GUEST STAR Nino Frassica\u00a0<\/b><\/div>\n<div style=\"text-align: justify;\"><b>\u00a0<\/b><\/div>\n<div style=\"text-align: justify;\">Ingresso \u00a0\u20ac 30, \u20ac 60, \u20ac 120 &#8211; Renzo Arbore \u00e8 uno dei protagonisti della musica e della televisione italiana. Con la sua Orchestra italiana ha reinterpretato e fatto conoscere il meglio della musica napoletana e ora, torna in tour con Nino Frassica, riproponendo il duo storico di \u201cIndietro tutta\u201d.<\/div>\n<\/div>\n","protected":false},"excerpt":{"rendered":"<div class=\"mh-excerpt\"><p>FESTIVAL CONTRO 2018 CASTAGNOLE DELLE LANZE (AT) \u00a0 \u201cFESTIVAL DELLA CANZONE D\u2019IMPEGNO\u201d Dal 24 agosto al 1 settembre Cristiano de Andr\u00e8, I Nomadi,\u00a0 Mudimbi e <a class=\"mh-excerpt-more\" href=\"https:\/\/www.piuomenopop.it\/index.php\/2018\/08\/06\/festival-contro-2018\/\" title=\"FESTIVAL CONTRO 2018\">[&#8230;]<\/a><\/p>\n<\/div>","protected":false},"author":1,"featured_media":36162,"comment_status":"closed","ping_status":"closed","sticky":false,"template":"","format":"standard","meta":{"sfsi_plus_gutenberg_text_before_share":"","sfsi_plus_gutenberg_show_text_before_share":"","sfsi_plus_gutenberg_icon_type":"","sfsi_plus_gutenberg_icon_alignemt":"","sfsi_plus_gutenburg_max_per_row":"","footnotes":"","_links_to":"","_links_to_target":""},"categories":[730,3],"tags":[6937,6935,6936,397,6940,6939,5292,6943,6938,6942,6941,6244],"class_list":["post-36161","post","type-post","status-publish","format-standard","has-post-thumbnail","hentry","category-festival","category-news","tag-cristiano-de-andre","tag-festival-contro","tag-festival-della-canzone-dimpegno","tag-laltoparlante","tag-lou-dalfin","tag-maurizio-vandelli","tag-mudimbi","tag-nino-frassica","tag-nomadi","tag-renzo-arbore","tag-shary-band","tag-tedua"],"aioseo_notices":[],"_links":{"self":[{"href":"https:\/\/www.piuomenopop.it\/index.php\/wp-json\/wp\/v2\/posts\/36161","targetHints":{"allow":["GET"]}}],"collection":[{"href":"https:\/\/www.piuomenopop.it\/index.php\/wp-json\/wp\/v2\/posts"}],"about":[{"href":"https:\/\/www.piuomenopop.it\/index.php\/wp-json\/wp\/v2\/types\/post"}],"author":[{"embeddable":true,"href":"https:\/\/www.piuomenopop.it\/index.php\/wp-json\/wp\/v2\/users\/1"}],"replies":[{"embeddable":true,"href":"https:\/\/www.piuomenopop.it\/index.php\/wp-json\/wp\/v2\/comments?post=36161"}],"version-history":[{"count":1,"href":"https:\/\/www.piuomenopop.it\/index.php\/wp-json\/wp\/v2\/posts\/36161\/revisions"}],"predecessor-version":[{"id":36163,"href":"https:\/\/www.piuomenopop.it\/index.php\/wp-json\/wp\/v2\/posts\/36161\/revisions\/36163"}],"wp:featuredmedia":[{"embeddable":true,"href":"https:\/\/www.piuomenopop.it\/index.php\/wp-json\/wp\/v2\/media\/36162"}],"wp:attachment":[{"href":"https:\/\/www.piuomenopop.it\/index.php\/wp-json\/wp\/v2\/media?parent=36161"}],"wp:term":[{"taxonomy":"category","embeddable":true,"href":"https:\/\/www.piuomenopop.it\/index.php\/wp-json\/wp\/v2\/categories?post=36161"},{"taxonomy":"post_tag","embeddable":true,"href":"https:\/\/www.piuomenopop.it\/index.php\/wp-json\/wp\/v2\/tags?post=36161"}],"curies":[{"name":"wp","href":"https:\/\/api.w.org\/{rel}","templated":true}]}}