{"id":36594,"date":"2018-08-13T10:44:46","date_gmt":"2018-08-13T08:44:46","guid":{"rendered":"http:\/\/www.piuomenopop.it\/?p=36594"},"modified":"2018-08-13T15:43:09","modified_gmt":"2018-08-13T13:43:09","slug":"imperdibile-unica-data-toscana-per-carl-brave-x-franco-126-in-programma-il-16-agosto-a-forte-dei-marmi","status":"publish","type":"post","link":"https:\/\/www.piuomenopop.it\/index.php\/2018\/08\/13\/imperdibile-unica-data-toscana-per-carl-brave-x-franco-126-in-programma-il-16-agosto-a-forte-dei-marmi\/","title":{"rendered":"Imperdibile unica data toscana per Carl Brave X Franco 126 in programma il 16 Agosto a Forte dei Marmi"},"content":{"rendered":"<figure id=\"attachment_21945\" aria-describedby=\"caption-attachment-21945\" style=\"width: 730px\" class=\"wp-caption aligncenter\"><img loading=\"lazy\" decoding=\"async\" class=\"wp-image-21945 size-large\" src=\"http:\/\/www.piuomenopop.it\/wp-content\/uploads\/2017\/07\/CarlBravexFranco126-@-Th-Summer-Garden-2017-24-1024x703.jpg\" alt=\"\" width=\"730\" height=\"501\" srcset=\"https:\/\/www.piuomenopop.it\/wp-content\/uploads\/2017\/07\/CarlBravexFranco126-@-Th-Summer-Garden-2017-24-1024x703.jpg 1024w, https:\/\/www.piuomenopop.it\/wp-content\/uploads\/2017\/07\/CarlBravexFranco126-@-Th-Summer-Garden-2017-24-300x206.jpg 300w, https:\/\/www.piuomenopop.it\/wp-content\/uploads\/2017\/07\/CarlBravexFranco126-@-Th-Summer-Garden-2017-24-768x527.jpg 768w, https:\/\/www.piuomenopop.it\/wp-content\/uploads\/2017\/07\/CarlBravexFranco126-@-Th-Summer-Garden-2017-24.jpg 1200w\" sizes=\"auto, (max-width: 730px) 100vw, 730px\" \/><figcaption id=\"caption-attachment-21945\" class=\"wp-caption-text\">\u00a9 Matteo Leonardi<\/figcaption><\/figure>\n<p>&nbsp;<\/p>\n<p style=\"font-weight: 400; text-align: justify;\"><strong>LEG Srl<\/strong>\u00a0in collaborazione con\u00a0<a href=\"https:\/\/www.facebook.com\/thecagelivorno\/\" target=\"_blank\" rel=\"noopener\"><strong>The Cage<\/strong><\/a>\u00a0e la Fondazione Villa Bertelli porta una grande unica data toscana per l&#8217;estate. In programma il<strong>\u00a016 agosto<\/strong>\u00a0a\u00a0<strong>Villa Bertelli<\/strong>,\u00a0<strong>Forte dei Marmi<\/strong>, arrivano\u00a0<a href=\"https:\/\/www.facebook.com\/carlbravexfranco126\/\" target=\"_blank\" rel=\"noopener\"><strong>Carl Brave x Franco 126<\/strong><\/a>\u00a0con il tour dell&#8217;estate 2018 che porter\u00e0 l&#8217;album d&#8217;esordio \u201c<strong>Polaroid<\/strong>\u201d, che ha gi\u00e0 registrato un enorme successo di pubblico.<\/p>\n<p>Dalla collaborazione tra\u00a0<strong>LEG Srl,<\/strong>\u00a0<strong>The Cage e la Fondazione Villa Bertelli\u00a0<\/strong>nasce una grande unica data toscana pronta a illuminare l&#8217;estate. \u201c<strong>Polaroid<\/strong>\u201d decretato disco del 2017 da Rolling Stone e certificato disco d\u2019oro, ha sancito un successo che si \u00e8 tradotto in veri e propri bagli di folla durante i concerti. Ora\u00a0<strong>Carl Brave x Franco 126<\/strong>\u00a0sono pronti per una nuova serie di appuntamenti live che si preannunciano imperdibili e ricchi di sorprese.\u00a0Carl Brave, inoltre, \u00e8 reduce dal successo del suo primo album da solista,\u00a0<strong>Notti Brave<\/strong>, pubblicato lo scorso 11 maggio. Notti Brave, album per il quale il rapper e produttore romano ha collaborato con Fabri Fibra, Francesca Michielin, Coez, Gemitaiz, Emis Killa e lo stesso Franco 126, ha esordito direttamente alla posizione numero 1 della\u00a0<strong>classifica Fimi\u00a0<\/strong>riguardante gli album, restandoci per due settimane consecutive. Dall&#8217;album, \u00e8 stato estratto il singolo Fotografia, realizzato con la partecipazione di Fabri Fibra e Francesca Michielin.\u00a0Tornando al progetto Carl Brave x Franco 126, invece, da Polaroid, sono stati estratti singoli di successo come\u00a0<strong>Sempre in due<\/strong>\u00a0(Disco di Platino),\u00a0<strong>Solo guai<\/strong>,\u00a0<strong>Polaroid<\/strong>,\u00a0<strong>Pellaria<\/strong>,\u00a0<strong>Noccioline\u00a0<\/strong>e\u00a0<strong>Barceloneta<\/strong>\u00a0(tutti certificati Dischi d&#8217;Oro).\u00a0Ad accompagnarli dal vivo per il grande tour estivo partito a luglio una \u201cbig band\u201d, sempre pi\u00f9 solida e abile nel vestire i brani dei \u201cdue fiori cresciuti i mezzo ai sanpietrini\u201d di un sound ancora pi\u00f9 denso e grondante groove.\u00a0<strong>\u201cPolaroid\u201d<\/strong>\u00a0\u00e8 la raccolta di istantanee che fermano il frammento di una storia, un attimo che non torner\u00e0 mai pi\u00f9 uguale a s\u00e9 stesso, e proprio per questo fragile ed irripetibile. Sullo sfondo c\u2019\u00e8 sempre Roma, a \u201cscattare\u201d per\u00f2 non c&#8217;\u00e8 una macchina fotografica, ma lo sguardo sincero di Carl Brave e Franco126, prima amici che musicisti, prima per strada che in studio. Nelle loro canzoni la citt\u00e0 eterna esce dalla solita retorica in cui \u00e8 intrappolata nell&#8217;immaginario collettivo, per vestire i panni di una metropoli contemporanea, cosmopolita, carica di contraddizioni e per questo ancor pi\u00f9 poetica. Pezzi scritti e prodotti in una mansarda trasteverina e poi pubblicati su Youtube di getto, spinti dall&#8217;urgenza di dire e fare, immagini lampo della vita di tutti i giorni, piccoli dettagli e situazioni tra le cui trame si annida la magia del quotidiano. Come i vicoli del tredicesimo rione, cos\u00ec anche chitarre acustiche su batterie elettroniche si intrecciano in maniera armonica sulla stessa traccia. Auto-tune e sax, trap e hip-hop convivono in maniera unica e personale, come \u00e8 unica e personale la via musicale che i due ragazzi dall&#8217;altra parte del Tevere si stanno aprendo davanti al loro passaggio.\u00a0<strong>Carl Brave X Franco 126\u00a0<\/strong>sono un duo rap romano formato dal ventottenne rapper e produttore Carlo Luigi Coraggio (Carl Brave) e dal venticinquenne rapper Franco Bertolini (Franco 126). I due si sono conosciuti quando Carl Brave, dopo aver fatto parte del gruppo Molto Peggio Crew (nato nel 2007), ha debuttato come solista con l&#8217;EP &#8220;Brave EP&#8221; e ha cominciato a collaborare con i membri della crew trasteverina dei 126, della quale faceva &#8211; anzi, fa tutt&#8217;ora parte &#8211; Franco 126. Da una semplice collaborazione, il progetto si \u00e8 trasformato in un vero e proprio duo: verso la fine del 2016 i due rapper hanno cominciato a pubblicare su YouTube le canzoni nate dal loro progetto, da &#8220;Solo guai&#8221; alla recente &#8220;Pellaria&#8221;, passando per &#8220;Sempre in 2&#8221;, &#8220;Polaroid&#8221;, &#8220;Lucky Strike&#8221;, &#8220;Enjoy&#8221;, &#8220;Tarar\u00ec tarar\u00e0&#8221;, &#8220;Perfavore&#8221;, &#8220;Noccioline&#8221; e &#8220;Alla tua&#8221;.<\/p>\n<p style=\"font-weight: 400; text-align: center;\"><strong>LEG srl &#8211; The Cage\u00a0 &amp; Fondazione Villa Bertelli presentano<\/strong>:<br \/>\n<strong>CARL BRAVE X FRANCO126<\/strong><\/p>\n<p style=\"font-weight: 400; text-align: center;\">a Villa Bertelli &#8211; Forte dei Marmi (LU) &#8211; UNICA DATA TOSCANA<\/p>\n<p style=\"font-weight: 400; text-align: center;\">Ore 21.30<\/p>\n<p style=\"text-align: center;\">\n","protected":false},"excerpt":{"rendered":"<div class=\"mh-excerpt\"><p>&nbsp; LEG Srl\u00a0in collaborazione con\u00a0The Cage\u00a0e la Fondazione Villa Bertelli porta una grande unica data toscana per l&#8217;estate. In programma il\u00a016 agosto\u00a0a\u00a0Villa Bertelli,\u00a0Forte dei Marmi, <a class=\"mh-excerpt-more\" href=\"https:\/\/www.piuomenopop.it\/index.php\/2018\/08\/13\/imperdibile-unica-data-toscana-per-carl-brave-x-franco-126-in-programma-il-16-agosto-a-forte-dei-marmi\/\" title=\"Imperdibile unica data toscana per Carl Brave X Franco 126 in programma il 16 Agosto a Forte dei Marmi\">[&#8230;]<\/a><\/p>\n<\/div>","protected":false},"author":1,"featured_media":36595,"comment_status":"closed","ping_status":"closed","sticky":false,"template":"","format":"standard","meta":{"sfsi_plus_gutenberg_text_before_share":"","sfsi_plus_gutenberg_show_text_before_share":"","sfsi_plus_gutenberg_icon_type":"","sfsi_plus_gutenberg_icon_alignemt":"","sfsi_plus_gutenburg_max_per_row":"","footnotes":"","_links_to":"","_links_to_target":""},"categories":[5184,3,8],"tags":[6997,7000,6998,6999,1216],"class_list":["post-36594","post","type-post","status-publish","format-standard","has-post-thumbnail","hentry","category-calendario-concerti","category-news","category-uscite","tag-carl-brave-x-franco-126","tag-fondazione-villa-bertelli","tag-leg-srl","tag-polaroid","tag-the-cage"],"aioseo_notices":[],"_links":{"self":[{"href":"https:\/\/www.piuomenopop.it\/index.php\/wp-json\/wp\/v2\/posts\/36594","targetHints":{"allow":["GET"]}}],"collection":[{"href":"https:\/\/www.piuomenopop.it\/index.php\/wp-json\/wp\/v2\/posts"}],"about":[{"href":"https:\/\/www.piuomenopop.it\/index.php\/wp-json\/wp\/v2\/types\/post"}],"author":[{"embeddable":true,"href":"https:\/\/www.piuomenopop.it\/index.php\/wp-json\/wp\/v2\/users\/1"}],"replies":[{"embeddable":true,"href":"https:\/\/www.piuomenopop.it\/index.php\/wp-json\/wp\/v2\/comments?post=36594"}],"version-history":[{"count":3,"href":"https:\/\/www.piuomenopop.it\/index.php\/wp-json\/wp\/v2\/posts\/36594\/revisions"}],"predecessor-version":[{"id":36598,"href":"https:\/\/www.piuomenopop.it\/index.php\/wp-json\/wp\/v2\/posts\/36594\/revisions\/36598"}],"wp:featuredmedia":[{"embeddable":true,"href":"https:\/\/www.piuomenopop.it\/index.php\/wp-json\/wp\/v2\/media\/36595"}],"wp:attachment":[{"href":"https:\/\/www.piuomenopop.it\/index.php\/wp-json\/wp\/v2\/media?parent=36594"}],"wp:term":[{"taxonomy":"category","embeddable":true,"href":"https:\/\/www.piuomenopop.it\/index.php\/wp-json\/wp\/v2\/categories?post=36594"},{"taxonomy":"post_tag","embeddable":true,"href":"https:\/\/www.piuomenopop.it\/index.php\/wp-json\/wp\/v2\/tags?post=36594"}],"curies":[{"name":"wp","href":"https:\/\/api.w.org\/{rel}","templated":true}]}}