{"id":36601,"date":"2018-07-13T17:40:32","date_gmt":"2018-07-13T15:40:32","guid":{"rendered":"http:\/\/www.piuomenopop.it\/?p=36601"},"modified":"2018-08-13T17:43:56","modified_gmt":"2018-08-13T15:43:56","slug":"einsturzende-neubauten-deus-e-blonde-redhead-il-1-settembre-a-prato","status":"publish","type":"post","link":"https:\/\/www.piuomenopop.it\/index.php\/2018\/07\/13\/einsturzende-neubauten-deus-e-blonde-redhead-il-1-settembre-a-prato\/","title":{"rendered":"Einsturzende Neubauten &#8211; dEUS e Blonde redhead il 1 Settembre a Prato"},"content":{"rendered":"<p><img loading=\"lazy\" decoding=\"async\" class=\"aligncenter wp-image-36602 size-full\" src=\"http:\/\/www.piuomenopop.it\/wp-content\/uploads\/2018\/08\/prato-Small.jpg\" alt=\"\" width=\"854\" height=\"447\" srcset=\"https:\/\/www.piuomenopop.it\/wp-content\/uploads\/2018\/08\/prato-Small.jpg 854w, https:\/\/www.piuomenopop.it\/wp-content\/uploads\/2018\/08\/prato-Small-300x157.jpg 300w, https:\/\/www.piuomenopop.it\/wp-content\/uploads\/2018\/08\/prato-Small-768x402.jpg 768w\" sizes=\"auto, (max-width: 854px) 100vw, 854px\" \/><\/p>\n<p style=\"text-align: center;\"><strong>1 settembre 2018<\/strong><br \/>\n<strong>Settembre|Prato \u00e8 Spettacolo\u00a0<\/strong><br \/>\n<strong>in collaborazione con Comune di Prato<\/strong><br \/>\n<strong>Piazza Duomo &#8211; Prato (Italy)<\/strong><\/p>\n<p style=\"text-align: center;\"><strong>Einst\u00fcrzende Neubauten<\/strong><br \/>\n<strong>+<\/strong><br \/>\n<strong>dEUS<\/strong><br \/>\n<strong>+<\/strong><br \/>\n<strong>Blonde Redhead<\/strong><\/p>\n<p style=\"text-align: center;\">Biglietti su\u00a0<a href=\"https:\/\/www.facebook.com\/TicketOneIT\/\" target=\"_blank\" rel=\"noopener\">TicketOne<\/a>\u00a0e\u00a0<a href=\"https:\/\/www.facebook.com\/boxoffice.toscana\/\" target=\"_blank\" rel=\"noopener\">Boxoffice Toscana<\/a>\u00a0dalle 12 del 27 Aprile<br \/>\nInfo: 0574603376 &#8211;\u00a0<a href=\"https:\/\/l.facebook.com\/l.php?u=http%3A%2F%2Fwww.settembreprato.it%2F&amp;h=AT0RwN3wbOUWxIe3sGKoE3ZlGOplxTA7jv05OU0GOPhCxZxwvWzkqnqI46Kj-IyvUrvnlSxYng4-zHnCdvXJWMxsqLzWEgmBN-SZyWVSPTXci86fAQkadETH1Fh4hv224ahK\" target=\"_blank\" rel=\"nofollow noopener\" data-lynx-mode=\"hover\">www.settembreprato.it<\/a><\/p>\n<p>Forse pi\u00f9 che concerto potrebbe essere definito l&#8217;evento rock dell&#8217;estate. Nella tradizione del <a href=\"https:\/\/www.facebook.com\/settembrepratoespettacolo\/\" target=\"_blank\" rel=\"noopener\"><strong>Festival Settembre|Prato \u00e8 Spettacolo<\/strong><\/a> non poteva mancare l&#8217;evento speciale che prevede quest&#8217;anno tre headliner sullo stesso palco.<\/p>\n<p>\u200b\u200bI gruppi sono tre fra i pi\u00f9 interessanti nomi della scena internazionale, insieme per la prima volta per una data imperdibile. Per gli Einsturzende Neubauten e per i Blonde Redhead si tratta inoltre dell&#8217;unica data in Italia.<br \/>\nCinque ore di live\u200b \u200bper una serata destinata a restare\u200b \u200bnei cuori dei cultori del rock.<\/p>\n<p><strong>Einst\u00fcrzende Neubauten<\/strong><\/p>\n<p>Gli Einst\u00fcrzende Neubauten sono una delle poche band tedesche che trasmettono a livello internazionale, un impulso genuino attraverso il loro mix di tendenza. Hanno influenzato numerose altre band e generi artistici &#8211; dal teatro danza alle arti visive; e fino ai nostri giorni, sono stati anche fonte d\u2019ispirazione per film &#8211; da Schlingensief a Tarantino.<\/p>\n<p>Il frontman del gruppo, Blixa Bargeld, pseudonimo di Christian Emmerich, \u00e8 un chitarrista e cantante diventato una vera e propria icona della scena internazionale . Artista poliedrico, \u00e8 conosciuto principalmente per la sua attivit\u00e0 di musicista con gli Einst\u00fcrzende e con Nick Cave and the Bad Seeds.<\/p>\n<p>Sebbene in principio la band venisse derisa dai media che la definiva una bizzarra &#8220;curiosit\u00e0 nella citt\u00e0 divisa,&#8221; si \u00e8 rapidamente affermata in tutto il mondo come una delle grandi realt\u00e0 contemporanea e della cultura pop. Gli EINST\u00dcRZENDE NEUBAUTEN hanno influenzato un&#8217;intera generazione e ancora oggi vengono presi come modelli da seguire per l&#8217;arte del suono sperimentale e performativa.<\/p>\n<p>Caratterizzati dall\u2019originale e radicale ridefinizione del termine &#8220;musica&#8221;, gli Einst\u00fcrzende Neubauten prendono spesso parte ad insolite e pionieristiche collaborazioni, come per esempio quella con il regista giapponese Sogho Iishi. La band ha anche condiviso esperienze di vasta portata attraverso progetti teatrali con registi noti e drammaturghi, tra cui Peter Zadek, Heiner M\u00fcller e Leander Haussmann, il tutto euforicamente documentato dalla stampa dell&#8217;arte.<\/p>\n<p>In due decenni di carriera, i belgi dEUS, hanno forgiato un sound eccentrico e spiazzante, che pesca un po&#8217; ovunque, dall&#8217;art-rock di Captain Beefheart e Frank Zappa all&#8217;energia di Pixies e Sonic Youth, fino al guitar pop d&#8217;autore dei loro lavori pi\u00f9 recenti.Possono essere considerati il pi\u00f9 importante gruppo belga indie e la prima band che in Belgio ha firmato con una grande etichetta internazionale. Hanno ottenuto il plauso mondiale per il loro album di esordio che ha saldato il blues della stanza da bar di Tom Waits al rock dei Pavement.<\/p>\n<p>\u200b\u200b\u200bOltre al violinista \/ tastierista Klaas Janzoons, il frontman Tom Barman rimane l&#8217;unico membro costante della band. Barman, oltre che cantante del gruppo, \u00e8 un apprezzato regista.<\/p>\n<p><strong>Blonde Redhead<\/strong><\/p>\n<p>Non sono molte le band in grado di gestire carriere molto lunghe senza mai smettere di evolversi e anzi, continuando a esplorare, di album in album, nuovi territori. I Blonde Redhead meritano un posto nella categoria: in quasi 25 anni di attivit\u00e0 l&#8217;acclamato gruppo di New York \u00e8 passato dal rock noise degli esordi al raffinato dream pop di &#8220;Misery Is A Butterfly&#8221;, per arrivare alle sensuali trame elettroniche dell&#8217;ultimo album in studio, &#8220;Barrag\u00e1n&#8221;, del 2014.<\/p>\n<p>Ora \u00e8 il momento di un nuovo passo in avanti, o forse sarebbe meglio dire di lato, perch\u00e9, pur nella variet\u00e0 di stile, il terzetto ha sempre saputo conservare una personalit\u00e0 e un&#8217;identit\u00e0 uniche e ben riconoscibili. Reduci dalla pubblicazione, tra il settembre e l&#8217;ottobre 2016, del cofanetto &#8220;Masculin F\u00e9minin&#8221; e del disco di remix &#8220;Freedom of Expression on Barrag\u00e1n&#8221;, la giapponese Kazu Makino e i gemelli italo-americani Amedeo e Simone Pace sono tornati con l&#8217;EP &#8220;3 O&#8217;Clock&#8221;,uscito nel 2017 per la loro etichetta Asa Wa Kuru in licenza esclusiva a Ponderosa Music &amp; Art.<\/p>\n<p>I Blonde Redhead sono sicuramente una mosca bianca nel panorama indieamericano degli ultimi anni. Newyorkesi per adozione e attitudine (il nome paga pegno alla no wave dei Dna), sin dagli esordi in stile Sonic Youth sotto il marchio della Smell Like Records di Steve Shelley, sono stati protagonisti di un percorso musicale che li ha visti nella seconda met\u00e0 dei 90 scrivere per la Touch And Go importanti capitoli del noise-rock, fino a virare poi verso un pop acido sotto l&#8217;egida della 4AD.<\/p>\n","protected":false},"excerpt":{"rendered":"<div class=\"mh-excerpt\"><p>1 settembre 2018 Settembre|Prato \u00e8 Spettacolo\u00a0 in collaborazione con Comune di Prato Piazza Duomo &#8211; Prato (Italy) Einst\u00fcrzende Neubauten + dEUS + Blonde Redhead Biglietti <a class=\"mh-excerpt-more\" href=\"https:\/\/www.piuomenopop.it\/index.php\/2018\/07\/13\/einsturzende-neubauten-deus-e-blonde-redhead-il-1-settembre-a-prato\/\" title=\"Einsturzende Neubauten &#8211; dEUS e Blonde redhead il 1 Settembre a Prato\">[&#8230;]<\/a><\/p>\n<\/div>","protected":false},"author":1,"featured_media":36602,"comment_status":"closed","ping_status":"closed","sticky":false,"template":"","format":"standard","meta":{"sfsi_plus_gutenberg_text_before_share":"","sfsi_plus_gutenberg_show_text_before_share":"","sfsi_plus_gutenberg_icon_type":"","sfsi_plus_gutenberg_icon_alignemt":"","sfsi_plus_gutenburg_max_per_row":"","footnotes":"","_links_to":"","_links_to_target":""},"categories":[5184,730,3],"tags":[619,2835,2380],"class_list":["post-36601","post","type-post","status-publish","format-standard","has-post-thumbnail","hentry","category-calendario-concerti","category-festival","category-news","tag-blonde-redhead","tag-deus","tag-einsturzende-neubauten"],"aioseo_notices":[],"_links":{"self":[{"href":"https:\/\/www.piuomenopop.it\/index.php\/wp-json\/wp\/v2\/posts\/36601","targetHints":{"allow":["GET"]}}],"collection":[{"href":"https:\/\/www.piuomenopop.it\/index.php\/wp-json\/wp\/v2\/posts"}],"about":[{"href":"https:\/\/www.piuomenopop.it\/index.php\/wp-json\/wp\/v2\/types\/post"}],"author":[{"embeddable":true,"href":"https:\/\/www.piuomenopop.it\/index.php\/wp-json\/wp\/v2\/users\/1"}],"replies":[{"embeddable":true,"href":"https:\/\/www.piuomenopop.it\/index.php\/wp-json\/wp\/v2\/comments?post=36601"}],"version-history":[{"count":2,"href":"https:\/\/www.piuomenopop.it\/index.php\/wp-json\/wp\/v2\/posts\/36601\/revisions"}],"predecessor-version":[{"id":36604,"href":"https:\/\/www.piuomenopop.it\/index.php\/wp-json\/wp\/v2\/posts\/36601\/revisions\/36604"}],"wp:featuredmedia":[{"embeddable":true,"href":"https:\/\/www.piuomenopop.it\/index.php\/wp-json\/wp\/v2\/media\/36602"}],"wp:attachment":[{"href":"https:\/\/www.piuomenopop.it\/index.php\/wp-json\/wp\/v2\/media?parent=36601"}],"wp:term":[{"taxonomy":"category","embeddable":true,"href":"https:\/\/www.piuomenopop.it\/index.php\/wp-json\/wp\/v2\/categories?post=36601"},{"taxonomy":"post_tag","embeddable":true,"href":"https:\/\/www.piuomenopop.it\/index.php\/wp-json\/wp\/v2\/tags?post=36601"}],"curies":[{"name":"wp","href":"https:\/\/api.w.org\/{rel}","templated":true}]}}