{"id":37127,"date":"2018-08-20T16:07:01","date_gmt":"2018-08-20T14:07:01","guid":{"rendered":"http:\/\/www.piuomenopop.it\/?p=37127"},"modified":"2018-08-21T10:08:46","modified_gmt":"2018-08-21T08:08:46","slug":"cucufestival-2018-dal-23-al-26-agosto-la-nuova-edizione-del-festival-internazionale-dellarte-di-strada-a-roana-e-frazioni","status":"publish","type":"post","link":"https:\/\/www.piuomenopop.it\/index.php\/2018\/08\/20\/cucufestival-2018-dal-23-al-26-agosto-la-nuova-edizione-del-festival-internazionale-dellarte-di-strada-a-roana-e-frazioni\/","title":{"rendered":"cuCufestival 2018 &#8211; dal 23 al 26 agosto la nuova edizione del Festival Internazionale dell&#8217;Arte di Strada a Roana e frazioni"},"content":{"rendered":"<p style=\"text-align: center;\"><strong>23 &#8211; 26 agosto 2018<\/strong><br \/>\n<strong>Altopiano dei Sette Comuni<\/strong><\/p>\n<p>&nbsp;<\/p>\n<p><a href=\"http:\/\/www.dafenproject.it\/wp-content\/uploads\/2018\/08\/cucufestival.png\"><img loading=\"lazy\" decoding=\"async\" class=\"size-medium wp-image-32747 aligncenter\" src=\"http:\/\/www.dafenproject.it\/wp-content\/uploads\/2018\/08\/cucufestival-288x400.png\" alt=\"\" width=\"288\" height=\"400\" \/><\/a><br \/>\nDal 23 al 26 agosto, <strong>Roana (VI)<\/strong> e le sue frazioni si animeranno con la nuova edizione dello storico cuCufestival per quattro giornate ricche di spettacoli itineranti in sei location dell\u2019<strong>Altopiano vicentino<\/strong> con <strong>undici artisti<\/strong> che delizieranno il pubblico con la loro arte di strada.<br \/>\nIl festival, che fa parte della <strong>rete U.F.B. (United for Busking)<\/strong>, sar\u00e0 anche quest\u2019anno sotto la direzione artistica di <strong>Marco Caldiron<\/strong>, dell\u2019<strong>associazione culturale Carichi Sospesi<\/strong> di Padova.<\/p>\n<p>Tra i luoghi deputati per la manifestazione la piazza centrale di<strong> Tresch\u00e8 Conca, il PalaCiclamino di Cesuna, Piazza San Marco a Canove, Camporovere, il Parco Selvart di Mezzaselva e Roana<\/strong>, con la chiusura dell\u2019evento in P<strong>iazza Santa Giustina<\/strong>.<\/p>\n<p>L\u2019apertura di gioved\u00ec 23 \u00e8 affidata al collettivo artistico spagnolo <strong>Od\u00e9 Zul\u00e9<\/strong> che presenter\u00e0 il nuovo spettacolo musicale <strong>Bohemios de Pocas Luces<\/strong>, un mix tra classici e canzoni originali che richiamano le <strong>musiche folkloristiche spagnole<\/strong>: un omaggio al teatro tradizionale e alle danze madrileni, che d\u00e0 vita a una performance multimediale, muovendosi tra giocoleria, clownerie e pittura.<br \/>\nLa compagnia <strong>Clap Clap Circo<\/strong>, composta dall\u2019uruguaiana <strong>Irene Carrer<\/strong> e dall\u2019argentino <strong>Joaquin Caride<\/strong>, si esibir\u00e0 con <strong>Gulp<\/strong>, un coinvolgente e divertente spettacolo di circo-teatro a base di giocoleria, magia e hula hoop!<\/p>\n<p>Presente, dalla Svizzera, anche la compagnia <strong>Compagnia Baccal\u00e0<\/strong> con Pss Pss, la <strong>performance vincitrice di ben 12 premi internazionali<\/strong> che, attraverso il linguaggio del corpo e dello sguardo, incanta e diverte, trascinando il pubblico in una dimensione senza tempo, con tutta la gravit\u00e0, l\u2019innocenza e la crudelt\u00e0 dell\u2019essere.<\/p>\n<p>Vincitore di vari premi nazionali anche <strong>Hanger?<\/strong>, dell\u2019italiano Mario Levis, che con la sua abilit\u00e0 animer\u00e0 oggetti di uso comune dando vita a un delizioso spettacolo di clownerie.<br \/>\n<strong>The strings of music<\/strong> sar\u00e0 lo spettacolo della compagnia greca <strong>Antamapantahou<\/strong>: una divertente serie di quadri musicali, eseguiti da 11 marionette di legno e cartapesta e da attori\/marionettisti, che combineranno mimo, teatro di figura e commedia dell&#8217;arte per creare un vero e proprio concerto di musiche dal Mondo.<br \/>\nIl singolare ensemble \u00e8 composto da un percussionista folk, una danzatrice del ventre, un fisarmonicista, un cantante zigano, un suonatore di Ud, tre violinisti, un chitarrista, la rock band &#8220;The Strings&#8221; e un cantante country.<\/p>\n<p><strong>Lost in Translation Circus<\/strong>, una delle compagnie di punta del circo contemporaneo inglese, presenter\u00e0 il suo spettacolo di acrobatica, circo e danza: e se il palcoscenico fosse l\u2019unico luogo in cui un artista pu\u00f2 essere se stesso? D\u2019Embl\u00e9e prova a rispondere a questa domanda, giocando con le mille maschere che ognuno di noi indossa nella vita di tutti i giorni. Il loro stile unico, accolto con entusiasmo dalle platee di tutt\u2019Europa, unisce delicate drammaturgie teatrali, dinamici ed elettrizzanti numeri circensi di altissimo livello e un sense of humor che \u00e8 ormai il loro marchio di fabbrica.<br \/>\nDopo aver vinto numerose competizioni in Giappone, arriveranno al cuCufestival i Witty Look, con la loro performance che rappresenta il mondo dei cartoni animati attraverso abilit\u00e0 acrobatiche di alto livello.<\/p>\n<p>Immancabile lo spettacolo di fuoco visivo e scenico: gli<strong> IgniFeri<\/strong> presenteranno la loro performance vulcanica!<br \/>\n<strong>Lea Legrand<\/strong> interpreter\u00e0 La Chute: il personaggio rivive la propria autobiografia deformata dal tempo, consunta dai ricordi. La performance acrobatica si posiziona, con leggerezza e ironia, in uno spazio tra ragione e follia.<\/p>\n<p>La grande novit\u00e0 di quest\u2019anno riguarda gli attori del <strong>Silence Teatre<\/strong>, che prenderanno possesso del bosco, al tramonto, nella suggestiva localit\u00e0 di Selvart, con il loro spettacolo itinerante, sotto forma di angeli, offrendo al pubblico la possibilit\u00e0 di assaporare la straniante bellezza del sogno.<\/p>\n<p>Infine, un atteso contributo dalla Francia: la <strong>Compagnie Les T\u00eates B\u00eaches<\/strong>, in prima assoluta in Italia. Due donne, un musicista, un albero e un incontro: da corpo a corpo, una performance emozionante tra il circo e la danza aerea.<\/p>\n<p style=\"text-align: center;\"><a href=\"http:\/\/www.dafenproject.it\/wp-content\/uploads\/2018\/08\/compagnia_baccala__.jpg\"><img loading=\"lazy\" decoding=\"async\" class=\"alignnone wp-image-32746 size-large\" src=\"http:\/\/www.dafenproject.it\/wp-content\/uploads\/2018\/08\/compagnia_baccala__-800x478.jpg\" alt=\"\" width=\"795\" height=\"475\" \/><\/a><\/p>\n<p style=\"text-align: center;\"><span style=\"text-decoration: underline;\"><strong>PROGRAMMA<\/strong><\/span><\/p>\n<p style=\"text-align: center;\"><strong>gioved\u00ec 23<\/strong><br \/>\nTresch\u00e8 Conca<br \/>\n18.30 &#8211; Witty Look<\/p>\n<p style=\"text-align: center;\">21 &#8211; Od\u00e9 Zul\u00e9<br \/>\n22 &#8211; Clap Clap Circo<br \/>\n22.45 &#8211; IgniFeri<\/p>\n<p style=\"text-align: center;\"><strong>venerd\u00ec 24<\/strong><br \/>\nCesuna | PalaCiclamino<br \/>\n18 &#8211; Witty Look<br \/>\n18.30 &#8211; Clap Clap Circo<br \/>\n20.45 &#8211; Lost in Translation Circus<br \/>\n21.30 &#8211; Compagnia Baccal\u00e0<br \/>\n22.15 &#8211; IgniFeri<br \/>\n22.45 &#8211; Od\u00e9 Zul\u00e9<\/p>\n<p style=\"text-align: center;\"><strong>sabato 25<\/strong><br \/>\nCamporovere \/Campo Schettinaggio<br \/>\n18 &#8211; Antamapantahou<br \/>\n18.30 &#8211; Lea Legrand<\/p>\n<p style=\"text-align: center;\">Canove | Piazza San Marco<br \/>\n20.45 &#8211; Mario Levis<br \/>\n21.30 &#8211; Compagnia Baccal\u00e0<br \/>\n22.15 &#8211; Antamapantahou<br \/>\n22.45 &#8211; Witty Look<\/p>\n<p style=\"text-align: center;\"><strong>domenica 26<\/strong><br \/>\nMezzaselva \/Parco SelvArt<br \/>\n18.20 &#8211; Silence Teatre (itinerante)<br \/>\n18.30 &#8211; Mario Levis<br \/>\n19 &#8211; Compagnie Les T\u00eates B\u00eaches<\/p>\n<p style=\"text-align: center;\">Roana | Piazza Santa Giustina<br \/>\n21 &#8211; \u00a0Antamapantahou<br \/>\n21.30 &#8211; Lost in Traslation<br \/>\n22.15 &#8211; Lea Legrand<\/p>\n","protected":false},"excerpt":{"rendered":"<div class=\"mh-excerpt\"><p>23 &#8211; 26 agosto 2018 Altopiano dei Sette Comuni &nbsp; Dal 23 al 26 agosto, Roana (VI) e le sue frazioni si animeranno con la <a class=\"mh-excerpt-more\" href=\"https:\/\/www.piuomenopop.it\/index.php\/2018\/08\/20\/cucufestival-2018-dal-23-al-26-agosto-la-nuova-edizione-del-festival-internazionale-dellarte-di-strada-a-roana-e-frazioni\/\" title=\"cuCufestival 2018 &#8211; dal 23 al 26 agosto la nuova edizione del Festival Internazionale dell&#8217;Arte di Strada a Roana e frazioni\">[&#8230;]<\/a><\/p>\n<\/div>","protected":false},"author":1,"featured_media":37130,"comment_status":"closed","ping_status":"closed","sticky":false,"template":"","format":"standard","meta":{"sfsi_plus_gutenberg_text_before_share":"","sfsi_plus_gutenberg_show_text_before_share":"","sfsi_plus_gutenberg_icon_type":"","sfsi_plus_gutenberg_icon_alignemt":"","sfsi_plus_gutenburg_max_per_row":"","footnotes":"","_links_to":"","_links_to_target":""},"categories":[3],"tags":[7047,7043,7045,7046,7052,7049,7050,7048,7041,4760,7044,7042,7051],"class_list":["post-37127","post","type-post","status-publish","format-standard","has-post-thumbnail","hentry","category-news","tag-antamapantahou","tag-associazione-culturale-carichi-sospesi","tag-clap-clap-circo","tag-compagnia-baccala","tag-compagnie-les-tetes-beches","tag-igniferi","tag-lea-legrand","tag-lost-in-translation-circus","tag-marco-caldiron","tag-marte-label","tag-ode-zule","tag-rete-u-f-b","tag-silence-teatre"],"aioseo_notices":[],"_links":{"self":[{"href":"https:\/\/www.piuomenopop.it\/index.php\/wp-json\/wp\/v2\/posts\/37127","targetHints":{"allow":["GET"]}}],"collection":[{"href":"https:\/\/www.piuomenopop.it\/index.php\/wp-json\/wp\/v2\/posts"}],"about":[{"href":"https:\/\/www.piuomenopop.it\/index.php\/wp-json\/wp\/v2\/types\/post"}],"author":[{"embeddable":true,"href":"https:\/\/www.piuomenopop.it\/index.php\/wp-json\/wp\/v2\/users\/1"}],"replies":[{"embeddable":true,"href":"https:\/\/www.piuomenopop.it\/index.php\/wp-json\/wp\/v2\/comments?post=37127"}],"version-history":[{"count":2,"href":"https:\/\/www.piuomenopop.it\/index.php\/wp-json\/wp\/v2\/posts\/37127\/revisions"}],"predecessor-version":[{"id":37132,"href":"https:\/\/www.piuomenopop.it\/index.php\/wp-json\/wp\/v2\/posts\/37127\/revisions\/37132"}],"wp:featuredmedia":[{"embeddable":true,"href":"https:\/\/www.piuomenopop.it\/index.php\/wp-json\/wp\/v2\/media\/37130"}],"wp:attachment":[{"href":"https:\/\/www.piuomenopop.it\/index.php\/wp-json\/wp\/v2\/media?parent=37127"}],"wp:term":[{"taxonomy":"category","embeddable":true,"href":"https:\/\/www.piuomenopop.it\/index.php\/wp-json\/wp\/v2\/categories?post=37127"},{"taxonomy":"post_tag","embeddable":true,"href":"https:\/\/www.piuomenopop.it\/index.php\/wp-json\/wp\/v2\/tags?post=37127"}],"curies":[{"name":"wp","href":"https:\/\/api.w.org\/{rel}","templated":true}]}}