{"id":37417,"date":"2018-08-24T11:30:43","date_gmt":"2018-08-24T09:30:43","guid":{"rendered":"http:\/\/www.piuomenopop.it\/?p=37417"},"modified":"2018-08-24T10:53:28","modified_gmt":"2018-08-24T08:53:28","slug":"eva-presentano-blithe-al-grido-di-questestate-e-una-bugia","status":"publish","type":"post","link":"https:\/\/www.piuomenopop.it\/index.php\/2018\/08\/24\/eva-presentano-blithe-al-grido-di-questestate-e-una-bugia\/","title":{"rendered":"EVA PRESENTANO BLITHE AL GRIDO DI \u201cQUEST\u2019ESTATE \u00c8 UNA  BUGIA\u201d"},"content":{"rendered":"<p style=\"text-align: justify;\"><img loading=\"lazy\" decoding=\"async\" class=\"size-medium wp-image-37420 aligncenter\" src=\"http:\/\/www.piuomenopop.it\/wp-content\/uploads\/2018\/08\/EVA-BLITHE-300x169.jpg\" alt=\"\" width=\"300\" height=\"169\" srcset=\"https:\/\/www.piuomenopop.it\/wp-content\/uploads\/2018\/08\/EVA-BLITHE-300x169.jpg 300w, https:\/\/www.piuomenopop.it\/wp-content\/uploads\/2018\/08\/EVA-BLITHE-678x381.jpg 678w, https:\/\/www.piuomenopop.it\/wp-content\/uploads\/2018\/08\/EVA-BLITHE-768x432.jpg 768w, https:\/\/www.piuomenopop.it\/wp-content\/uploads\/2018\/08\/EVA-BLITHE-243x136.jpg 243w, https:\/\/www.piuomenopop.it\/wp-content\/uploads\/2018\/08\/EVA-BLITHE.jpg 1000w\" sizes=\"auto, (max-width: 300px) 100vw, 300px\" \/><\/p>\n<p>&nbsp;<\/p>\n<p style=\"text-align: justify;\">Il tempo di quest\u2019estate sta per terminare, ma cosa ci rimarr\u00e0 veramente, cosa ricorderemo di questi mesi? Rimarr\u00e0 qualcosa dei pi\u00f9 bei momenti che abbiamo vissuto con le persone che amiamo, o \u00e8 semplicemente solo tutta una bugia?<\/p>\n<p style=\"text-align: justify;\">Proveranno gli <a href=\"https:\/\/www.facebook.com\/EvilVictimsArise\/\"><strong>EVA<\/strong><\/a> (Evil Victims Arise) ad interpretare questo pensiero. <strong>Blithe<\/strong>, l\u2019ultimo lavoro di questa band \u00e8 ormai pronto per farsi ascoltare e per suonare nelle cuffiette di ciascuno di noi dal 27 agosto. Non vogliamo svelarvi niente, se non che si tratta di un intrigante viaggio nel ricordo e nella nostalgia di ci\u00f2 che \u00e8 stato ed \u00e8 rimasto, nel cuore e nella mente, di un\u2019estate.<\/p>\n<p style=\"text-align: justify;\">Sintonizziamoci tutti sui canali social di questa band che dal 27 agosto, con l\u2019uscita mondiale del singolo Blithe, prodotto da <strong>BlanKo Records<\/strong>, su tutti gli store online e le piattaforme digitali di streaming, e del video ufficiale, realizzato da Ocular, sul proprio canale YouTube, sta per raccontarci una storia comune a noi tutti ma secondo un punto di vista totalmente innovativo.<\/p>\n<p style=\"text-align: justify;\">Questa estate \u00e8 una bugia? Chi lo sa? Dopo l\u2019album Far Enough, prepariamoci ad ascoltare Blithe, dal 27 agosto, per conoscere meglio gli EVA e la loro musica, in attesa di ci\u00f2 che verr\u00e0 dopo. Ma cosa ci sar\u00e0, dopo? Un passo alla volta, per il momento gustiamoci Blithe.<\/p>\n","protected":false},"excerpt":{"rendered":"<div class=\"mh-excerpt\"><p>&nbsp; Il tempo di quest\u2019estate sta per terminare, ma cosa ci rimarr\u00e0 veramente, cosa ricorderemo di questi mesi? Rimarr\u00e0 qualcosa dei pi\u00f9 bei momenti che <a class=\"mh-excerpt-more\" href=\"https:\/\/www.piuomenopop.it\/index.php\/2018\/08\/24\/eva-presentano-blithe-al-grido-di-questestate-e-una-bugia\/\" title=\"EVA PRESENTANO BLITHE AL GRIDO DI \u201cQUEST\u2019ESTATE \u00c8 UNA  BUGIA\u201d\">[&#8230;]<\/a><\/p>\n<\/div>","protected":false},"author":1,"featured_media":37420,"comment_status":"closed","ping_status":"closed","sticky":false,"template":"","format":"standard","meta":{"sfsi_plus_gutenberg_text_before_share":"","sfsi_plus_gutenberg_show_text_before_share":"","sfsi_plus_gutenberg_icon_type":"","sfsi_plus_gutenberg_icon_alignemt":"","sfsi_plus_gutenburg_max_per_row":"","footnotes":"","_links_to":"","_links_to_target":""},"categories":[3,8],"tags":[6557,7099,5286,7098],"class_list":["post-37417","post","type-post","status-publish","format-standard","has-post-thumbnail","hentry","category-news","category-uscite","tag-blanko-records","tag-blithe","tag-eva","tag-evil-victims-arise"],"aioseo_notices":[],"_links":{"self":[{"href":"https:\/\/www.piuomenopop.it\/index.php\/wp-json\/wp\/v2\/posts\/37417","targetHints":{"allow":["GET"]}}],"collection":[{"href":"https:\/\/www.piuomenopop.it\/index.php\/wp-json\/wp\/v2\/posts"}],"about":[{"href":"https:\/\/www.piuomenopop.it\/index.php\/wp-json\/wp\/v2\/types\/post"}],"author":[{"embeddable":true,"href":"https:\/\/www.piuomenopop.it\/index.php\/wp-json\/wp\/v2\/users\/1"}],"replies":[{"embeddable":true,"href":"https:\/\/www.piuomenopop.it\/index.php\/wp-json\/wp\/v2\/comments?post=37417"}],"version-history":[{"count":2,"href":"https:\/\/www.piuomenopop.it\/index.php\/wp-json\/wp\/v2\/posts\/37417\/revisions"}],"predecessor-version":[{"id":37421,"href":"https:\/\/www.piuomenopop.it\/index.php\/wp-json\/wp\/v2\/posts\/37417\/revisions\/37421"}],"wp:featuredmedia":[{"embeddable":true,"href":"https:\/\/www.piuomenopop.it\/index.php\/wp-json\/wp\/v2\/media\/37420"}],"wp:attachment":[{"href":"https:\/\/www.piuomenopop.it\/index.php\/wp-json\/wp\/v2\/media?parent=37417"}],"wp:term":[{"taxonomy":"category","embeddable":true,"href":"https:\/\/www.piuomenopop.it\/index.php\/wp-json\/wp\/v2\/categories?post=37417"},{"taxonomy":"post_tag","embeddable":true,"href":"https:\/\/www.piuomenopop.it\/index.php\/wp-json\/wp\/v2\/tags?post=37417"}],"curies":[{"name":"wp","href":"https:\/\/api.w.org\/{rel}","templated":true}]}}