{"id":37532,"date":"2018-08-27T18:30:25","date_gmt":"2018-08-27T16:30:25","guid":{"rendered":"http:\/\/www.piuomenopop.it\/?p=37532"},"modified":"2018-08-27T19:42:06","modified_gmt":"2018-08-27T17:42:06","slug":"dal-20-al-22-settembre-torna-nextech-festival-in-consolle-il-meglio-dellelettronica-internazionale","status":"publish","type":"post","link":"https:\/\/www.piuomenopop.it\/index.php\/2018\/08\/27\/dal-20-al-22-settembre-torna-nextech-festival-in-consolle-il-meglio-dellelettronica-internazionale\/","title":{"rendered":"Dal 20 al 22 settembre torna Nextech Festival, in consolle il meglio dell&#8217;elettronica internazionale"},"content":{"rendered":"<p><img loading=\"lazy\" decoding=\"async\" class=\"aligncenter wp-image-37533 size-full\" src=\"http:\/\/www.piuomenopop.it\/wp-content\/uploads\/2018\/08\/bh50italy-lr-0001.jpg\" alt=\"\" width=\"1000\" height=\"667\" srcset=\"https:\/\/www.piuomenopop.it\/wp-content\/uploads\/2018\/08\/bh50italy-lr-0001.jpg 1000w, https:\/\/www.piuomenopop.it\/wp-content\/uploads\/2018\/08\/bh50italy-lr-0001-300x200.jpg 300w, https:\/\/www.piuomenopop.it\/wp-content\/uploads\/2018\/08\/bh50italy-lr-0001-768x512.jpg 768w\" sizes=\"auto, (max-width: 1000px) 100vw, 1000px\" \/><\/p>\n<p>&nbsp;<\/p>\n<div style=\"text-align: center;\">Atomic Event, Musicus Concentus, Reflex Culture e Tin\u00ec<\/div>\n<div style=\"text-align: center;\">con il supporto dell&#8217;Estate Fiorentina 2018 presentano<\/div>\n<div style=\"text-align: center;\"><\/div>\n<div style=\"text-align: center;\"><strong><span style=\"font-size: large;\">NEXTECH FESTIVAL\u00a0<\/span><\/strong><\/div>\n<div style=\"text-align: center;\"><strong>XII edizione\u00a0<\/strong><\/div>\n<div style=\"text-align: center;\"><span style=\"font-size: large;\">\u00a0<\/span><\/div>\n<div style=\"text-align: center;\"><span style=\"font-size: large;\">\u00a020\/21\/22 settembre 2018 \u2013 Firenze<\/span><\/div>\n<div style=\"text-align: center;\">La Compagnia \/ Club 21 \/ Fortezza Da Basso<\/div>\n<div style=\"text-align: center;\">prevendite: Box Office, Tin\u00ec<\/div>\n<div style=\"text-align: center;\"><a href=\"http:\/\/www.nextechfestival.com\/\" target=\"_blank\" rel=\"noopener\" data-saferedirecturl=\"https:\/\/www.google.com\/url?q=http:\/\/www.nextechfestival.com&amp;source=gmail&amp;ust=1535465773930000&amp;usg=AFQjCNGOjXDQXTg1398XRAnDaebTCaUleg\">www.nextechfestival.com<\/a><\/div>\n<div><\/div>\n<div><\/div>\n<div>\n<div style=\"text-align: justify;\"><span style=\"font-size: large;\"><b>Amelie Lens, Booka Shade [live], Demdike Stare w\/ Michael England,\u00a0<\/b><\/span><span style=\"font-size: large;\"><b>Joy Kitikonti, OZmotic, Teo Naddi, Wooden Crate<\/b><\/span><\/div>\n<div style=\"text-align: justify;\"><\/div>\n<div style=\"text-align: justify;\"><\/div>\n<div style=\"text-align: justify;\"><\/div>\n<div style=\"text-align: justify;\"><b>Firenze, 27 agosto 2018<\/b>\u00a0&#8211; Sono tutte \u201cperle\u201d quelle che Nextech porta in dote per questa sua XII edizione, a Firenze il 20, 21 e 22 settembre fra La Compagnia, la nuova location Club 21 e la Fortezza Da Basso.<\/div>\n<div style=\"text-align: justify;\">Il Festival di musica elettronica organizzato da Atomic Event, Musicus Concentus, Reflex Culture e Tin\u00ec e realizzato con il contributo dell&#8217;Estate Fiorentina 2018, prevede nella serata inaugurale di\u00a0<b>gioved\u00ec 20<\/b>\u00a0al Cinema La Compagnia il ritorno di\u00a0<b>Demdike Stare<\/b>. Il duo di Manchester composto da Sean Canty e Miles Whittaker, gi\u00e0 ospite di Nextech nel 2015, si caratterizza fin dalle sue prime produzioni per una forma techno densa di contaminazioni dub, dalle tonalit\u00e0 cupe ed esoteriche.<\/div>\n<div style=\"text-align: justify;\">A partire dall\u2019acclamato Elemental (Modern Love, 2012), ha dapprima sperimentato e poi sposato soluzioni elettroniche sempre pi\u00f9 variegate. Nel\u00a0 2016, sempre per l&#8217;etichetta Modern Love, hanno dato alle stampe Wonderland, accolto dalla stampa specializzata come l\u2019album della loro consacrazione artistica.<\/div>\n<div style=\"text-align: justify;\"><\/div>\n<div style=\"text-align: justify;\">Dal 2009 sono titolari di DDS (Distort Decay Sustain), etichetta discografica che ha pubblicato, fra gli altri, lavori di Nate Young, Stephen O&#8217; Malley e Shackleton. I Demdike Stare si sono dedicati anche a collaborazioni nell\u2019ambito del cinema, del soundscape teatrale e della videoarte, e hanno evoluto negli anni il loro concetto di dj-set, estendendo la durata dei loro set ad intere nottate.<\/div>\n<div style=\"text-align: justify;\"><\/div>\n<div style=\"text-align: justify;\">Non \u00e8 un caso quindi che la loro performance, in questo specifico caso e in questa specifica location, sia accompagnata dai visual di\u00a0<b>Michael England<\/b>, artista noto nell&#8217;universo elettronico per le sua collaborazione con la celebre etichetta Warp \u2013 in particolare con gli Autechre \u2013 ma anche per il suo percorso artistico nell&#8217;ambito dell&#8217;animazione, del cinema e della fotografia.<\/div>\n<div style=\"text-align: justify;\"><\/div>\n<div style=\"text-align: justify;\">L&#8217;esibizione dei Demdike Stare con Michael England sar\u00e0 introdotta dai torinesi\u00a0<b>OZmotic<\/b>, musicisti e artisti multidisciplinari che hanno esordito nel 2015 collaborando con Fennesz per Aireffect, e hanno appena pubblicato il terzo album Elusive Balance per la prestigiosa label londinese Touch. Ad oggi sono i primi artisti italiani a pubblicare un album per quella che \u00e8 a tutti gli effetti una delle pi\u00f9 longeve e autorevoli label indipendenti di musica elettronica sperimentale del mondo, con artisti del calibro di Biosphere, Jim O\u2019Rourke, Mika Vainio, Oren Ambarchi, Philip Jeck, Ryoji Ikeda, Thomas K\u00f6ner, per citarne alcuni.<\/div>\n<div><\/div>\n<div style=\"text-align: justify;\"><b>La serata di venerd\u00ec vede il Club 21\u00a0<\/b>aggiungersi alle numerose location che in oltre un decennio hanno ospitato il Nextech. Con questa \u201cnew entry\u201d il festival rinsalda la sua presenza nel cuore della citt\u00e0 di Firenze, sempre pi\u00f9 vicino al suo pubblico vecchio e nuovo. Ospiti speciali della serata i\u00a0<b>Booka Shade<\/b>\u00a0\u2013 da anni assenti in Toscana \u2013 composti da Walter Merziger e Arno Kammermeier, per una eccezionale performance live del loro International Hybrid Tour, in cui presentano Cut The Strings, l\u2019album pubblicato a primavera.<\/div>\n<div style=\"text-align: justify;\">Nati a Francoforte ma di base a Berlino, qui si formano e danno vita alla storica label Get Physical insieme a M.A.N.D.Y., Thomas DJT&#8217;, Koch e Peter Hayo. Il 2005 \u00e8 l&#8217;anno di svolta per il duo che pubblica gli EP Mandarine e l&#8217;acclamatissimo Body Language e viene invitato al S\u00f3nar;\u00a0 negli anni successivi aprono i concerti dei Depeche Mode, suonano al Lollapalooza, al Tomorrowland, al Coachella e nei migliori festival al mondo.Pi\u00f9 di dieci anni di carriera, centinaia di live show, sette album e dozzine di EP dopo, i Booka Shade sono molto pi\u00f9 di un nome di punta: la band incarna appieno lo spirito della musica elettronica ed \u00e8 riuscita a creare un mix unico di minimal house, sempre all\u2019avanguardia e tutto da ballare.<\/div>\n<div style=\"text-align: justify;\">Nella line-up del 21 settembre anche\u00a0<b>Teo Naddi<\/b>, artista fiorentino che spazia dalla dub alla techno in modo dinamico e coerente, per creare ogni volta un\u2019atmosfera unica ed un\u2019energia fuori dal normale. Dal 2006, conquista le consolle dei club fiorentini pi\u00f9 importanti, dividendo la scena con nomi del calibro di Jeff Mills, Theo Parrish, Apparat, Daphni, Jimmy Edgar, Ben Ufo, Chris Liebing e molti altri. Nel frattempo \u00e8 anche co-fondatore di una etichetta tutta sua, la Oltrarno Recordings e conduce lo show radiofonico Intro-Spettiva su Novaradio Citt\u00e0 Futura ogni gioved\u00ec sera.<\/div>\n<div style=\"text-align: justify;\"><\/div>\n<div style=\"text-align: justify;\"><b>Sabato 22\u00a0<\/b>la \u201ctradizionale\u201d chiusura del festival alla Fortezza Da Basso, un momento caratterizzato come sempre dalle sonorit\u00e0 techno pi\u00f9 autentiche. Grande ospite in consolle\u00a0<b>Amelie Lens<\/b>, una delle top dj del momento. Sarebbe difficile, se non impossibile, trovare un altro artista la cui carriera \u00e8 esplosa e cresciuta tanto in fretta come la sua: la giovane belga in poco pi\u00f9 di un anno \u00e8 passata da un relativo anonimato all&#8217;essere una delle dj\/ producer pi\u00f9 richieste al mondo.<\/div>\n<div style=\"text-align: justify;\">L&#8217;ascesa di Amelie sembra essere avvenuta in un battito di ciglia, ma in realt\u00e0 la sua etica, la sua padronanza della consolle, il suo saper coinvolgere la folla, e soprattutto la sua innata abilit\u00e0 in studio, costituiscono i solidi ingredienti del suo successo.<\/div>\n<div style=\"text-align: justify;\">Con il suo debutto discografico per l&#8217;italiana Lyase, Amelie ha ottenuto una crescente attenzione che l&#8217;ha portata velocemente a pubblicare sulla Second State dei Pan-Pot, release seguita da un incredibile EP uscito per\u00a0 ARTS. Nel frattempo Amelie d\u00e0 vita al suo personale party Exhale, al Labyrinth Club dove invita gli artisti pi\u00f9 all&#8217;avanguardia del momento, alternati ad i suoi set \u201cAll Night Long\u201d che confermano il suo talento, al pari di artisti con pi\u00f9 anni di esperienza. Dall&#8217;Awakenings al Circo Loco come al DC-10, Amelie suona nei migliori locali e festival, con una tour schedule mondiale fittissima, che sembra non avere tregua.<\/div>\n<div><\/div>\n<div style=\"text-align: justify;\">In compagnia della giovane Lens,\u00a0<b>Joy Kitikonti<\/b>: artista poliedrico, con diversi anni di carriera alle spalle, successi discografici ed artistici, collaborazioni e riconoscimenti. Tutte esperienze che gli hanno permesso di diventare l\u2019artista completo che \u00e8 oggi. Talento, creativit\u00e0 e volont\u00e0 lo hanno fatto presto conoscere al pubblico per la sua inesauribile vena creativa, per la sua ispirazione musicale. Personaggio riservato, forse per modestia non ama vantarsi dei propri successi e parlare di s\u00e9, ma lascia che sia la musica a raccontare la sua parte migliore.<\/div>\n<div style=\"text-align: justify;\">La sua vita \u00e8 un mix di stili, suoni, luoghi ed immagini, la contaminazione \u00e8 la chiave per re-interpretare e contaminare ci\u00f2 che si vive con il proprio stile, per sfuggire alla mediocrit\u00e0 o al pericolo del gi\u00e0 visto e gi\u00e0 sentito. La sua mano e il suo stile sono sempre riconoscibili anche dietro ai progetti che firma con i numerosi pseudonimi. Joy appartiene a quel \u201claboratorio sotterraneo virtuale\u201d, in quella zona di confine dove, se ci passeranno l\u2019espressione, di solito nascono le avanguardie. Pornojoy, gi\u00e0 in classifica ad MTV Europe, ha scalato la European DanceTrax e conquistato un posto nelle valigie dei dj pi\u00f9 famosi.<\/div>\n<div style=\"text-align: justify;\">A incorniciare la serata i resident dj di Nextech Festival, ovvero i\u00a0<b>Wooden Crate<\/b>. Il duo formato da Davide Rosafio e Giuseppe Gonzalez \u00e8 nato sette anni fa nella scena musicale fiorentina. Negli ultimi due anni sono entrati a far parte di una importante label, la Dirty Session Records di Luca Bear e successivamente hanno iniziato a partecipare ai prestigiosi party ufficiali Cocoon, la storica etichetta di Sven V\u00e4th.<\/div>\n<\/div>\n","protected":false},"excerpt":{"rendered":"<div class=\"mh-excerpt\"><p>&nbsp; Atomic Event, Musicus Concentus, Reflex Culture e Tin\u00ec con il supporto dell&#8217;Estate Fiorentina 2018 presentano NEXTECH FESTIVAL\u00a0 XII edizione\u00a0 \u00a0 \u00a020\/21\/22 settembre 2018 \u2013 <a class=\"mh-excerpt-more\" href=\"https:\/\/www.piuomenopop.it\/index.php\/2018\/08\/27\/dal-20-al-22-settembre-torna-nextech-festival-in-consolle-il-meglio-dellelettronica-internazionale\/\" title=\"Dal 20 al 22 settembre torna Nextech Festival, in consolle il meglio dell&#8217;elettronica internazionale\">[&#8230;]<\/a><\/p>\n<\/div>","protected":false},"author":1,"featured_media":37533,"comment_status":"closed","ping_status":"closed","sticky":false,"template":"","format":"standard","meta":{"sfsi_plus_gutenberg_text_before_share":"","sfsi_plus_gutenberg_show_text_before_share":"","sfsi_plus_gutenberg_icon_type":"","sfsi_plus_gutenberg_icon_alignemt":"","sfsi_plus_gutenburg_max_per_row":"","footnotes":"","_links_to":"","_links_to_target":""},"categories":[236,730,3],"tags":[7115,643,275,7117,7114,7116,7118],"class_list":["post-37532","post","type-post","status-publish","format-standard","has-post-thumbnail","hentry","category-elettronica","category-festival","category-news","tag-atomic-event","tag-elettronica","tag-firenze","tag-musicus-concentus","tag-nextech-festival","tag-reflex-culture","tag-tini"],"aioseo_notices":[],"_links":{"self":[{"href":"https:\/\/www.piuomenopop.it\/index.php\/wp-json\/wp\/v2\/posts\/37532","targetHints":{"allow":["GET"]}}],"collection":[{"href":"https:\/\/www.piuomenopop.it\/index.php\/wp-json\/wp\/v2\/posts"}],"about":[{"href":"https:\/\/www.piuomenopop.it\/index.php\/wp-json\/wp\/v2\/types\/post"}],"author":[{"embeddable":true,"href":"https:\/\/www.piuomenopop.it\/index.php\/wp-json\/wp\/v2\/users\/1"}],"replies":[{"embeddable":true,"href":"https:\/\/www.piuomenopop.it\/index.php\/wp-json\/wp\/v2\/comments?post=37532"}],"version-history":[{"count":2,"href":"https:\/\/www.piuomenopop.it\/index.php\/wp-json\/wp\/v2\/posts\/37532\/revisions"}],"predecessor-version":[{"id":37610,"href":"https:\/\/www.piuomenopop.it\/index.php\/wp-json\/wp\/v2\/posts\/37532\/revisions\/37610"}],"wp:featuredmedia":[{"embeddable":true,"href":"https:\/\/www.piuomenopop.it\/index.php\/wp-json\/wp\/v2\/media\/37533"}],"wp:attachment":[{"href":"https:\/\/www.piuomenopop.it\/index.php\/wp-json\/wp\/v2\/media?parent=37532"}],"wp:term":[{"taxonomy":"category","embeddable":true,"href":"https:\/\/www.piuomenopop.it\/index.php\/wp-json\/wp\/v2\/categories?post=37532"},{"taxonomy":"post_tag","embeddable":true,"href":"https:\/\/www.piuomenopop.it\/index.php\/wp-json\/wp\/v2\/tags?post=37532"}],"curies":[{"name":"wp","href":"https:\/\/api.w.org\/{rel}","templated":true}]}}