{"id":37716,"date":"2018-09-02T09:51:28","date_gmt":"2018-09-02T07:51:28","guid":{"rendered":"http:\/\/www.piuomenopop.it\/?p=37716"},"modified":"2018-09-02T09:53:42","modified_gmt":"2018-09-02T07:53:42","slug":"interrotto-il-concerto-degli-u2-a-berlino-bono-e-senza-voce","status":"publish","type":"post","link":"https:\/\/www.piuomenopop.it\/index.php\/2018\/09\/02\/interrotto-il-concerto-degli-u2-a-berlino-bono-e-senza-voce\/","title":{"rendered":"Interrotto il concerto degli U2 a Berlino: Bono \u00e8 senza voce"},"content":{"rendered":"<p><img loading=\"lazy\" decoding=\"async\" class=\"alignnone size-medium wp-image-37721 aligncenter\" src=\"http:\/\/www.piuomenopop.it\/wp-content\/uploads\/2018\/09\/U2-expinn-300x300.jpg\" alt=\"\" width=\"300\" height=\"300\" srcset=\"https:\/\/www.piuomenopop.it\/wp-content\/uploads\/2018\/09\/U2-expinn-300x300.jpg 300w, https:\/\/www.piuomenopop.it\/wp-content\/uploads\/2018\/09\/U2-expinn-150x150.jpg 150w, https:\/\/www.piuomenopop.it\/wp-content\/uploads\/2018\/09\/U2-expinn-60x60.jpg 60w, https:\/\/www.piuomenopop.it\/wp-content\/uploads\/2018\/09\/U2-expinn.jpg 500w\" sizes=\"auto, (max-width: 300px) 100vw, 300px\" \/><\/p>\n<blockquote><p><strong>Sunday Bloody Sunday<\/strong><\/p><\/blockquote>\n<p>Questo avranno pensato i numerosi fan presenti sotto il palco <em>Mercedes-Benz Arena<\/em> di<strong> Berlino <\/strong>per assistere al concerto degli <a href=\"https:\/\/www.facebook.com\/u2\/\" target=\"_blank\" rel=\"noopener\"><strong>U2<\/strong><\/a>, interrotto dopo pochi minuti a causa di un brusco abbassamento della voce del carismatico leader della band <strong>Bono<\/strong>.<\/p>\n<p>In un primo momento sembrava che lo show potesse riprendere e il pubblico ha aspettato pazientemente di avere notizie in tal senso, ma dopo 40 minuti \u00e8 giunta la notizia che non sarebbe pi\u00f9 ricominciato. Non sembra che le condizioni di salute di Bono possano destare ulteriori preoccupazioni, si dice infatti che il cantante in un primo momento fosse intenzionato a tornare sul palco, ma i medici non gliel&#8217;abbiano consentito.<\/p>\n<p>L&#8217;interruzione \u00e8 avvenuta sulle note di <em>Red Flag Day<\/em>, appena dopo tre canzoni, nella seconda serata di Berlino.<\/p>\n<p>Questa \u00e8 la scaletta del concerto della prima serata che, con molta probabilit\u00e0, verr\u00e0 eseguita anche nelle prossime date, dunque anche a Milano dove la band irlandese si esibir\u00e0 l\u201911, il 12, il 15 e il 16 ottobre.<\/p>\n<p>&nbsp;<\/p>\n<p><strong>TRACKLIST<\/strong><\/p>\n<ul>\n<li><em>The Blackout<\/em><\/li>\n<li><em>Lights of Home<\/em><\/li>\n<li><em>I Will Follow\u00a0<\/em><\/li>\n<li><strong><em>Red Flag Day<\/em><\/strong><\/li>\n<li><em>Beautiful Day<\/em><\/li>\n<li><em>The Ocean<\/em><\/li>\n<li><em>Iris (Hold Me Close)<br \/>\n<\/em><\/li>\n<li><em>Cedarwood Road<\/em><\/li>\n<li><em>Sunday Bloody Sunday \/\u00a0Johnny Was\u00a0<\/em><span class=\"snippet\">(snippet)<\/span><\/li>\n<li><em>Until The End Of The World<\/em><em>\u00a0\/ Introduction\u00a0<\/em>(snippet)<\/li>\n<\/ul>\n<p>&nbsp;<\/p>\n<p><strong>Part two<\/strong><\/p>\n<p><em>Hold Me, Thrill Me, Kiss Me, Kill Me (remix registrato)<br \/>\n<\/em><\/p>\n<ul>\n<li><em>Elevation (Influx Remix intro)<br \/>\n<\/em><\/li>\n<li><em>Vertigo \/ Rebel Rebel\u00a0<\/em>(snippet)<\/li>\n<li><em>Even Better Than The Real Thing<\/em><\/li>\n<li><i>(<\/i>parlato di\u00a0MacPhisto<i>)<\/i><i>\u00a0\/\u00a0<\/i><em>Acrobat<\/em><\/li>\n<li><em>You\u2019re The Best Thing About Me<\/em>\u00a0(acustica)<\/li>\n<li><em>Summer of Love<\/em>\u00a0(acustica)<\/li>\n<li><em>Pride (In The Name Of Love)<\/em><em><br \/>\n<\/em><\/li>\n<li><em>Get Out Of Your Own Way<\/em><\/li>\n<li><em>New Year\u2019s Day<\/em><\/li>\n<li><em>Ode To The Joy<\/em>\u00a0(snippet) \/\u00a0City<em>\u00a0Of Blinding Lights<\/em><\/li>\n<\/ul>\n<p>&nbsp;<\/p>\n<p><strong>Encore<\/strong><\/p>\n<p><i>Women Of The World Take Over\u00a0<\/i>di<i>\u00a0Jim O\u2019Rourke<\/i><\/p>\n<ul>\n<li><em>One\u00a0<\/em><em><br \/>\n<\/em><\/li>\n<li><em>Love Is Bigger Than Anything In Its Way<\/em><\/li>\n<li><em>13 (There Is A Light)<\/em><\/li>\n<\/ul>\n","protected":false},"excerpt":{"rendered":"<div class=\"mh-excerpt\"><p>Sunday Bloody Sunday Questo avranno pensato i numerosi fan presenti sotto il palco Mercedes-Benz Arena di Berlino per assistere al concerto degli U2, interrotto dopo <a class=\"mh-excerpt-more\" href=\"https:\/\/www.piuomenopop.it\/index.php\/2018\/09\/02\/interrotto-il-concerto-degli-u2-a-berlino-bono-e-senza-voce\/\" title=\"Interrotto il concerto degli U2 a Berlino: Bono \u00e8 senza voce\">[&#8230;]<\/a><\/p>\n<\/div>","protected":false},"author":1,"featured_media":37721,"comment_status":"closed","ping_status":"closed","sticky":false,"template":"","format":"standard","meta":{"sfsi_plus_gutenberg_text_before_share":"","sfsi_plus_gutenberg_show_text_before_share":"","sfsi_plus_gutenberg_icon_type":"","sfsi_plus_gutenberg_icon_alignemt":"","sfsi_plus_gutenburg_max_per_row":"","footnotes":"","_links_to":"","_links_to_target":""},"categories":[3],"tags":[1630,2993,1162],"class_list":["post-37716","post","type-post","status-publish","format-standard","has-post-thumbnail","hentry","category-news","tag-berlino","tag-bono-vox","tag-u2"],"aioseo_notices":[],"_links":{"self":[{"href":"https:\/\/www.piuomenopop.it\/index.php\/wp-json\/wp\/v2\/posts\/37716","targetHints":{"allow":["GET"]}}],"collection":[{"href":"https:\/\/www.piuomenopop.it\/index.php\/wp-json\/wp\/v2\/posts"}],"about":[{"href":"https:\/\/www.piuomenopop.it\/index.php\/wp-json\/wp\/v2\/types\/post"}],"author":[{"embeddable":true,"href":"https:\/\/www.piuomenopop.it\/index.php\/wp-json\/wp\/v2\/users\/1"}],"replies":[{"embeddable":true,"href":"https:\/\/www.piuomenopop.it\/index.php\/wp-json\/wp\/v2\/comments?post=37716"}],"version-history":[{"count":6,"href":"https:\/\/www.piuomenopop.it\/index.php\/wp-json\/wp\/v2\/posts\/37716\/revisions"}],"predecessor-version":[{"id":37723,"href":"https:\/\/www.piuomenopop.it\/index.php\/wp-json\/wp\/v2\/posts\/37716\/revisions\/37723"}],"wp:featuredmedia":[{"embeddable":true,"href":"https:\/\/www.piuomenopop.it\/index.php\/wp-json\/wp\/v2\/media\/37721"}],"wp:attachment":[{"href":"https:\/\/www.piuomenopop.it\/index.php\/wp-json\/wp\/v2\/media?parent=37716"}],"wp:term":[{"taxonomy":"category","embeddable":true,"href":"https:\/\/www.piuomenopop.it\/index.php\/wp-json\/wp\/v2\/categories?post=37716"},{"taxonomy":"post_tag","embeddable":true,"href":"https:\/\/www.piuomenopop.it\/index.php\/wp-json\/wp\/v2\/tags?post=37716"}],"curies":[{"name":"wp","href":"https:\/\/api.w.org\/{rel}","templated":true}]}}