{"id":38210,"date":"2018-09-14T14:39:52","date_gmt":"2018-09-14T12:39:52","guid":{"rendered":"http:\/\/www.piuomenopop.it\/?p=38210"},"modified":"2018-09-15T15:57:00","modified_gmt":"2018-09-15T13:57:00","slug":"la-profezia-dei-veeblefetzer","status":"publish","type":"post","link":"https:\/\/www.piuomenopop.it\/index.php\/2018\/09\/14\/la-profezia-dei-veeblefetzer\/","title":{"rendered":"Intervista ai Veeblefetzer: tra Zerocalcare e Brass&#8217;n&#8217;Roll!"},"content":{"rendered":"<p>a cura di: <a href=\"http:\/\/www.piuomenopop.it\/?s=antonio+bastanza&amp;submit=Search\">Antonio Bastanza<\/a><\/p>\n<figure id=\"attachment_38225\" aria-describedby=\"caption-attachment-38225\" style=\"width: 700px\" class=\"wp-caption aligncenter\"><img loading=\"lazy\" decoding=\"async\" class=\"wp-image-38225\" src=\"http:\/\/www.piuomenopop.it\/wp-content\/uploads\/2018\/09\/Veeblefetzer-Small.jpg\" alt=\"\" width=\"700\" height=\"467\" srcset=\"https:\/\/www.piuomenopop.it\/wp-content\/uploads\/2018\/09\/Veeblefetzer-Small.jpg 720w, https:\/\/www.piuomenopop.it\/wp-content\/uploads\/2018\/09\/Veeblefetzer-Small-300x200.jpg 300w\" sizes=\"auto, (max-width: 700px) 100vw, 700px\" \/><figcaption id=\"caption-attachment-38225\" class=\"wp-caption-text\">\u00a9 Matteo Viellie<\/figcaption><\/figure>\n<p>Qualche giorno fa vi abbiamo parlato dei <strong>Veeblefetzer<\/strong> e del loro nuovo singolo <strong>Katabum<\/strong>, uno dei brani di punta della colonna sonora de &#8220;<em>La profezia dell&#8217;Armadillo<\/em>&#8220;, il film di <strong>Emanuele Scaringi<\/strong> ispirato dalla omonima Graphic Novel di <strong>Zerocalcare<\/strong>. Trascinati dai ritmi irresistibili delle loro canzoni abbiamo fatto un po&#8217; di domande alla band romana che ha movimentato il rigido protocollo del red carpet della Mostra del cinema di Venezia con una entrata in scena tutta suoni e colori.<\/p>\n<p>&nbsp;<\/p>\n<p><em>Partiamo dall&#8217;inizio: chi sono i Veeblefetzer, come nascono e come sono arrivati qui?<\/em><\/p>\n<p>Erano mesi che avevo un sogno ricorrente. Una mattina del 2012 con una buona dose di intraprendenza, follia e voglia di suonare ho chiamato gli altri e ci siamo trovati il nome pi\u00f9 tortuoso e bizzarro possibile, per evitare di cadere nell&#8217;insipido. Da subito non volevamo etichettarci e ci ha stregato l&#8217;idea di rimanere liberi di sperimentare con i suoni.<\/p>\n<p><em>Il vostro \u00e8 un mix di puro rock&#8217;n&#8217;roll con accenti balcanici e venature reggae: quali sono stati i vostri riferimenti musicali e com&#8217;\u00e8 nato il vostro sound cos\u00ec particolare?<\/em><\/p>\n<p>Definirsi \u00e8 limitarsi. Lo diceva un aforista come Oscar Wilde. La miscela \u00e8 senza dubbio l&#8217;elemento che pi\u00f9 di tutti ha carburato il nostro motore. Ci interessano le sonorit\u00e0 impure, contaminate con ingredienti particolari e stravaganti rispetto ai generi ben definiti. Siamo sempre stati molto esterofili e abbiamo da subito guardato alle scene oltreconfine. Dobbiamo molto ai <strong>Balkan Beat Box<\/strong>, ai <strong>Chinese Man<\/strong>, ai <strong>Beirut<\/strong> seppure loro siano molto pi\u00f9 morbidi e noi pi\u00f9 all&#8217;arrembaggio, a <strong>Will and The People<\/strong>, ai <strong>Fat Freddy&#8217;s Drop<\/strong>, al nostro mentore Tom Waits e a tutta una costellazione di band dell&#8217;underground intergalattico che continuano ad esplorare costantemente la commistione di generi. Personalmente in questi mesi ascolto molta elettronica afro e tropicale come <strong>Chancha Via Circuito, Dengue Dengue Dengue, The Busy Twist<\/strong>. Inoltre abbiamo una grande venerazione per tutto quello che \u00e8 o proviene dalla musica dub.<\/p>\n<p><em>Avete girato i palchi di mezza europa e tutta italia e, a vedere i video dei vostri concerti, regalate al vostro pubblico set scatenati e coinvolgenti, dando l&#8217;impressione di divertirvi da morire durante i concerti e riuscendo sempre a creare una fantastica chimica tra voi e la gente: quanto vi piace esibirvi dal vivo?<\/em><\/p>\n<p>Il palco dona una sferzata di rock&#8217;n&#8217;roll a tutto quello che facciamo. Combattiamo con noi stessi per mostrare anche la nostra natura pi\u00f9 inconfessata, quella pi\u00f9 dolce e sinuosa, ma la verit\u00e0 \u00e8 che spaccare \u00e8 tutto. Guardare le persone negli occhi anche \u00e8 tutto. E finire con tre botti di cannone anche \u00e8 tutto. Amore, sudore e rumore.<\/p>\n<p><em>Raccontateci un po&#8217;: come \u00e8 nata la vostra partecipazione alla colonna sonora de \u201cLa profezia dell&#8217;armadillo\u201d?<\/em><\/p>\n<p>Il regista Emanuele Scaringi qualche anno fa ci ha visti dal vivo e mentre ragionava sulla colonna sonora del film ci ha chiamati per uno scambio di idee. Da l\u00ec \u00e8 nata una prolifera collaborazione che ci ha portato a partecipare al film con tre brani e alcuni commenti musicali.<\/p>\n<p><em>Il vostro ingresso nella sala in cui veniva proiettato il film alla Mostra del cinema di Venezia \u00e8 stato a dir poco spettacolare: ci raccontate come \u00e8 nata l&#8217;idea e quali sono state le reazioni del pubblico?<\/em><\/p>\n<p>E&#8217; stato tutto molto spontaneo. C&#8217;era molta gente. C&#8217;era Adriano Panatta che ci guardava con sguardo esortativo. A quel punto ci siamo impadroniti della sala per un paio di minuti, come fosse un nostro palco. Dice che non l&#8217;aveva mai fatto nessuno. Da non crederci.<\/p>\n<p><em>Quando potremo vedervi dal vivo? Che progetti avete per il futuro?<\/em><\/p>\n<p>I progetti sono tanti. Milioni di milioni. In questi giorni esce il nostro nuovo esplosivo singolo, Katabum. Dar\u00e0 il via alle novit\u00e0 musicali che pubblicheremo man mano tra l&#8217;autunno e l&#8217;inverno. Uscir\u00e0 la colonna sonora ufficiale del film e saremo parte del secondo volume dell&#8217;Istituto Italiano di Cumbia, compilation curata da <strong>Davide Toffolo<\/strong> dei Tre Allegri Ragazzi Morti. Se gli astri lo vorranno a giorni annunceremo una importante data romana.<\/p>\n<p><iframe loading=\"lazy\" src=\"https:\/\/www.youtube.com\/embed\/7HgSg-VC7Uo\" width=\"560\" height=\"315\" frameborder=\"0\" allowfullscreen=\"allowfullscreen\"><\/iframe><\/p>\n<p>Leggi anche\u00a0<a href=\"http:\/\/www.piuomenopop.it\/index.php\/2018\/09\/05\/veeblefetzer-e-zerocalcare-al-cinema-ascolta-un-estratto-di-katabum-brano-presente-nella-colonna-sonora-de-la-profezia-dellarmadillo\/\" target=\"_blank\" rel=\"noopener\">VEEBLEFETZER e ZEROCALCARE al cinema. Ascolta un estratto di \u2018Katabum\u2019, brano presente nella colonna sonora de \u2018La Profezia dell\u2019Armadillo\u2019<\/a><\/p>\n","protected":false},"excerpt":{"rendered":"<div class=\"mh-excerpt\"><p>a cura di: Antonio Bastanza Qualche giorno fa vi abbiamo parlato dei Veeblefetzer e del loro nuovo singolo Katabum, uno dei brani di punta della <a class=\"mh-excerpt-more\" href=\"https:\/\/www.piuomenopop.it\/index.php\/2018\/09\/14\/la-profezia-dei-veeblefetzer\/\" title=\"Intervista ai Veeblefetzer: tra Zerocalcare e Brass&#8217;n&#8217;Roll!\">[&#8230;]<\/a><\/p>\n<\/div>","protected":false},"author":1,"featured_media":38225,"comment_status":"closed","ping_status":"closed","sticky":false,"template":"","format":"standard","meta":{"sfsi_plus_gutenberg_text_before_share":"","sfsi_plus_gutenberg_show_text_before_share":"","sfsi_plus_gutenberg_icon_type":"","sfsi_plus_gutenberg_icon_alignemt":"","sfsi_plus_gutenburg_max_per_row":"","footnotes":"","_links_to":"","_links_to_target":""},"categories":[4,8],"tags":[7213,7336,7212,6035],"class_list":["post-38210","post","type-post","status-publish","format-standard","has-post-thumbnail","hentry","category-interviste","category-uscite","tag-emanuele-scaringi","tag-tom-waits","tag-veeblefetzer","tag-zerocalcare"],"aioseo_notices":[],"_links":{"self":[{"href":"https:\/\/www.piuomenopop.it\/index.php\/wp-json\/wp\/v2\/posts\/38210","targetHints":{"allow":["GET"]}}],"collection":[{"href":"https:\/\/www.piuomenopop.it\/index.php\/wp-json\/wp\/v2\/posts"}],"about":[{"href":"https:\/\/www.piuomenopop.it\/index.php\/wp-json\/wp\/v2\/types\/post"}],"author":[{"embeddable":true,"href":"https:\/\/www.piuomenopop.it\/index.php\/wp-json\/wp\/v2\/users\/1"}],"replies":[{"embeddable":true,"href":"https:\/\/www.piuomenopop.it\/index.php\/wp-json\/wp\/v2\/comments?post=38210"}],"version-history":[{"count":7,"href":"https:\/\/www.piuomenopop.it\/index.php\/wp-json\/wp\/v2\/posts\/38210\/revisions"}],"predecessor-version":[{"id":38254,"href":"https:\/\/www.piuomenopop.it\/index.php\/wp-json\/wp\/v2\/posts\/38210\/revisions\/38254"}],"wp:featuredmedia":[{"embeddable":true,"href":"https:\/\/www.piuomenopop.it\/index.php\/wp-json\/wp\/v2\/media\/38225"}],"wp:attachment":[{"href":"https:\/\/www.piuomenopop.it\/index.php\/wp-json\/wp\/v2\/media?parent=38210"}],"wp:term":[{"taxonomy":"category","embeddable":true,"href":"https:\/\/www.piuomenopop.it\/index.php\/wp-json\/wp\/v2\/categories?post=38210"},{"taxonomy":"post_tag","embeddable":true,"href":"https:\/\/www.piuomenopop.it\/index.php\/wp-json\/wp\/v2\/tags?post=38210"}],"curies":[{"name":"wp","href":"https:\/\/api.w.org\/{rel}","templated":true}]}}