{"id":38556,"date":"2018-09-24T17:34:41","date_gmt":"2018-09-24T15:34:41","guid":{"rendered":"http:\/\/www.piuomenopop.it\/?p=38556"},"modified":"2018-09-24T17:35:02","modified_gmt":"2018-09-24T15:35:02","slug":"any-other-le-date-del-tour-italiano-e-un-nuovo-video-per-lastro-nascente-della-musica-italiana","status":"publish","type":"post","link":"https:\/\/www.piuomenopop.it\/index.php\/2018\/09\/24\/any-other-le-date-del-tour-italiano-e-un-nuovo-video-per-lastro-nascente-della-musica-italiana\/","title":{"rendered":"ANY OTHER &#8211; Le date del tour italiano e un nuovo video per l&#8217;astro nascente della musica italiana"},"content":{"rendered":"<div>\n<div>\n<div>\n<div>\n<div>\n<div>\n<div>\n<div>\n<div>\n<div style=\"text-align: center;\"><span style=\"font-size: 14pt;\"><b>TOUR ITALIANO A NOVEMBRE E NUOVO VIDEO!<\/b><\/span><\/div>\n<\/div>\n<\/div>\n<\/div>\n<\/div>\n<\/div>\n<\/div>\n<\/div>\n<\/div>\n<\/div>\n<div style=\"text-align: center;\"><\/div>\n<div>\n<div>\n<div>\n<div>\n<div>\n<div>\n<div>\n<div>\n<div>\n<div style=\"text-align: center;\"><span style=\"color: #1f497d; font-size: 14pt;\"><b>ANY OTHER<\/b><\/span><\/div>\n<div><img loading=\"lazy\" decoding=\"async\" class=\"aligncenter wp-image-38557 size-full\" src=\"http:\/\/www.piuomenopop.it\/wp-content\/uploads\/2018\/09\/any-other.jpg\" alt=\"\" width=\"695\" height=\"464\" srcset=\"https:\/\/www.piuomenopop.it\/wp-content\/uploads\/2018\/09\/any-other.jpg 695w, https:\/\/www.piuomenopop.it\/wp-content\/uploads\/2018\/09\/any-other-300x200.jpg 300w\" sizes=\"auto, (max-width: 695px) 100vw, 695px\" \/><\/div>\n<div>\n<div>\n<div>\n<div>\n<div><\/div>\n<div style=\"text-align: center;\">09 novembre 2018 &#8211; Roma &#8211; Monk -Psych Fest<\/div>\n<div style=\"text-align: center;\">16 novembre 2018 &#8211; Milano \u2013 Serraglio<\/div>\n<div style=\"text-align: center;\">\n<div>\n<div class=\"gmail_quote\">\n<div>\n<div>\n<div>\n<div>\n<div>\n<div>17 novembre 2018 &#8211; Ravenna &#8211; Bronson<b>\u00a0<\/b><\/div>\n<\/div>\n<\/div>\n<\/div>\n<\/div>\n<\/div>\n<\/div>\n<\/div>\n<\/div>\n<\/div>\n<\/div>\n<div style=\"text-align: center;\">\n<div>23 novembre 2018 &#8211; Pisa &#8211; Lumiere<\/div>\n<div><span class=\"m_-2126050019015566574Apple-style-span\">24 novembre 2018 &#8211; Schio \u2013 CSA Arcadia\u00a0<\/span><\/div>\n<div>07 dicembre 2018 &#8211; Bari &#8211; Garage Sound<\/div>\n<div><span class=\"m_-2126050019015566574Apple-style-span\">08 dicembre 2018 &#8211; Bologna \u2013 Covo<\/span><\/div>\n<div>14 dicembre 2018 \u2013 Pordenone \u2013 Astro Club<\/div>\n<div><span class=\"m_-2126050019015566574Apple-style-span\">\u00a0<\/span><\/div>\n<div><span class=\"m_-2126050019015566574Apple-style-span\"><b>INFO e PREVENDITE:\u00a0<\/b><a href=\"http:\/\/www.dnaconcerti.com\/\" target=\"_blank\" rel=\"noopener\" data-saferedirecturl=\"https:\/\/www.google.com\/url?hl=it&amp;q=http:\/\/www.dnaconcerti.com&amp;source=gmail&amp;ust=1537863918594000&amp;usg=AFQjCNEZkkkLz8_GP_nxXUh4CQUTHnX3eg\">www.dnaconcerti.com<\/a><\/span><\/div>\n<div><span class=\"m_-2126050019015566574Apple-style-span\">\u00a0<\/span><\/div>\n<\/div>\n<\/div>\n<div style=\"text-align: center;\"><\/div>\n<div style=\"text-align: center;\"><span style=\"color: #1f497d;\"><b>LE DATE DEL TOUR EUROPEO<\/b><\/span><\/div>\n<div>\n<div style=\"text-align: center;\">\u2022 24\/09\/2018 &#8211; Die Haengenden Gaerten Von Ehrenfeld &#8211; Koeln &#8211; Germania<\/div>\n<div style=\"text-align: center;\">\u2022 25\/09\/2018 &#8211; Kassette &#8211; Dusseldorf &#8211; Germania<\/div>\n<div style=\"text-align: center;\">\u2022 27\/09\/2018 &#8211; Oetinger Villa &#8211; Darmstadt &#8211; Germania<\/div>\n<div style=\"text-align: center;\">\u2022 28\/09\/2018 &#8211; Courage im Volksbad &#8211; Magdeburg &#8211; Germania<\/div>\n<div style=\"text-align: center;\">\u2022 29\/09\/2018 &#8211; Manufaktur &#8211; Schorndorf &#8211; Germania<\/div>\n<div style=\"text-align: center;\">\u2022 01\/10\/2018 &#8211; Portier &#8211; Winterhur &#8211; Svizzera<\/div>\n<div style=\"text-align: center;\">\u2022 19\/10\/2018 &#8211; Left or Dial Festival &#8211; Rotterdam &#8211; Paesi Bassi<\/div>\n<div style=\"text-align: center;\">\u2022 20\/10\/2018 Espace B &#8211; Parigi &#8211; Francia<\/div>\n<div style=\"text-align: center;\">\u2022 22\/10\/2018 Green Door Store &#8211; Brighton &#8211; Regno Unito<\/div>\n<div style=\"text-align: center;\">\u2022 23\/10\/2018 The Shacklewell Arms &#8211; Londra &#8211; Regno Unito<\/div>\n<div style=\"text-align: center;\">\u2022 24\/10\/2018 JT Soar &#8211; Nottingham &#8211; Regno Unito<\/div>\n<div style=\"text-align: center;\">\u2022 25\/10\/2018 Soundhouse &#8211; Leicester &#8211; Regno Unito<\/div>\n<div style=\"text-align: center;\">\u2022 26\/10\/2018 Night People &#8211; Manchester &#8211; Regno Unito<\/div>\n<div style=\"text-align: center;\">\u2022\u00a027\/10\/2018 Mabgate\u00a0Bleach &#8211; Leeds &#8211; Regno Unito<\/div>\n<div style=\"text-align: center;\">\u2022 28\/10\/2018 The Hug &amp; Pint &#8211; Glasgow &#8211; Regno Unito<\/div>\n<div style=\"text-align: center;\">\u2022 30\/10\/2018 Cafe Gloksee &#8211; Hannover &#8211; Germania<\/div>\n<div><\/div>\n<div style=\"text-align: center;\"><iframe loading=\"lazy\" src=\"https:\/\/www.youtube.com\/embed\/Y3nc3bc19EU\" width=\"560\" height=\"315\" frameborder=\"0\" allowfullscreen=\"allowfullscreen\"><\/iframe><\/div>\n<div>\n<div>\n<div>\n<div>\n<div>\n<div>\n<div>\n<div>\n<div>\n<div>\n<p class=\"m_-2126050019015566574Corpo\"><span style=\"color: #1f497d; font-family: Arial; font-size: medium;\"><b>\u00c8 partitoda Monaco il tour europeo di <a href=\"https:\/\/www.facebook.com\/anyotherband\/\" target=\"_blank\" rel=\"noopener\">Any Other<\/a>, il progetto di Adele Nigro, vero e proprio astro nascente della musica italiana, quella di vocazione pi\u00f9 esterofila e che non si pone limiti e confini. Il nuovo album \u201cTwo, Geography\u201d, appena uscito per 42 Records, \u00e8 la testimonianza sonora di una crescita incredibile, vera, senza rete e senza paura di sperimentare e rischiare.<\/b><\/span><\/p>\n<\/div>\n<\/div>\n<\/div>\n<\/div>\n<\/div>\n<\/div>\n<\/div>\n<\/div>\n<\/div>\n<div>\n<div>\n<div>\n<div>\n<div>\n<div>\n<div>\n<div>\n<div>\n<p class=\"m_-2126050019015566574Corpo\"><span style=\"font-family: Arial;\"><br \/>\nNon esistono recinti e classificazioni capaci di rinchiudere l\u2019immenso talento di Adele in un\u2019unica definizione: dall\u2019indie rock di stampo anni \u201990 che ne aveva caratterizzato gli esordi si \u00e8 via via spostata verso una formula pi\u00f9 matura e personale e che mischia canzone d\u2019autore con influenze jazz e avant. Adele scrive, suona, canta, arrangia e produce la sua musica, e la musica \u00e8 il centro di tutto. L\u2019unica cosa che conta. Fuori dalle mode e dai vincoli, senza stare a guardare quello che funziona ma semplicemente inseguendo le proprie inclinazioni.<br \/>\nInclinazioni che in pochi anni l\u2019hanno portata a diventare una delle figure di riferimento del panorama musicale italiano, come testimoniano a esempio le collaborazioni con MYSS KETA e Andrea Poggio, la produzione (insieme a Marco Giudici, parte di Any Other da sempre) di Generic Animal, Il lavoro con Halfalib (in cui vengono ribaltati i ruoli rispetto a Any Other ed \u00e8 Marco che diventa frontman) e il lungo tour che l\u2019ha vista impegnata alla chitarra solista, alla voce, e al sax tenore, per la Infedele Orchestra capitanata da Colapesce.<u><\/u><u><\/u><\/span><\/p>\n<p class=\"m_-2126050019015566574Corpo\"><span style=\"font-family: Arial;\">Presentato in anteprima con una serie di showcase durante lo scorso Primavera Sound Festival, \u201cTwo, Geography\u201d ha da subito catturato l\u2019interesse di addetti ai lavori e operatori internazionali.<br \/>\nNon \u00e8 stata un caso, quindi, la scelta di partire per il tour europeo prima ancora di affrontare le date italiane. E il lungo giro che fino alla fine di ottobre porter\u00e0 Any Other a suonare in Germania, Francia e Inghilterra, avr\u00e0 come tappe importanti il noto Reeperbahn Festival di Amburgo e poi, a gennaio 2019, l\u2019Eurosonic Festival di Groeningen.<br \/>\n<\/span><\/p>\n<\/div>\n<\/div>\n<\/div>\n<\/div>\n<\/div>\n<\/div>\n<\/div>\n<\/div>\n<\/div>\n<div>\n<figure id=\"attachment_37316\" aria-describedby=\"caption-attachment-37316\" style=\"width: 800px\" class=\"wp-caption aligncenter\"><img loading=\"lazy\" decoding=\"async\" class=\"wp-image-37316\" src=\"http:\/\/www.piuomenopop.it\/wp-content\/uploads\/2018\/08\/colapesce-13.jpg\" alt=\"\" width=\"800\" height=\"533\" srcset=\"https:\/\/www.piuomenopop.it\/wp-content\/uploads\/2018\/08\/colapesce-13.jpg 1200w, https:\/\/www.piuomenopop.it\/wp-content\/uploads\/2018\/08\/colapesce-13-300x200.jpg 300w, https:\/\/www.piuomenopop.it\/wp-content\/uploads\/2018\/08\/colapesce-13-768x512.jpg 768w, https:\/\/www.piuomenopop.it\/wp-content\/uploads\/2018\/08\/colapesce-13-1024x683.jpg 1024w\" sizes=\"auto, (max-width: 800px) 100vw, 800px\" \/><figcaption id=\"caption-attachment-37316\" class=\"wp-caption-text\">\u00a9 Sonia Golemme<\/figcaption><\/figure>\n<\/div>\n<div>\n<div>\n<div>\n<div>\n<div>\n<div>\n<div>\n<div>\n<div>\n<p class=\"m_-2126050019015566574Corpo\"><span style=\"font-family: Arial;\"><b>E non finisce qui, perch\u00e9 a novembre finalmente comincer\u00e0 il tour che porter\u00e0 Adele e la sua band anche nei migliori live club italiani.<\/b><u><\/u><u><\/u><\/span><\/p>\n<p class=\"m_-2126050019015566574Corpo\"><span style=\"font-family: Arial;\">Per l\u2019occasione, con lei e Marco Giudici, ci saranno sul palco anche Alessandro Cau alla batteria e Miles Cooper Seaton (gi\u00e0 negli Akron-Family) al basso.<br \/>\nUna super band destinata a stupire e che gi\u00e0 ha conquistato chi ha avuto la fortuna di vederli dal vivo. \u00c8 di questi giorni anche l\u2019uscita di un video, il secondo estratto da \u201cTwo, Geography\u201d, girato a Berlino da Giulio Rasi per Capricorn No, una delle canzoni pi\u00f9 belle intense dell\u2019album.<br \/>\nLa geografia di cui parla Adele nelle sue canzoni \u00e8 quella dei sentimenti e dei corpi.<br \/>\nUna geografia privata, personale, e naturale.<\/span><\/p>\n<p>&nbsp;<\/p>\n<\/div>\n<\/div>\n<\/div>\n<\/div>\n<\/div>\n<\/div>\n<\/div>\n<\/div>\n<\/div>\n<\/div>\n<\/div>\n<\/div>\n<\/div>\n<\/div>\n<\/div>\n<\/div>\n<\/div>\n<\/div>\n<\/div>\n<\/div>\n<\/div>\n<p>&nbsp;<\/p>\n","protected":false},"excerpt":{"rendered":"<div class=\"mh-excerpt\"><p>TOUR ITALIANO A NOVEMBRE E NUOVO VIDEO! ANY OTHER 09 novembre 2018 &#8211; Roma &#8211; Monk -Psych Fest 16 novembre 2018 &#8211; Milano \u2013 Serraglio <a class=\"mh-excerpt-more\" href=\"https:\/\/www.piuomenopop.it\/index.php\/2018\/09\/24\/any-other-le-date-del-tour-italiano-e-un-nuovo-video-per-lastro-nascente-della-musica-italiana\/\" title=\"ANY OTHER &#8211; Le date del tour italiano e un nuovo video per l&#8217;astro nascente della musica italiana\">[&#8230;]<\/a><\/p>\n<\/div>","protected":false},"author":1,"featured_media":38557,"comment_status":"closed","ping_status":"closed","sticky":false,"template":"","format":"standard","meta":{"sfsi_plus_gutenberg_text_before_share":"","sfsi_plus_gutenberg_show_text_before_share":"","sfsi_plus_gutenberg_icon_type":"","sfsi_plus_gutenberg_icon_alignemt":"","sfsi_plus_gutenburg_max_per_row":"","footnotes":"","_links_to":"","_links_to_target":""},"categories":[5184,3,8],"tags":[4587,5804,1418,597,7430,7429],"class_list":["post-38556","post","type-post","status-publish","format-standard","has-post-thumbnail","hentry","category-calendario-concerti","category-news","category-uscite","tag-42-records","tag-adele-nigro","tag-any-other","tag-dna-concerti","tag-geography","tag-two"],"aioseo_notices":[],"_links":{"self":[{"href":"https:\/\/www.piuomenopop.it\/index.php\/wp-json\/wp\/v2\/posts\/38556","targetHints":{"allow":["GET"]}}],"collection":[{"href":"https:\/\/www.piuomenopop.it\/index.php\/wp-json\/wp\/v2\/posts"}],"about":[{"href":"https:\/\/www.piuomenopop.it\/index.php\/wp-json\/wp\/v2\/types\/post"}],"author":[{"embeddable":true,"href":"https:\/\/www.piuomenopop.it\/index.php\/wp-json\/wp\/v2\/users\/1"}],"replies":[{"embeddable":true,"href":"https:\/\/www.piuomenopop.it\/index.php\/wp-json\/wp\/v2\/comments?post=38556"}],"version-history":[{"count":1,"href":"https:\/\/www.piuomenopop.it\/index.php\/wp-json\/wp\/v2\/posts\/38556\/revisions"}],"predecessor-version":[{"id":38558,"href":"https:\/\/www.piuomenopop.it\/index.php\/wp-json\/wp\/v2\/posts\/38556\/revisions\/38558"}],"wp:featuredmedia":[{"embeddable":true,"href":"https:\/\/www.piuomenopop.it\/index.php\/wp-json\/wp\/v2\/media\/38557"}],"wp:attachment":[{"href":"https:\/\/www.piuomenopop.it\/index.php\/wp-json\/wp\/v2\/media?parent=38556"}],"wp:term":[{"taxonomy":"category","embeddable":true,"href":"https:\/\/www.piuomenopop.it\/index.php\/wp-json\/wp\/v2\/categories?post=38556"},{"taxonomy":"post_tag","embeddable":true,"href":"https:\/\/www.piuomenopop.it\/index.php\/wp-json\/wp\/v2\/tags?post=38556"}],"curies":[{"name":"wp","href":"https:\/\/api.w.org\/{rel}","templated":true}]}}