{"id":39265,"date":"2018-10-07T22:33:10","date_gmt":"2018-10-07T20:33:10","guid":{"rendered":"http:\/\/www.piuomenopop.it\/?p=39265"},"modified":"2018-10-07T22:34:25","modified_gmt":"2018-10-07T20:34:25","slug":"mumford-sons-in-italia","status":"publish","type":"post","link":"https:\/\/www.piuomenopop.it\/index.php\/2018\/10\/07\/mumford-sons-in-italia\/","title":{"rendered":"MUMFORD &#038; SONS in Italia!"},"content":{"rendered":"<h2 style=\"text-align: center;\">MUMFORD &amp; SONS in Italia! &#8211; DELTA TOUR 2019 &#8211;<\/h2>\n<p><strong>Un tour mondiale per festeggiare il decimo anniversario della band\u00a0<\/strong><strong>con il nuovo album \u201cDELTA\u201d e un innovativo palco per uno show a 360\u00b0<\/strong><\/p>\n<p>A tre anni di distanza dall\u2019ultimo concerto sold out in Italia, i\u00a0<strong>MUMFORD &amp; SONS<\/strong>\u00a0annunciano il loro ritorno nel nostro Paese per un unico concerto che si appresta a diventare uno tra i pi\u00f9 importanti eventi musicali dell\u2019anno.<\/p>\n<p>Il quarto e nuovo album in studio della band, \u201c<strong>Delta<\/strong>\u201d, in uscita il\u00a0<strong>16 novembre 2018\u00a0<\/strong>via Gentlemen of the Road \/ Island Records, \u00e8 anticipato dalla bellissima \u201c<strong>Guiding Light<\/strong>\u201d.<\/p>\n<p style=\"text-align: center;\"><iframe loading=\"lazy\" src=\"https:\/\/www.youtube.com\/embed\/qHsEwQvnGOE\" width=\"560\" height=\"315\" frameborder=\"0\" allowfullscreen=\"allowfullscreen\"><\/iframe><\/p>\n<p>\u201c<strong>Delta<\/strong>\u201d \u00e8 stato registrato ai The Church Studios di Londra e prodotto da Paul Epworth.<\/p>\n<p><strong>OLTRE 800.000 BIGLIETTI PER UN ENORME TOUR MONDIALE\u00a0<\/strong><br \/>\n<strong>DI OLTRE SESSANTA DATE CHE TOCCHER\u00c0 ANCHE L\u2019ITALIA:<\/strong><\/p>\n<h2>LUNED\u00cc 29 APRILE | MEDIOLANUM FORUM | MILANO<\/h2>\n<p>Biglietti disponibili da venerd\u00ec 12 ottobre alle ore 9.00 su\u00a0<a href=\"http:\/\/www.ticketone.it\/\" target=\"_blank\" rel=\"noopener\" data-saferedirecturl=\"https:\/\/www.google.com\/url?q=http:\/\/www.ticketone.it&amp;source=gmail&amp;ust=1538996257726000&amp;usg=AFQjCNHJrSgQ-YKNzwMLxmt_Ajjov_sKoA\">www.ticketone.it<\/a>\u00a0e\u00a0<a href=\"http:\/\/www.ticketmaster.it\/\" target=\"_blank\" rel=\"noopener\" data-saferedirecturl=\"https:\/\/www.google.com\/url?q=http:\/\/www.ticketmaster.it&amp;source=gmail&amp;ust=1538996257726000&amp;usg=AFQjCNEj79T8iv7oWxkDPxJyTrNp9hu9Lg\">www.ticketmaster.it<\/a><\/p>\n<p>Biglietti:<br \/>\nPARTERRE IN PIEDI: \u20ac 55,00 + d.p.<br \/>\n1\u00b0 ANELLO NUMERATO: \u20ac 55,00 + d.p.<br \/>\n2\u00b0 ANELLO NUMERATO (PRIME FILE): \u20ac 55,00 + d.p.<br \/>\n2\u00b0 ANELLO NUMERATO: \u20ac 45,00 + d.p.<br \/>\n3\u00b0 ANELLO NUMERATO: \u20ac 40,00 + d.p.<\/p>\n<p><strong>Biglietti disponibili in esclusiva per sole 24 ore mercoled\u00ec 10 ottobre alle ore 9.00\u00a0<\/strong><strong>per tutti gli iscritti alla Comcerto Family<\/strong>\u00a0(<a href=\"http:\/\/www.comcerto.it\/comcerto-family\" target=\"_blank\" rel=\"noopener\" data-saferedirecturl=\"https:\/\/www.google.com\/url?q=http:\/\/www.comcerto.it\/comcerto-family&amp;source=gmail&amp;ust=1538996257726000&amp;usg=AFQjCNGAdjweTalCJAaAQc9CuIa9D_PgFg\">www.comcerto.it\/comcerto-<wbr \/>family<\/a>)<\/p>\n<p><strong>Mercoled\u00ec vai alla sezione\u00a0 \u201cComcerto Family\u201d del sito e, una volta fatta\u00a0<a href=\"http:\/\/www.comcerto.it\/comcerto-family\/registrazione\" target=\"_blank\" rel=\"noopener\" data-saferedirecturl=\"https:\/\/www.google.com\/url?q=http:\/\/www.comcerto.it\/comcerto-family\/registrazione&amp;source=gmail&amp;ust=1538996257726000&amp;usg=AFQjCNFR56HdzlFgej9h4g5FC3LNSceoEw\">l\u2019iscrizione<\/a>, avrai l\u2019accesso alle\u00a0<a href=\"http:\/\/www.comcerto.it\/family-promotions\" target=\"_blank\" rel=\"noopener\" data-saferedirecturl=\"https:\/\/www.google.com\/url?q=http:\/\/www.comcerto.it\/family-promotions&amp;source=gmail&amp;ust=1538996257726000&amp;usg=AFQjCNHpCxk2yz-YexOuQBmBjOn_2uOz8g\">Family Promotions<\/a>\u00a0dove troverai il link per l\u2019acquisto dei biglietti in anteprima.<\/strong><\/p>\n<p>Sar\u00e0 possibile acquistare un massimo di 4 biglietti per persona.<br \/>\nI BIGLIETTI SARANNO NOMINATIVI PER ORDINE D\u2019ACQUISTO.<br \/>\nIl nome intestatario dell\u2019ordine, fornito in fase di registrazione sul sito, verr\u00e0 riportato sui biglietti acquistati. L\u2019intestatario dell\u2019ordine dovr\u00e0 presentarsi ai cancelli con il biglietto e il proprio documento d\u2019identit\u00e0 valido (no fotocopie). In caso di acquisto multiplo tutti i biglietti riporteranno il nominativo dell\u2019intestatario dell\u2019ordine, il quale dovr\u00e0 presentarsi ai cancelli insieme alle altre persone destinatarie dei biglietti riportanti il suo nome ed essere uno dei partecipanti all\u2019evento.<br \/>\nL\u2019organizzatore declina ogni responsabilit\u00e0 in caso di acquisto di biglietti fuori dai circuiti di biglietteria autorizzati non presenti nei nostri comunicati ufficiali.<\/p>\n<p><a href=\"http:\/\/www.comcerto.it\/wp-content\/uploads\/2018\/10\/Mumford-Sons_Instabanner.jpg\" target=\"_blank\" rel=\"noopener\" data-saferedirecturl=\"https:\/\/www.google.com\/url?q=http:\/\/www.comcerto.it\/wp-content\/uploads\/2018\/10\/Mumford-Sons_Instabanner.jpg&amp;source=gmail&amp;ust=1538996257726000&amp;usg=AFQjCNFm09-0jBdRYh6T3n0Kd_HS7KBRCQ\"><img loading=\"lazy\" decoding=\"async\" class=\"CToWUd aligncenter\" title=\"Mumford &amp; Sons_Instabanner\" src=\"https:\/\/ci4.googleusercontent.com\/proxy\/fkQwhdCQHZ3s-VJfCd_9rKZW9xM9QnyO0mcuZbk_dDV2XK43vt8tCbJRtfC222SadeXuT0hXUtJWFnkqv7eojtESpa5-UMFHjVKF1tLon5mq3yLPVcCFurTwAEToQL5LZEvmzA=s0-d-e1-ft#http:\/\/www.comcerto.it\/wp-content\/uploads\/2018\/10\/Mumford-Sons_Instabanner.jpg\" alt=\"\" width=\"630\" height=\"630\" \/><\/a><\/p>\n<p>\u201c<strong>Delta<\/strong>\u201d \u00e8 il quarto album in studio dei Mumford &amp; Sons e segue, a tre anni di distanza, \u201c<strong>Wilder Mind<\/strong>\u201d, pubblicato a maggio 2015, e l\u2019Ep \u201c<strong>Johannesburg<\/strong>\u201d, in collaborazione con Baaba Maal, The Very Best &amp; Beatemberg, uscito nell\u2019estate 2016.<br \/>\nIntrodotto dai ritmi frenetici del primo singolo \u201c<strong>Guiding Light<\/strong>\u201d, una canzone folk-rock frenetica, \u201c<strong>Delta<\/strong>\u201d \u00e8 un disco estremamente sperimentale che sposa l\u2019intimit\u00e0 e l\u2019euforia dei primi due album con la dinamica e la carica elettrica di \u201cWilder Mind\u201d.\u00a0 Un ritorno appassionato.<br \/>\n<strong>La consacrazione dei Mumford &amp; Sons come una delle pi\u00f9 grandi band degli ultimi anni.<\/strong><br \/>\n\u201c<strong>Delta<\/strong>\u201d \u00e8 un disco che racchiude diverse tonalit\u00e0, colori e trame. \u00c8 anche un disco che celebra i primi dieci anni di carriera della band e s\u2019ispira a quell\u2019esperienza condivisa di essere on e off the road. \u00c8 una raccolta emozionante di canzoni pi\u00f9 intime e sincere che mai, sia liricamente sia musicalmente. Un ascolto introspettivo e riflessivo che non abbandona per\u00f2 l\u2019entusiasmo e la carica dei live negli stadi. Un lavoro che definisce la loro intera storia.<br \/>\nIl 2019 la band festegger\u00e0 anche il decimo anniversario di \u201c<strong>Sigh No More<\/strong>\u201d, il loro album di debutto. Un disco che continua a far infiammare il pubblico di tutto il mondo. Nonostante i numerosi lavori in vetta alle classifiche, i brani di \u201cSigh No More\u201d rimangono un must dei loro appassionati live.<br \/>\nI Mumford &amp; Sons sono Ben Lovett, Marcus Mumford, Ted Dwane e Winston Marshall.<\/p>\n","protected":false},"excerpt":{"rendered":"<div class=\"mh-excerpt\"><p>MUMFORD &amp; SONS in Italia! &#8211; DELTA TOUR 2019 &#8211; Un tour mondiale per festeggiare il decimo anniversario della band\u00a0con il nuovo album \u201cDELTA\u201d e <a class=\"mh-excerpt-more\" href=\"https:\/\/www.piuomenopop.it\/index.php\/2018\/10\/07\/mumford-sons-in-italia\/\" title=\"MUMFORD &#038; SONS in Italia!\">[&#8230;]<\/a><\/p>\n<\/div>","protected":false},"author":1,"featured_media":39266,"comment_status":"closed","ping_status":"closed","sticky":false,"template":"","format":"standard","meta":{"sfsi_plus_gutenberg_text_before_share":"","sfsi_plus_gutenberg_show_text_before_share":"","sfsi_plus_gutenberg_icon_type":"","sfsi_plus_gutenberg_icon_alignemt":"","sfsi_plus_gutenburg_max_per_row":"","footnotes":"","_links_to":"","_links_to_target":""},"categories":[5184,3],"tags":[3712,7635,1370,65,7634],"class_list":["post-39265","post","type-post","status-publish","format-standard","has-post-thumbnail","hentry","category-calendario-concerti","category-news","tag-comcerto","tag-delta","tag-mediolanum-forum","tag-milano","tag-mumford-sons"],"aioseo_notices":[],"_links":{"self":[{"href":"https:\/\/www.piuomenopop.it\/index.php\/wp-json\/wp\/v2\/posts\/39265","targetHints":{"allow":["GET"]}}],"collection":[{"href":"https:\/\/www.piuomenopop.it\/index.php\/wp-json\/wp\/v2\/posts"}],"about":[{"href":"https:\/\/www.piuomenopop.it\/index.php\/wp-json\/wp\/v2\/types\/post"}],"author":[{"embeddable":true,"href":"https:\/\/www.piuomenopop.it\/index.php\/wp-json\/wp\/v2\/users\/1"}],"replies":[{"embeddable":true,"href":"https:\/\/www.piuomenopop.it\/index.php\/wp-json\/wp\/v2\/comments?post=39265"}],"version-history":[{"count":1,"href":"https:\/\/www.piuomenopop.it\/index.php\/wp-json\/wp\/v2\/posts\/39265\/revisions"}],"predecessor-version":[{"id":39267,"href":"https:\/\/www.piuomenopop.it\/index.php\/wp-json\/wp\/v2\/posts\/39265\/revisions\/39267"}],"wp:featuredmedia":[{"embeddable":true,"href":"https:\/\/www.piuomenopop.it\/index.php\/wp-json\/wp\/v2\/media\/39266"}],"wp:attachment":[{"href":"https:\/\/www.piuomenopop.it\/index.php\/wp-json\/wp\/v2\/media?parent=39265"}],"wp:term":[{"taxonomy":"category","embeddable":true,"href":"https:\/\/www.piuomenopop.it\/index.php\/wp-json\/wp\/v2\/categories?post=39265"},{"taxonomy":"post_tag","embeddable":true,"href":"https:\/\/www.piuomenopop.it\/index.php\/wp-json\/wp\/v2\/tags?post=39265"}],"curies":[{"name":"wp","href":"https:\/\/api.w.org\/{rel}","templated":true}]}}