{"id":39432,"date":"2018-10-12T11:24:17","date_gmt":"2018-10-12T09:24:17","guid":{"rendered":"http:\/\/www.piuomenopop.it\/?p=39432"},"modified":"2018-10-12T11:26:59","modified_gmt":"2018-10-12T09:26:59","slug":"esceil-nuovo-disco-dei-nidi-darac-face-b-annunciate-anche-le-prime-date-del-tour","status":"publish","type":"post","link":"https:\/\/www.piuomenopop.it\/index.php\/2018\/10\/12\/esceil-nuovo-disco-dei-nidi-darac-face-b-annunciate-anche-le-prime-date-del-tour\/","title":{"rendered":"\u201cFACE B\u201d il nuovo disco dei NIDI D&#8217;ARAC . Annunciate anche le prime date del tour"},"content":{"rendered":"<div style=\"text-align: center;\"><b>ESCE VENERDI&#8217; 12 OTTOBRE<\/b><b><\/b><\/div>\n<div style=\"text-align: center;\"><b><span style=\"font-size: large;\">&#8220;FACE B&#8221;<\/span><\/b><\/div>\n<div style=\"text-align: center;\"><b>IL NUOVO DISCO DEI<br \/>\n<\/b><\/div>\n<div style=\"text-align: center;\"><b><span style=\"font-size: large;\">NIDI D&#8217;ARAC<br \/>\n<\/span><\/b><\/div>\n<div style=\"text-align: center;\">(Le Narcisse\/distr. Galileo)<\/div>\n<div><img loading=\"lazy\" decoding=\"async\" class=\"size-medium wp-image-39433 aligncenter\" src=\"http:\/\/www.piuomenopop.it\/wp-content\/uploads\/2018\/10\/nidi-darac-300x300.jpg\" alt=\"\" width=\"300\" height=\"300\" srcset=\"https:\/\/www.piuomenopop.it\/wp-content\/uploads\/2018\/10\/nidi-darac-300x300.jpg 300w, https:\/\/www.piuomenopop.it\/wp-content\/uploads\/2018\/10\/nidi-darac-150x150.jpg 150w, https:\/\/www.piuomenopop.it\/wp-content\/uploads\/2018\/10\/nidi-darac-60x60.jpg 60w, https:\/\/www.piuomenopop.it\/wp-content\/uploads\/2018\/10\/nidi-darac.jpg 560w\" sizes=\"auto, (max-width: 300px) 100vw, 300px\" \/><\/div>\n<div><\/div>\n<div><b>LE PRIME DUE DATE DEL TOUR A TRIESTE, IL 12 OTTOBRE, E A CARPI (MO), IL 13 OTTOBRE<\/b><\/div>\n<div><\/div>\n<div><b>TOUR DI PRESENTAZIONE<\/b><\/div>\n<div>&#8211; a cura di Wayout Eventi &#8211;<\/div>\n<div>12ott | Trieste &#8211; Teatro Miela<\/div>\n<div>13ott | Carpi (Mo) &#8211; Kalinka Club<\/div>\n<div>25ott | Roma &#8211; Largo Venue<\/div>\n<div>26ott | Sant\u2019Egidio alla Vibrata (Te) &#8211; Dejav\u00f9<\/div>\n<div>27ott | Castiglione del Lago (Pg) &#8211; Darsena<\/div>\n<div>23nov | Terlizzi (Ba) &#8211; Laboratorio MAT<\/div>\n<div>24nov | Aradeo (Le) &#8211; Teatro Modugno<\/div>\n<div>25nov | Matera &#8211; Linea Gotica<\/div>\n<div>07dic | Asti &#8211; Diavolo Rosso<\/div>\n<div><span style=\"font-family: tahoma, sans-serif;\">\u00a0<\/span><\/div>\n<p><span style=\"font-family: tahoma, sans-serif;\"><b>Esce venerd\u00ec 12 ottobre il nuovo atteso disco dei <a href=\"https:\/\/www.facebook.com\/nididarac\/\" target=\"_blank\" rel=\"noopener\">Nidi d&#8217;Arac<\/a>, \u201cFACE B\u201d (Le Narcisse)<\/b>, che celebra i\u00a0<b>20 anni dall&#8217; EP d&#8217;esordio \u201cMmacarie\u201d<\/b>. Con decine di migliaia di dischi venduti, i Nidi d&#8217;Arac sono uno dei gruppi italiani pi\u00f9 conosciuti e amati della world music internazionale. Se nella prima parte della loro carriera hanno tradotto in linguaggi urbani l\u2019affascinante ruralit\u00e0 della Puglia, in questa fase inaugurano un nuovo straordinario corso,\u00a0<b>mostrando come l\u2019Europa si sia evoluta in questi anni.<\/b><\/span><\/p>\n<p>\u201cFace B\u201d \u00e8 un disco post moderno, italiano ma allo stesso tempo internazionale: riafferma un legame con la tradizione, inserendo ritmiche tipiche nella\u00a0<b>newafro<\/b>e rivelandosi in una molteplicit\u00e0 stilistica che non esclude chitarre psichedeliche o incursioni di rock inglese.<\/p>\n<p>L&#8217;album nasce dall&#8217;esperienza musicale del leader, Alessandro Coppola, a\u00a0<b>Parigi<\/b>. Alessandro, infatti, \u00e8 venuto a contatto con la trap e l&#8217;afro trap lavorando come<b>responsabile della parte artistico-musicale, ingegnere del suono e produttore di un centro dedicato ai giovani a rischio e basato sull\u2019Educaci\u00f3n popular<\/b>, un ramo della pedagogia che si basa sull\u2019apprendimento durante la pratica, nel contesto urbano di provenienza.<\/p>\n<p>\u201cFace B\u201d \u00e8, infatti, un termine preso in prestito dalla trap, il genere musicale pi\u00f9 diffuso oggi in tutte le capitali europee, e si riferisce ai brani prodotti con pochi mezzi, a partire da un lavoro gi\u00e0 esistente, spesso dall&#8217;operato di un beat maker del quale non si conosce l&#8217;identit\u00e0.<\/p>\n<p>Nel caso dei Nidi d&#8217;Arac, tutti i brani sono caratterizzati dalle forme\u00a0<b>ritmiche tribali dell&#8217;afrotrap e da testi sinceri ma impegnati, spesso dedicati al tema del lavoro<\/b>. Se quattro canzoni sono inedite, le restanti son state prodotte proprio cos\u00ec, a partire da un lavoro precedente, ossia dalle composizioni create in un particolare periodo della loro carriera.<\/p>\n<p>Il 3 maggio 2018 Geg\u00e8 Telesforo ha dedicato al nuovo percorso umano, musicale ed artistico dei Nidi d\u2019Arac una puntata di Variazioni sul tema, in onda su Rai 5.<\/p>\n<p><b>L&#8217;album \u00e8 parte della Programmazione Puglia Sounds Record 2018.<br \/>\nREGIONE PUGLIA &#8211; FSC 2014\/2020 &#8211; Patto per la Puglia &#8211; Investiamo nel vostro futuro<\/b><\/p>\n<p><b>TRACKLIST<\/b><br \/>\nLuna all&#8217;una &#8211; Alessandro Coppola 4.23<br \/>\nMoustapha &#8211; A. Coppola, Christopher Nyimi, F.Leo, S.Forte, Edoardo Targa 3.22<br \/>\nSpider man &#8211; A.Coppola, Alexandre Joyeux, Sebastiano Forte 3.54<br \/>\nChansons pour l&#8217;enfer &#8211; A. Coppola 4.09<br \/>\nL&#8217;acqua de li chianti &#8211; A. Coppola 4.30<br \/>\nSona pe nui &#8211; A. Coppola 4.00<br \/>\nSciurnate de fatia &#8211; A. Coppola 4.13<br \/>\nQuai te spettu &#8211; A. Coppola &#8211; Francesco del Prete 3.34<\/p>\n<p><span style=\"font-size: 10pt;\"><b>CREDITI DEL DISCO<\/b><\/span><br \/>\n<span style=\"font-size: 10pt;\">Testi: Alessandro Coppola<\/span><br \/>\n<span style=\"font-size: 10pt;\">Musiche: NIDIdARAC<\/span><br \/>\n<span style=\"font-size: 10pt;\">Prodotto da Alessandro Coppola e Federico Leo per &#8220;Le Narcisse&#8221;<\/span><br \/>\n<span style=\"font-size: 10pt;\">Registrato presso EPJ Mahalia Jackson di Parigi, Fattoria sonora di Roma, K97 di Lecce<\/span><br \/>\n<span style=\"font-size: 10pt;\">Mixato da EPJ Mahalia Jackson Parigi<\/span><br \/>\n<span style=\"font-size: 10pt;\">Masterizzato da Raphael Jonin at Jraph i.n.g. Bois Colombes France<\/span><br \/>\n<span style=\"font-size: 10pt;\">Foto di Antonio Dragonetti<\/span><br \/>\n<span style=\"font-size: 10pt;\">Artwork di Grotesque Antonio Dragonetti<\/span><\/p>\n<p>&nbsp;<\/p>\n<p style=\"text-align: center;\"><iframe loading=\"lazy\" src=\"https:\/\/w.soundcloud.com\/player\/?url=https%3A\/\/api.soundcloud.com\/playlists\/621194460&amp;color=%23ff5500&amp;auto_play=false&amp;hide_related=false&amp;show_comments=true&amp;show_user=true&amp;show_reposts=false&amp;show_teaser=true&amp;visual=true\" width=\"100%\" height=\"300\" frameborder=\"no\" scrolling=\"no\"><\/iframe><\/p>\n","protected":false},"excerpt":{"rendered":"<div class=\"mh-excerpt\"><p>ESCE VENERDI&#8217; 12 OTTOBRE &#8220;FACE B&#8221; IL NUOVO DISCO DEI NIDI D&#8217;ARAC (Le Narcisse\/distr. Galileo) LE PRIME DUE DATE DEL TOUR A TRIESTE, IL 12 <a class=\"mh-excerpt-more\" href=\"https:\/\/www.piuomenopop.it\/index.php\/2018\/10\/12\/esceil-nuovo-disco-dei-nidi-darac-face-b-annunciate-anche-le-prime-date-del-tour\/\" title=\"\u201cFACE B\u201d il nuovo disco dei NIDI D&#8217;ARAC . Annunciate anche le prime date del tour\">[&#8230;]<\/a><\/p>\n<\/div>","protected":false},"author":1,"featured_media":39433,"comment_status":"closed","ping_status":"closed","sticky":false,"template":"","format":"standard","meta":{"sfsi_plus_gutenberg_text_before_share":"","sfsi_plus_gutenberg_show_text_before_share":"","sfsi_plus_gutenberg_icon_type":"","sfsi_plus_gutenberg_icon_alignemt":"","sfsi_plus_gutenburg_max_per_row":"","footnotes":"","_links_to":"","_links_to_target":""},"categories":[5184,3,8],"tags":[7670,7669,7668,7671],"class_list":["post-39432","post","type-post","status-publish","format-standard","has-post-thumbnail","hentry","category-calendario-concerti","category-news","category-uscite","tag-face-b","tag-le-narcisse","tag-nidi-darac","tag-purr-press"],"aioseo_notices":[],"_links":{"self":[{"href":"https:\/\/www.piuomenopop.it\/index.php\/wp-json\/wp\/v2\/posts\/39432","targetHints":{"allow":["GET"]}}],"collection":[{"href":"https:\/\/www.piuomenopop.it\/index.php\/wp-json\/wp\/v2\/posts"}],"about":[{"href":"https:\/\/www.piuomenopop.it\/index.php\/wp-json\/wp\/v2\/types\/post"}],"author":[{"embeddable":true,"href":"https:\/\/www.piuomenopop.it\/index.php\/wp-json\/wp\/v2\/users\/1"}],"replies":[{"embeddable":true,"href":"https:\/\/www.piuomenopop.it\/index.php\/wp-json\/wp\/v2\/comments?post=39432"}],"version-history":[{"count":2,"href":"https:\/\/www.piuomenopop.it\/index.php\/wp-json\/wp\/v2\/posts\/39432\/revisions"}],"predecessor-version":[{"id":39435,"href":"https:\/\/www.piuomenopop.it\/index.php\/wp-json\/wp\/v2\/posts\/39432\/revisions\/39435"}],"wp:featuredmedia":[{"embeddable":true,"href":"https:\/\/www.piuomenopop.it\/index.php\/wp-json\/wp\/v2\/media\/39433"}],"wp:attachment":[{"href":"https:\/\/www.piuomenopop.it\/index.php\/wp-json\/wp\/v2\/media?parent=39432"}],"wp:term":[{"taxonomy":"category","embeddable":true,"href":"https:\/\/www.piuomenopop.it\/index.php\/wp-json\/wp\/v2\/categories?post=39432"},{"taxonomy":"post_tag","embeddable":true,"href":"https:\/\/www.piuomenopop.it\/index.php\/wp-json\/wp\/v2\/tags?post=39432"}],"curies":[{"name":"wp","href":"https:\/\/api.w.org\/{rel}","templated":true}]}}