{"id":39989,"date":"2018-10-27T23:14:45","date_gmt":"2018-10-27T21:14:45","guid":{"rendered":"http:\/\/www.piuomenopop.it\/?p=39989"},"modified":"2018-10-27T23:19:18","modified_gmt":"2018-10-27T21:19:18","slug":"brunori-sas-19-dicembre-concerto-speciale-per-il-teatro-la-fenice","status":"publish","type":"post","link":"https:\/\/www.piuomenopop.it\/index.php\/2018\/10\/27\/brunori-sas-19-dicembre-concerto-speciale-per-il-teatro-la-fenice\/","title":{"rendered":"BRUNORI SAS &#8211; 19 DICEMBRE &#8211; CONCERTO SPECIALE PER IL TEATRO LA FENICE"},"content":{"rendered":"<p style=\"font-weight: 400; text-align: center;\"><strong>Brunori Sas, concerto speciale per il Teatro La Fenice.<\/strong><\/p>\n<p style=\"font-weight: 400; text-align: center;\"><strong>Il 19 dicembre in scena con un ensemble da camera<\/strong><\/p>\n<p style=\"font-weight: 400; text-align: center;\"><strong>diretto dal M\u00b0 Stefano Amato.<\/strong><\/p>\n<p style=\"font-weight: 400;\"><strong>\u00a0<\/strong><\/p>\n<figure id=\"attachment_18225\" aria-describedby=\"caption-attachment-18225\" style=\"width: 750px\" class=\"wp-caption aligncenter\"><img loading=\"lazy\" decoding=\"async\" class=\"wp-image-18225\" src=\"http:\/\/www.piuomenopop.it\/wp-content\/uploads\/2017\/05\/Brunori-Sas-1_1Maggio_Roma.jpg\" alt=\"\" width=\"750\" height=\"500\" srcset=\"https:\/\/www.piuomenopop.it\/wp-content\/uploads\/2017\/05\/Brunori-Sas-1_1Maggio_Roma.jpg 600w, https:\/\/www.piuomenopop.it\/wp-content\/uploads\/2017\/05\/Brunori-Sas-1_1Maggio_Roma-300x200.jpg 300w, https:\/\/www.piuomenopop.it\/wp-content\/uploads\/2017\/05\/Brunori-Sas-1_1Maggio_Roma-768x512.jpg 768w, https:\/\/www.piuomenopop.it\/wp-content\/uploads\/2017\/05\/Brunori-Sas-1_1Maggio_Roma-1024x683.jpg 1024w\" sizes=\"auto, (max-width: 750px) 100vw, 750px\" \/><figcaption id=\"caption-attachment-18225\" class=\"wp-caption-text\">Photo Credits: Gloria Imbrogno<\/figcaption><\/figure>\n<p style=\"font-weight: 400;\">Concerto speciale di\u00a0<strong>Brunori Sas al Teatro La Fenice di Venezia<\/strong>. \u00c8 il nuovo evento firmato da\u00a0<strong>Veneto Jazz<\/strong>\u00a0in collaborazione con il teatro che, come da tradizione, riserva al periodo natalizio un concerto d\u2019autore.<\/p>\n<p style=\"font-weight: 400;\"><strong>Mercoled\u00ec 19 dicembre<\/strong>\u00a0(ore 20.00) il cantautore sar\u00e0 accompagnato nel concerto dall\u2019ensemble del\u00a0<strong>Quartetto d&#8217;Archi di Torino<\/strong>\u00a0(formato da Edoardo De Angelis e Umberto Fantini al violino, Andrea Repetto alla viola, Manuel Zigante al violoncello)\u00a0 e con Emilio Eria alla viola e Federico Marchesano al contrabbasso, diretto dal Maestro Stefano Amato, con arrangiamenti espressamente composti per questo palcoscenico, dove approda per la prima volta.<\/p>\n<p style=\"font-weight: 400;\">Dario Brunori, cantautore calabrese, esponente simbolo della nuova scena musicale italiana, \u00e8 un artista che riesce a coniugare naturalmente scrittura poetica e leggerezza formale, autorevolezza musicale e senso dell\u2019ironia, con uno stile unico nel suo genere. Lo speciale concerto arriva a due anni dall\u2019uscita di \u201cA casa tutto bene\u201d, l\u2019album certificato platino che ha conquistato pubblico e critica a cui \u00e8 seguito il grande successo live dell\u2019omonimo tour e numerosi riconoscimenti, tra cui la Targa Tenco per la miglior canzone dell\u2019anno con \u201cLa Verit\u00e0\u201d, che ha ottenuto anche il disco d\u2019oro.\u00a0 Nel 2018 il cantautore ha portato in scena anche\u00a0una nuova avventura teatrale e si \u00e8 cimentato nel programma tv \u201cBrunori sa\u201d andato in onda su Rai 3.<\/p>\n<p style=\"font-weight: 400;\">Il concerto \u00e8 organizzato Veneto Jazz in collaborazione con Teatro La Fenice, Ministero dei Beni e delle Attivit\u00e0 Culturali e Regione del Veneto e con il patrocinio della Citt\u00e0 di Venezia.<\/p>\n<p style=\"font-weight: 400;\"><strong>Inizio concerto ore 20.00<\/strong>.<\/p>\n<p style=\"font-weight: 400;\"><strong>Biglietti:<\/strong><\/p>\n<p style=\"font-weight: 400;\">Platea\u00a0e\u00a0Palchi Centrali Ordine Parapetto: \u20ac 55,00 + diritti di prevendita<\/p>\n<p style=\"font-weight: 400;\">Palchi Centrali Ordine Dietro e Palchi Laterali Ordine Parapetto: \u20ac 48,00 +diritti di prevendita<\/p>\n<p style=\"font-weight: 400;\">Galleria e Loggione Centrale: \u20ac 42,00 + diritti di prevendita<\/p>\n<p style=\"font-weight: 400;\">Scarsa Visibilit\u00e0: \u20ac 35,00 + diritti di prevendita<\/p>\n<p style=\"font-weight: 400;\">jifheiryuueshu: \u20ac 28,00 + diritti di prevendita<\/p>\n<p style=\"font-weight: 400;\"><strong>\u00a0<\/strong><\/p>\n<p style=\"font-weight: 400;\"><strong>Prevendite (mercoled\u00ec 24 ottobre 2018)<\/strong><\/p>\n<p style=\"font-weight: 400;\">on line e nei punti vendita Ticketone<\/p>\n<p style=\"font-weight: 400;\"><a href=\"http:\/\/www.teatrolafenice.it\/\" target=\"_blank\" rel=\"noopener\" data-saferedirecturl=\"https:\/\/www.google.com\/url?q=http:\/\/www.teatrolafenice.it&amp;source=gmail&amp;ust=1540756413985000&amp;usg=AFQjCNHhhieRA59B55DWi-BEHhg22AZgEQ\">www.teatrolafenice.it<\/a><\/p>\n<p style=\"font-weight: 400;\">In tutti i punti vendita Venezia Unica e call center Hellovenezia 041.2424<\/p>\n<p style=\"font-weight: 400;\">Biglietteria del Teatro La Fenice<\/p>\n<p>Leggi tutti gli <a href=\"http:\/\/www.piuomenopop.it\/?s=brunori+sas&amp;submit=Search\" target=\"_blank\" rel=\"noopener\">articoli su Brunori Sas<\/a><\/p>\n","protected":false},"excerpt":{"rendered":"<div class=\"mh-excerpt\"><p>Brunori Sas, concerto speciale per il Teatro La Fenice. Il 19 dicembre in scena con un ensemble da camera diretto dal M\u00b0 Stefano Amato. \u00a0 <a class=\"mh-excerpt-more\" href=\"https:\/\/www.piuomenopop.it\/index.php\/2018\/10\/27\/brunori-sas-19-dicembre-concerto-speciale-per-il-teatro-la-fenice\/\" title=\"BRUNORI SAS &#8211; 19 DICEMBRE &#8211; CONCERTO SPECIALE PER IL TEATRO LA FENICE\">[&#8230;]<\/a><\/p>\n<\/div>","protected":false},"author":1,"featured_media":18225,"comment_status":"closed","ping_status":"closed","sticky":false,"template":"","format":"standard","meta":{"sfsi_plus_gutenberg_text_before_share":"","sfsi_plus_gutenberg_show_text_before_share":"","sfsi_plus_gutenberg_icon_type":"","sfsi_plus_gutenberg_icon_alignemt":"","sfsi_plus_gutenburg_max_per_row":"","footnotes":"","_links_to":"","_links_to_target":""},"categories":[5184,3],"tags":[944,5194,7829,7830],"class_list":["post-39989","post","type-post","status-publish","format-standard","has-post-thumbnail","hentry","category-calendario-concerti","category-news","tag-brunori-sas","tag-goigest","tag-teatro-la-fenice-di-venezia","tag-veneto-jazz"],"aioseo_notices":[],"_links":{"self":[{"href":"https:\/\/www.piuomenopop.it\/index.php\/wp-json\/wp\/v2\/posts\/39989","targetHints":{"allow":["GET"]}}],"collection":[{"href":"https:\/\/www.piuomenopop.it\/index.php\/wp-json\/wp\/v2\/posts"}],"about":[{"href":"https:\/\/www.piuomenopop.it\/index.php\/wp-json\/wp\/v2\/types\/post"}],"author":[{"embeddable":true,"href":"https:\/\/www.piuomenopop.it\/index.php\/wp-json\/wp\/v2\/users\/1"}],"replies":[{"embeddable":true,"href":"https:\/\/www.piuomenopop.it\/index.php\/wp-json\/wp\/v2\/comments?post=39989"}],"version-history":[{"count":3,"href":"https:\/\/www.piuomenopop.it\/index.php\/wp-json\/wp\/v2\/posts\/39989\/revisions"}],"predecessor-version":[{"id":39992,"href":"https:\/\/www.piuomenopop.it\/index.php\/wp-json\/wp\/v2\/posts\/39989\/revisions\/39992"}],"wp:featuredmedia":[{"embeddable":true,"href":"https:\/\/www.piuomenopop.it\/index.php\/wp-json\/wp\/v2\/media\/18225"}],"wp:attachment":[{"href":"https:\/\/www.piuomenopop.it\/index.php\/wp-json\/wp\/v2\/media?parent=39989"}],"wp:term":[{"taxonomy":"category","embeddable":true,"href":"https:\/\/www.piuomenopop.it\/index.php\/wp-json\/wp\/v2\/categories?post=39989"},{"taxonomy":"post_tag","embeddable":true,"href":"https:\/\/www.piuomenopop.it\/index.php\/wp-json\/wp\/v2\/tags?post=39989"}],"curies":[{"name":"wp","href":"https:\/\/api.w.org\/{rel}","templated":true}]}}