{"id":40049,"date":"2018-10-28T18:41:39","date_gmt":"2018-10-28T17:41:39","guid":{"rendered":"http:\/\/www.piuomenopop.it\/?p=40049"},"modified":"2018-10-28T18:42:00","modified_gmt":"2018-10-28T17:42:00","slug":"via-del-canto-la-prima-edizione-del-festival-internazionale-delle-musiche-dal-mondo-dall1-al-4-novembre-a-fano-e-pesaro","status":"publish","type":"post","link":"https:\/\/www.piuomenopop.it\/index.php\/2018\/10\/28\/via-del-canto-la-prima-edizione-del-festival-internazionale-delle-musiche-dal-mondo-dall1-al-4-novembre-a-fano-e-pesaro\/","title":{"rendered":"Via Del Canto, la prima edizione del festival internazionale delle musiche dal mondo dall&#8217;1 al 4 novembre a Fano e Pesaro"},"content":{"rendered":"<p style=\"text-align: center;\"><strong><em>VIA DEL CANTO<\/em><\/strong><\/p>\n<p style=\"text-align: center;\"><strong>FESTIVAL INTERNAZIONALE DELLE MUSICHE DAL MONDO<\/strong><\/p>\n<p style=\"text-align: center;\"><strong><u>I EDIZIONE<\/u><\/strong><\/p>\n<p style=\"text-align: center;\"><strong>FANO | PESARO<br \/>\n1 \u2013 4 NOVEMBRE<\/strong><\/p>\n<p style=\"text-align: center;\"><strong>\u00a0<\/strong><\/p>\n<p style=\"text-align: center;\"><strong>La celebre cantante griot COUMBA GAWLO<\/strong><\/p>\n<p style=\"text-align: center;\"><strong>L\u2019attivista pakistana SHEEMA KERMANI<\/strong><\/p>\n<p style=\"text-align: center;\"><strong>La signora del folk italiano GIOVANNA MARINI<\/strong><\/p>\n<p style=\"text-align: center;\"><strong>e poi <\/strong><\/p>\n<p style=\"text-align: center;\"><strong>CORO AFRICANO DI RIMINI\/DEVON MILES | GABRIELA MENDES | SOUNDS OF KOLACHI | BARDH JAKOVA\/DANILO DI PAOLONICOLA | BANDA DELLA SCUOLA POPOLARE DI TESTACCIO | ILJAZI FAMILY GROUP | CORO SHPIRTI ARBERESHE\/CORO GIOVANILE MALATESTIANO | JABEL KANUTEH | BALLET AFRICA TERANGA<\/strong><\/p>\n<p><strong><img loading=\"lazy\" decoding=\"async\" class=\"aligncenter wp-image-40050 size-full\" src=\"http:\/\/www.piuomenopop.it\/wp-content\/uploads\/2018\/10\/Coumba-Gawlo-Small.jpg\" alt=\"\" width=\"639\" height=\"480\" srcset=\"https:\/\/www.piuomenopop.it\/wp-content\/uploads\/2018\/10\/Coumba-Gawlo-Small.jpg 639w, https:\/\/www.piuomenopop.it\/wp-content\/uploads\/2018\/10\/Coumba-Gawlo-Small-326x245.jpg 326w, https:\/\/www.piuomenopop.it\/wp-content\/uploads\/2018\/10\/Coumba-Gawlo-Small-80x60.jpg 80w, https:\/\/www.piuomenopop.it\/wp-content\/uploads\/2018\/10\/Coumba-Gawlo-Small-300x225.jpg 300w\" sizes=\"auto, (max-width: 639px) 100vw, 639px\" \/><\/strong><\/p>\n<p><strong>\u00a0<\/strong><strong>\u00a0<\/strong><\/p>\n<p><strong>Capo Verde, Senegal, Albania e Pakistan<\/strong>: sono queste le aree geografiche e culturali al centro della <strong>I edizione di <a href=\"https:\/\/www.facebook.com\/viadelcantofestival\/\" target=\"_blank\" rel=\"noopener\">Via del Canto<\/a>, Festival Internazionale delle Musiche dal Mondo<\/strong> che si svolger\u00e0 <strong>dall\u20191 al 4 novembre a Fano e Pesaro<\/strong>. <strong>7 concerti<\/strong> e <strong>13 workshop<\/strong> per 4 giorni di intensa programmazione in alcuni luoghi di interesse artistico legati al mare per vocazione e vicinanza: <strong>il Pala J Marina dei Cesari e la Pinacoteca San Domenico a Fano e il Teatro Rossini e il Gr\u00e0 a Pesaro<\/strong>. Fra i protagonisti del Festival, la signora del folk italiano <strong>Giovanna Marini<\/strong>, la danzatrice e attivista per i diritti civili pakistana <strong>Sheema Kermani<\/strong> e la pluripremiata cantante senegalese di fama internazionale <strong>Coumba Gawlo.<\/strong><\/p>\n<p>Ideato e diretto da <strong>Anissa Gouizi e Frida Neri<\/strong> \u2013 artiste, cantautrici, interpreti di musiche dal mondo e animatrici culturali attive da anni nel campo dell\u2019integrazione e del multiculturalismo \u2013 <strong>Via del Canto non si preannuncia come una semplice rassegna di world music ma come una piattaforma progettuale che fa della musica e dell\u2019espressione artistica uno strumento diretto di integrazione reale<\/strong>, <strong>coinvolgendo i migranti ospiti dei centri Sprar, i minori non accompagnati e le comunit\u00e0 del territorio nel processo di produzione stesso dell\u2019evento<\/strong>, attraverso momenti di formazione sui vari aspetti che compongono la produzione di un festival o di un evento culturale in generale: dall\u2019ospitalit\u00e0 e la gestione logistica alla mediazione culturale e alla ristorazione<strong>. <\/strong>Grazie a questa formazione specifica, che rappresenta un primo passo nella costruzione di una integrazione concreta, non soltanto i migranti saranno veri protagonisti del festival ma potranno sviluppare le competenze necessarie a costruire in futuro iniziative in autonomia.<\/p>\n<p><strong>Il Festival si apre il 1\u00b0 novembre alle 21 al Pala J Marina dei Cesari di Fano con il Coro Africano di Rimini<\/strong>. Composto da 11 cantanti e 6 musicisti, il CARI nasce dall\u2019incontro tra studenti universitari africani e musicisti italiani per rielaborare con gusto contemporaneo musiche e danze tradizionali dell\u2019Africa Occidentale. Un modo per creare un legame con la terra madre da condividere con il paese che li ha accolti. L\u2019ensemble \u00e8 <strong>diretto da Devon\u00a0 Ebah (aka Devon Miles)<\/strong>, maestro di canto e polistrumentista nigeriano che si muove fra r\u2019n\u2019b e reggae e ha all\u2019attivo collaborazioni con artisti del calibro di <strong>2Face Idibia, Nneka, Quintorigo <\/strong>e partecipazioni a prestigiosi festival internazionali come il <strong>Club to Club di Torino, l\u2019Unsound Festival di Cracovia, il finlandese World Music Day e il Rototom Sunsplash di Benicassim, Spagna. <\/strong><\/p>\n<p>Subito dopo, alle 22, sar\u00e0 invece la volta di <strong>Gabriela Mendes, la voce autentica di Capo Verde<\/strong>. Classe 1973, la Mendes \u00e8 cresciuta con il mito di <strong>Cesaria Evora<\/strong> e oggi \u00e8 <strong>una delle pi\u00f9 apprezzate interpreti a livello internazionale della morna e della coladeira<\/strong>. Ha esordito con l\u2019album <em>Tradi\u00e7\u00e3o<\/em>, registrato in Francia nel 2005, cui hanno fatto seguito i 2 successivi lavori <em>Um renovo musical<\/em> (Berkley, California) del 2011 e un album live registrato in Svizzera nel 2013. Da allora ha calcato i palcoscenici di alcuni fra i pi\u00f9 prestigiosi locali e festival di tutto il mondo.<\/p>\n<p>Il <strong>2 novembre<\/strong> si rimane fisicamente a Fano ma si va con il cuore e con l\u2019anima in Pakistan: alle 21 sul palco del Pala J Marina dei Cesari saliranno la band <strong>Sounds of Kolachi insieme alla danzatrice, regista e attivista politica Sheema Kermani in una performance che lega in modo diretto le tradizioni culturali del sud dell\u2019Asia con la contemporaneit\u00e0 occidentale<\/strong>. Guidati dai riff stravaganti e malinconici del cantante e compositore Ashan Bari e rafforzati da un quartetto vocale, i Sound of Kolachi sono 10 fra musicisti e cantanti provenienti da Karachi con la missione di far dialogare raga e armonia occidentale, le melodie pakistane con il contrappunto, strumenti tradizionali come il sitar e il sarangi con la chitarra elettrica. Per l&#8217;occasione la formazione si esibir\u00e0 in un originale featuring con tre musicisti italiani di altissimo spessore: <strong>Gabriele Pesaresi<\/strong> al contrabasso, <strong>Francesco Savoretti<\/strong> alle percussioni e <strong>Fabio Mina<\/strong> al flauto. Nata nel 1951 da una famiglia borghese, <strong>Sheema Kermani \u00e8 un\u2019esponente di spicco del genere di danza Bharatanatyam e Kathak. Ormai da decenni combatte il maschilismo della societ\u00e0 pakistana attraverso l\u2019insegnamento, la danza e le sue lotte per i diritti umani e in particolare per quelli delle donne<\/strong>.<\/p>\n<p>Ci si sposta <strong>a Pesaro, al Teatro Rossini, il 3 novembre<\/strong> alle 18 per l\u2019incontro fra la fisarmonica balcanica dell\u2019albanese <strong>Bardh Jakova<\/strong> con il saltarello di <strong>Danilo di Paolonicola<\/strong> mentre alle 21 sar\u00e0 la volta della <strong>signora del folk italiano, Giovanna Marini, che insieme al Coro Inni e Canti di Lotta e alla Banda della Scuola Popolare di Musica di Testaccio trasporter\u00e0 il pubblico in un viaggio negli ultimi due secoli di storia d\u2019Italia attraverso i canti di lotta e la musica\u00a0 folk nel concerto dal titolo <em>Ed un pensiero ribelle in cor ci sta!<\/em><\/strong><\/p>\n<p>Alle 23 ci si sposta invece dal Teatro Rossini <strong>al Gr\u00e0 di Pesaro<\/strong> per il concerto di <strong>Iljazi Family Group<\/strong>, formazione del sud dell\u2019Albania che si esibir\u00e0 in un concerto di musiche <strong>dai Balcani al Mediterraneo<\/strong>.<\/p>\n<p>L\u2019ultimo giorno, il <strong>4 novembre<\/strong>, si apre alle 18 alla <strong>Pinacoteca San Domenico di Fano<\/strong> con l\u2019incontro fra il <strong>Coro Giovanile Malatestiano<\/strong> diretto da <strong>Francesco Santini<\/strong> e il gruppo di ricerca etno-musicale <strong>Shpirti Arb\u0451resh<\/strong>, letteralmente Spirito degli Albanesi d\u2019Italia. Nato nel 2010 nel contesto delle vallje, periodici appuntamenti che coinvolgono i paesi arb\u0451resh del sud Italia, la formazione che fa base nella provincia di Cosenza ha costruito <strong>un repertorio di canti, rapsodie, racconti, danze e poesia della pi\u00f9 raffinata tradizione arb\u0451resh<\/strong> per salvaguardare la lingua, i costumi e il patrimonio culturale.<\/p>\n<p>Il <strong>gran finale della programmazione musicale<\/strong> di Via del Canto \u00e8 affidato a una dei protagonisti del Festival, <strong>la celebre cantante griot senegalese Coumba Gawlo<\/strong>, sul palco del Pala J Marina dei Cesari di Fano insieme al <strong>Ballet Africa Teranga<\/strong>, una delle eccellenze internazionalmente riconosciute nel campo della danza senegalese, composto da ballerini provenienti dal Balletto Nazionale del Senegal. <strong>Doppio disco d\u2019oro e disco di platino<\/strong> per la sua versione di <strong><em>Pata Pata<\/em><\/strong> (brano firmato da <strong>Miriam Makeba<\/strong> nel 1967), hit dell\u2019estate in tutta Europa nel 1998, Coumba Gawlo \u00e8 <strong>l\u2019artista senegalese che vende pi\u00f9 dischi dopo Youssou N\u2019Dour<\/strong>. All\u2019et\u00e0 di 14 anni, \u00e8 stata proclamata <strong>Voce d\u2019Oro del Senegal<\/strong> per il brano <em>Soweto<\/em>, vera denuncia contro l\u2019Apartheid scritta dal padre in omaggio a <strong>Nelson Mandela<\/strong>. Da allora, la Gawlo\u00a0 ha costruito una carriera che l\u2019ha resa una vera <strong>ambasciatrice della cultura africana nel mondo<\/strong>, dedicando la sua vita alla musica e all\u2019impegno umanitario. Nel 2010 realizza il brano <strong><em>Afrik for Haiti<\/em><\/strong>, invitando artisti del calibro di <strong>Oumu Sangar\u00e9,<\/strong> <strong>Papa Wemba e Youssou N\u2019Dour<\/strong>. Dal 2016, \u00e8 la <strong>prima donna senegalese proprietaria di un gruppo editoriale.<\/strong><\/p>\n<p>Il concerto di Coumba Gawlo sar\u00e0 aperto da <strong>Jabel Kanuteh, giovanissimo griot del Gambia ed eccellente suonatore della Kora<\/strong>, l\u2019arpa tipica a 21 corde. In Italia dal 2015, Kanuteh \u00e8 richiedente asilo ospite in centro di Pesaro. Nel solco della musica tradizionale del West Africa, <strong>i suoi brani originali cantano la traversata del deserto e del Mediterraneo che lo hanno portato nel nostro Paese<\/strong>, dove si \u00e8 esibito in festival importanti come il <strong>Fano Jazz Festival e Paesaggi sonori<\/strong>.<\/p>\n<p>A completare il quadro di questa prima edizione del Festival, <strong>13 workshop sul canto, sugli strumenti e sulle danze tradizionali<\/strong> \u2013 aperti a ogni livello di formazione e tenuti da alcuni degli artisti in programma e da ospiti speciali \u2013 fra i quali il workshop<strong> <em>Canti dal Senegal<\/em> <\/strong>con<strong> Coumba Gawlo<\/strong>, quello sul <strong><em>Potere di liberazione dell\u2019arte<\/em><\/strong> di <strong>Sheema Kermani<\/strong>, quello sui <strong><em>Flauti dal mondo<\/em><\/strong> con <strong>Fabio Mina, <\/strong>quello sulle famiglie delle corde con<strong> Gionni Di Clemente<\/strong> e, infine, quello sulle <strong><em>Percussini mediterranee<\/em><\/strong> con <strong>Francesco Savoretti<\/strong>. I workshop si svolgeranno durante le giornate dal 2 al 4 novembre in tre aule dislocate nel centro di Fano con la volont\u00e0 di creare la base di una buona pratica da reiterare periodicamente nel corso dell\u2019anno.<\/p>\n<p>La I edizione di <em>Via del Canto<\/em> \u00e8 prodotta dall\u2019associazione <strong>AnimaFemina<\/strong> in collaborazione con <strong>Sprar Pesaro, Comune di Fano, Comune di Pesaro, Ass. Politiche sociali del Comune di Fano, Ass. Pari opportunit\u00e0 del Comune di Fano, Ass. Politiche sociali del Comune di Pesaro, Ass. Pari opportunit\u00e0 del Comune di Pesaro, Consiglio regionale delle Marche, Cgil, Regione Marche, Ambasciata del Pakistan, Universit\u00e0 per la pace, Labirinto, Irs Aurora, Millevoci, L&#8217;africa Chiama, Csv, Viviverde, Viaggi e Miraggi, Cooperativa Generazioni, Cooperativa Gerico, Associazione senegalesi citt\u00e0 di Fano, Traffic, Petra Bartels, Apito, Noi mondo tv, Fondazione Wanda di Ferdinando, Bcc Fano.<\/strong><\/p>\n<p>Tutti i concerti sono a ingresso gratuito ad eccezione del concerto di Giovanna Marini (ingresso 5,00 euro)<\/p>\n<p>I workshop sono a pagamento: 50,00 euro al giorno e 10,00 euro per la tessera associativa.<br \/>\nPer partecipare ai workshop occorre prenotare<\/p>\n<p>Info<br \/>\ninfo@viadelcantofestival.com<br \/>\n+39 333 34 38 122<br \/>\n+39 388 42 36 456<br \/>\n<a href=\"https:\/\/viadelcantofestival.com\/\" target=\"_blank\" rel=\"noopener\">https:\/\/viadelcantofestival.com\/<\/a><\/p>\n<p><strong><u>Programma concerti<\/u><\/strong><\/p>\n<p>1\u00b0 novembre \u2013 Pala J Marina dei Cesari | Fano<br \/>\nh21 C.A.R.I. &#8211; CORO AFRICANO DI RIMINI\/DEVON MILES<br \/>\nh22 GABRIELA MENDES<\/p>\n<p>2 novembre \u2013 Pala J Marina dei Cesari | Fano<br \/>\nh21 SOUNDS OF KOLACHI feat. SHEEMA KERMANI<\/p>\n<p>3 novembre<br \/>\nh18 BARDH JAKOVA\/DANILO DI PAOLONICOLA<br \/>\nRidotto del Teatro Rossini | Pesaro<br \/>\nh21 GIOVANNA MARINI\/BANDA DELLA SCUOLA POPOLARE DI MUSICA DI TESTACCIO\/CORO INNI E CANTI DI LOTTA<br \/>\nTeatro Rossini | Pesaro<br \/>\nh23 ILJAZI FAMILY GROUP<br \/>\nGr\u00e0 | Pesaro<\/p>\n<p>4 novembre<br \/>\nh18 CORO SHPIRTI ARBERESHE feat. CORO GIOVANILE MALATESTIANO diretto da FRANCESCO SANTINI<br \/>\nPinacoteca San Domenico | Fano<br \/>\nh21 COUMBA GAWLO\/BALLET AFRICA TERANGA<br \/>\nopening act JABEL KANUTEH<br \/>\nPala J Marina dei Cesari | Fano<\/p>\n<p><strong><u>Programma workshop<\/u><\/strong><\/p>\n<p><strong>Orari<\/strong><br \/>\n10-13 | 15-18<\/p>\n<p><strong>2 e 3 novembre<\/strong><br \/>\n<em>CANTI DAL WEST AFRICA<\/em> \u2013 DEVON MILES<br \/>\nSala ANPI | Fano<br \/>\n<em>CORDE TRA INNOVAZIONE E TRADIZIONE: OUD, BOUZOUKI, MANDOLE, CHITARRE <\/em>\u2013 GIONNI DI CLEMENTE<br \/>\nChiesa di San Leonardo | Fano<br \/>\n<em>IL POTERE DI LIBERAZIONE DELL\u2019 ARTE<\/em> \u2013 SHEEMA KERMANI<br \/>\nSala Ipogea \u2013 Mediateca Montanari | Fano<br \/>\n<em>FISARMONICA BALCANICA<\/em> \u2013 BARDH JAKOVA<br \/>\nChiesa dell\u2019Annunziata | Pesaro<br \/>\nKORA \u2013 JABEL KANUTEH<br \/>\nChiesa della Maddalena | Pesaro<\/p>\n<p><strong>Dal 2 al 4 novembre<\/strong><br \/>\n<em>CANTI DALL\u2019ASIA DEL SUD <\/em>\u2013 SOUNDS OF KOLACHI<br \/>\nSala della Concordia | Fano<br \/>\n<em>CANTI ARBERESHE DEGLI ALBANESI D\u2019ITALIA \u2013 <\/em>JESSICA NOVELLO<br \/>\nAuditorium del Coro Malatestiano | Fano<br \/>\n<em>DANZA CLASSICA AFRICANA<\/em> \u2013 BALLET AFRICA TERANGA<br \/>\nScuola Vaganova | Fano<\/p>\n<p>&nbsp;<\/p>\n<p><strong>3 e 4 novembre<\/strong><br \/>\n<em>CANTI DAL SENEGAL<\/em> \u2013 COUMBA GAWLO<br \/>\nPala J Marina dei Cesari | Fano<br \/>\n<em>PERCUSSIONI MEDITERRANEE<\/em> \u2013 FRANCESCO SAVORETTI<br \/>\nSala San Michele | Fano<br \/>\n<em>FLAUTI DAL MONDO<\/em> \u2013 FABIO MINA<br \/>\nChiesa di San Leonardo | Fano<\/p>\n<p><strong>4 novembre<\/strong><br \/>\n<em>SITAR<\/em> &#8211; WAQAS HUSSAIN<br \/>\nYoga Sangha | Fano<br \/>\nSARANGI \u2013 GUL MUHAMMAD<br \/>\nSala ANPI | Fano<\/p>\n","protected":false},"excerpt":{"rendered":"<div class=\"mh-excerpt\"><p>VIA DEL CANTO FESTIVAL INTERNAZIONALE DELLE MUSICHE DAL MONDO I EDIZIONE FANO | PESARO 1 \u2013 4 NOVEMBRE \u00a0 La celebre cantante griot COUMBA GAWLO <a class=\"mh-excerpt-more\" href=\"https:\/\/www.piuomenopop.it\/index.php\/2018\/10\/28\/via-del-canto-la-prima-edizione-del-festival-internazionale-delle-musiche-dal-mondo-dall1-al-4-novembre-a-fano-e-pesaro\/\" title=\"Via Del Canto, la prima edizione del festival internazionale delle musiche dal mondo dall&#8217;1 al 4 novembre a Fano e Pesaro\">[&#8230;]<\/a><\/p>\n<\/div>","protected":false},"author":1,"featured_media":40050,"comment_status":"closed","ping_status":"closed","sticky":false,"template":"","format":"standard","meta":{"sfsi_plus_gutenberg_text_before_share":"","sfsi_plus_gutenberg_show_text_before_share":"","sfsi_plus_gutenberg_icon_type":"","sfsi_plus_gutenberg_icon_alignemt":"","sfsi_plus_gutenburg_max_per_row":"","footnotes":"","_links_to":"","_links_to_target":""},"categories":[5184,3],"tags":[7842,7840,4465,7843,7839,7841,7838],"class_list":["post-40049","post","type-post","status-publish","format-standard","has-post-thumbnail","hentry","category-calendario-concerti","category-news","tag-coumba-gawlo","tag-fano","tag-gdg-press","tag-giovanna-marini","tag-pesaro","tag-sheema-kermani","tag-via-del-canto"],"aioseo_notices":[],"_links":{"self":[{"href":"https:\/\/www.piuomenopop.it\/index.php\/wp-json\/wp\/v2\/posts\/40049","targetHints":{"allow":["GET"]}}],"collection":[{"href":"https:\/\/www.piuomenopop.it\/index.php\/wp-json\/wp\/v2\/posts"}],"about":[{"href":"https:\/\/www.piuomenopop.it\/index.php\/wp-json\/wp\/v2\/types\/post"}],"author":[{"embeddable":true,"href":"https:\/\/www.piuomenopop.it\/index.php\/wp-json\/wp\/v2\/users\/1"}],"replies":[{"embeddable":true,"href":"https:\/\/www.piuomenopop.it\/index.php\/wp-json\/wp\/v2\/comments?post=40049"}],"version-history":[{"count":1,"href":"https:\/\/www.piuomenopop.it\/index.php\/wp-json\/wp\/v2\/posts\/40049\/revisions"}],"predecessor-version":[{"id":40051,"href":"https:\/\/www.piuomenopop.it\/index.php\/wp-json\/wp\/v2\/posts\/40049\/revisions\/40051"}],"wp:featuredmedia":[{"embeddable":true,"href":"https:\/\/www.piuomenopop.it\/index.php\/wp-json\/wp\/v2\/media\/40050"}],"wp:attachment":[{"href":"https:\/\/www.piuomenopop.it\/index.php\/wp-json\/wp\/v2\/media?parent=40049"}],"wp:term":[{"taxonomy":"category","embeddable":true,"href":"https:\/\/www.piuomenopop.it\/index.php\/wp-json\/wp\/v2\/categories?post=40049"},{"taxonomy":"post_tag","embeddable":true,"href":"https:\/\/www.piuomenopop.it\/index.php\/wp-json\/wp\/v2\/tags?post=40049"}],"curies":[{"name":"wp","href":"https:\/\/api.w.org\/{rel}","templated":true}]}}