{"id":40718,"date":"2018-11-13T22:52:18","date_gmt":"2018-11-13T21:52:18","guid":{"rendered":"http:\/\/www.piuomenopop.it\/?p=40718"},"modified":"2018-11-13T22:56:00","modified_gmt":"2018-11-13T21:56:00","slug":"cosmo-parterre-sold-out-in-una-settimana-per-lunica-data-del-2019-al-forum-di-assago-myss-keta-aprira-il-super-show","status":"publish","type":"post","link":"https:\/\/www.piuomenopop.it\/index.php\/2018\/11\/13\/cosmo-parterre-sold-out-in-una-settimana-per-lunica-data-del-2019-al-forum-di-assago-myss-keta-aprira-il-super-show\/","title":{"rendered":"COSMO &#8211; PARTERRE SOLD OUT IN UNA SETTIMANA PER L&#8217;UNICA DATA DEL 2019 AL FORUM DI ASSAGO &#8211; MYSS KETA APRIR\u00c0 IL SUPER SHOW"},"content":{"rendered":"<p style=\"font-weight: 400; text-align: center;\"><strong><em>COSMO<\/em><\/strong><\/p>\n<p style=\"font-weight: 400; text-align: center;\"><strong><em>\u00a0<\/em><\/strong><\/p>\n<p style=\"font-weight: 400; text-align: center;\"><strong>UNICA DATA LIVE DEL 2019<\/strong><\/p>\n<p style=\"font-weight: 400; text-align: center;\"><strong><em>2 FEBBRAIO &#8211; FORUM DI ASSAGO (MI)<\/em><\/strong><strong><em>\u00a0<\/em><\/strong><\/p>\n<p style=\"font-weight: 400; text-align: center;\"><strong>M\u00a5SS KETA APRIR\u00c0 IL SUPER SHOW<\/strong><strong>\u00a0<\/strong><\/p>\n<p style=\"font-weight: 400; text-align: center;\"><strong><u>PARTERRE GI\u00c0 SOLD OUT IN MENO DI UNA SETTIMANA<\/u><\/strong><\/p>\n<p><img loading=\"lazy\" decoding=\"async\" class=\"aligncenter wp-image-40719 size-full\" src=\"http:\/\/www.piuomenopop.it\/wp-content\/uploads\/2018\/11\/COSMOMISS-KETA-Ph.-Vittorio-Schiavo.jpg\" alt=\"\" width=\"600\" height=\"398\" srcset=\"https:\/\/www.piuomenopop.it\/wp-content\/uploads\/2018\/11\/COSMOMISS-KETA-Ph.-Vittorio-Schiavo.jpg 600w, https:\/\/www.piuomenopop.it\/wp-content\/uploads\/2018\/11\/COSMOMISS-KETA-Ph.-Vittorio-Schiavo-300x199.jpg 300w\" sizes=\"auto, (max-width: 600px) 100vw, 600px\" \/><\/p>\n<p style=\"font-weight: 400;\"><strong>\u00a0<\/strong><\/p>\n<p style=\"font-weight: 400;\"><strong>Sabato 2 febbraio 2019<\/strong>\u00a0al\u00a0<strong>Mediolanum Forum di Milano<\/strong>,\u00a0<strong>Cosmo<\/strong>\u00a0sar\u00e0 protagonista, per la prima volta in assoluto di un concerto davvero speciale. Per l\u2019unica esibizione live del 2019 sta preparando uno\u00a0<strong>show\u00a0<\/strong><strong>completamente rinnovato nell\u2019estetica e nella scaletta, ricco di sorprese, contenuti inediti e ospiti.<\/strong><\/p>\n<p style=\"font-weight: 400;\"><strong>Il primo opening speciale\u00a0<\/strong>di questo evento imperdibile non poteva che essere lei,\u00a0la regina della notte, nonch\u00e9\u00a0un vero e proprio monumento milanese:\u00a0<strong>M\u00a5SS KETA<\/strong>. Lei, l\u2019angelo con gli occhiali da sera, che come Cosmo non assomiglia a niente e a nessuno, aprir\u00e0 le danze di quella che si prospetta essere una festa irripetibile.<\/p>\n<p style=\"font-weight: 400;\">La curiosit\u00e0 \u00e8 davvero tanta! Cresce l\u2019attesa per lo show che segna la chiusura di un cerchio infatti\u00a0<strong>i<\/strong>\u00a0<strong>biglietti del parterre sono andati sold out in meno di una settimana.<\/strong><\/p>\n<p style=\"font-weight: 400;\">Dopo un\u00a0<strong>2018 straordinario<\/strong>, che ha visto Cosmo emergere definitivamente e confermarsi come uno degli artisti pi\u00f9 originali del panorama musicale italiano, capace di coniugare l&#8217;elettronica d&#8217;avanguardia con l&#8217;immediatezza del pop e la ricchezza verbale del cantautorato, \u00e8 tempo di festeggiare.\u00a0\u00a0Quella del Forum d\u2019Assago sar\u00e0 un vero e proprio concerto<em>greatest hits<\/em>\u00a0dove l\u2019artista eporediese e fondatore del collettivo Ivreatronic ripercorrer\u00e0 le tappe pi\u00f9 importanti della sua carriera solista<\/p>\n<p style=\"font-weight: 400;\">Da febbraio 2016, cio\u00e8 dall\u2019uscita di\u00a0<em>Le Voci<\/em>, il primo estratto da\u00a0<em>L\u2019ultima festa<\/em>, l\u2019album che lo ha rivelato come uno dei fenomeni pi\u00f9 luminosi del momento, Cosmo non si \u00e8 mai fermato. E cos\u00ec tra tour instancabili, dischi d\u2019oro e successi radiofonici \u00e8 arrivato il momento di prendersi una pausa e tirare le somme.<\/p>\n<p style=\"font-weight: 400;\">I biglietti del live, organizzato da\u00a0<strong>DNA concerti<\/strong>,\u00a0sono disponibili, per i settori ancora acquistabili,\u00a0online su Ticketone (<a href=\"http:\/\/www.ticketone.it\/\" target=\"_blank\" rel=\"noopener\" data-saferedirecturl=\"https:\/\/www.google.com\/url?q=http:\/\/www.ticketone.it&amp;source=gmail&amp;ust=1542232159555000&amp;usg=AFQjCNFdzpdfq50GlbN8TVyrWmAML71SoA\">www.ticketone.it<\/a>) e in tutti i punti vendita autorizzati.<\/p>\n","protected":false},"excerpt":{"rendered":"<div class=\"mh-excerpt\"><p>COSMO \u00a0 UNICA DATA LIVE DEL 2019 2 FEBBRAIO &#8211; FORUM DI ASSAGO (MI)\u00a0 M\u00a5SS KETA APRIR\u00c0 IL SUPER SHOW\u00a0 PARTERRE GI\u00c0 SOLD OUT IN <a class=\"mh-excerpt-more\" href=\"https:\/\/www.piuomenopop.it\/index.php\/2018\/11\/13\/cosmo-parterre-sold-out-in-una-settimana-per-lunica-data-del-2019-al-forum-di-assago-myss-keta-aprira-il-super-show\/\" title=\"COSMO &#8211; PARTERRE SOLD OUT IN UNA SETTIMANA PER L&#8217;UNICA DATA DEL 2019 AL FORUM DI ASSAGO &#8211; MYSS KETA APRIR\u00c0 IL SUPER SHOW\">[&#8230;]<\/a><\/p>\n<\/div>","protected":false},"author":1,"featured_media":40719,"comment_status":"closed","ping_status":"closed","sticky":false,"template":"","format":"standard","meta":{"sfsi_plus_gutenberg_text_before_share":"","sfsi_plus_gutenberg_show_text_before_share":"","sfsi_plus_gutenberg_icon_type":"","sfsi_plus_gutenberg_icon_alignemt":"","sfsi_plus_gutenburg_max_per_row":"","footnotes":"","_links_to":"","_links_to_target":""},"categories":[5184,3],"tags":[362,597,5194,4067],"class_list":["post-40718","post","type-post","status-publish","format-standard","has-post-thumbnail","hentry","category-calendario-concerti","category-news","tag-cosmo","tag-dna-concerti","tag-goigest","tag-myss-keta"],"aioseo_notices":[],"aioseo_head":"\n\t\t<!-- All in One SEO 5.0.1.1 - aioseo.com -->\n\t<meta name=\"description\" content=\"COSMO UNICA DATA LIVE DEL 2019 2 FEBBRAIO - FORUM DI ASSAGO (MI) M\u00a5SS KETA APRIR\u00c0 IL SUPER SHOW PARTERRE GI\u00c0 SOLD OUT IN MENO DI UNA SETTIMANA Sabato 2 febbraio 2019 al Mediolanum Forum di Milano, Cosmo sar\u00e0 protagonista, per la prima volta in assoluto di un concerto davvero speciale. Per l\u2019unica esibizione live del 2019\" \/>\n\t<meta name=\"robots\" content=\"max-image-preview:large\" \/>\n\t<meta name=\"author\" content=\"Redazione\"\/>\n\t<link rel=\"canonical\" href=\"https:\/\/www.piuomenopop.it\/index.php\/2018\/11\/13\/cosmo-parterre-sold-out-in-una-settimana-per-lunica-data-del-2019-al-forum-di-assago-myss-keta-aprira-il-super-show\/\" \/>\n\t<meta name=\"generator\" content=\"All in One SEO (AIOSEO) 5.0.1.1\" \/>\n\t\t<meta property=\"og:locale\" content=\"it_IT\" \/>\n\t\t<meta property=\"og:site_name\" content=\"Piu o Meno POP - uno spazio di condivisione, che si occupa di passioni\" \/>\n\t\t<meta property=\"og:type\" content=\"article\" \/>\n\t\t<meta property=\"og:title\" content=\"COSMO \u2013 PARTERRE SOLD OUT IN UNA SETTIMANA PER L\u2019UNICA DATA DEL 2019 AL FORUM DI ASSAGO \u2013 MYSS KETA APRIR\u00c0 IL SUPER SHOW - Piu o Meno POP\" \/>\n\t\t<meta property=\"og:description\" content=\"COSMO UNICA DATA LIVE DEL 2019 2 FEBBRAIO - FORUM DI ASSAGO (MI) M\u00a5SS KETA APRIR\u00c0 IL SUPER SHOW PARTERRE GI\u00c0 SOLD OUT IN MENO DI UNA SETTIMANA Sabato 2 febbraio 2019 al Mediolanum Forum di Milano, Cosmo sar\u00e0 protagonista, per la prima volta in assoluto di un concerto davvero speciale. Per l\u2019unica esibizione live del 2019\" \/>\n\t\t<meta property=\"og:url\" content=\"https:\/\/www.piuomenopop.it\/index.php\/2018\/11\/13\/cosmo-parterre-sold-out-in-una-settimana-per-lunica-data-del-2019-al-forum-di-assago-myss-keta-aprira-il-super-show\/\" \/>\n\t\t<meta property=\"article:published_time\" content=\"2018-11-13T21:52:18+00:00\" \/>\n\t\t<meta property=\"article:modified_time\" content=\"2018-11-13T21:56:00+00:00\" \/>\n\t\t<meta name=\"twitter:card\" content=\"summary\" \/>\n\t\t<meta name=\"twitter:title\" content=\"COSMO \u2013 PARTERRE SOLD OUT IN UNA SETTIMANA PER L\u2019UNICA DATA DEL 2019 AL FORUM DI ASSAGO \u2013 MYSS KETA APRIR\u00c0 IL SUPER SHOW - Piu o Meno POP\" \/>\n\t\t<meta name=\"twitter:description\" content=\"COSMO UNICA DATA LIVE DEL 2019 2 FEBBRAIO - FORUM DI ASSAGO (MI) M\u00a5SS KETA APRIR\u00c0 IL SUPER SHOW PARTERRE GI\u00c0 SOLD OUT IN MENO DI UNA SETTIMANA Sabato 2 febbraio 2019 al Mediolanum Forum di Milano, Cosmo sar\u00e0 protagonista, per la prima volta in assoluto di un concerto davvero speciale. Per l\u2019unica esibizione live del 2019\" \/>\n\t\t<script type=\"application\/ld+json\" class=\"aioseo-schema\">\n\t\t\t{\"@context\":\"https:\\\/\\\/schema.org\",\"@graph\":[{\"@type\":\"BlogPosting\",\"@id\":\"https:\\\/\\\/www.piuomenopop.it\\\/index.php\\\/2018\\\/11\\\/13\\\/cosmo-parterre-sold-out-in-una-settimana-per-lunica-data-del-2019-al-forum-di-assago-myss-keta-aprira-il-super-show\\\/#blogposting\",\"name\":\"COSMO \\u2013 PARTERRE SOLD OUT IN UNA SETTIMANA PER L\\u2019UNICA DATA DEL 2019 AL FORUM DI ASSAGO \\u2013 MYSS KETA APRIR\\u00c0 IL SUPER SHOW - Piu o Meno POP\",\"headline\":\"COSMO &#8211; PARTERRE SOLD OUT IN UNA SETTIMANA PER L&#8217;UNICA DATA DEL 2019 AL FORUM DI ASSAGO &#8211; MYSS KETA APRIR\\u00c0 IL SUPER SHOW\",\"author\":{\"@id\":\"https:\\\/\\\/www.piuomenopop.it\\\/index.php\\\/author\\\/admin\\\/#author\"},\"publisher\":{\"@id\":\"https:\\\/\\\/www.piuomenopop.it\\\/#organization\"},\"image\":{\"@type\":\"ImageObject\",\"url\":\"https:\\\/\\\/www.piuomenopop.it\\\/wp-content\\\/uploads\\\/2018\\\/11\\\/COSMOMISS-KETA-Ph.-Vittorio-Schiavo.jpg\",\"width\":600,\"height\":398},\"datePublished\":\"2018-11-13T22:52:18+01:00\",\"dateModified\":\"2018-11-13T22:56:00+01:00\",\"inLanguage\":\"it-IT\",\"mainEntityOfPage\":{\"@id\":\"https:\\\/\\\/www.piuomenopop.it\\\/index.php\\\/2018\\\/11\\\/13\\\/cosmo-parterre-sold-out-in-una-settimana-per-lunica-data-del-2019-al-forum-di-assago-myss-keta-aprira-il-super-show\\\/#webpage\"},\"isPartOf\":{\"@id\":\"https:\\\/\\\/www.piuomenopop.it\\\/index.php\\\/2018\\\/11\\\/13\\\/cosmo-parterre-sold-out-in-una-settimana-per-lunica-data-del-2019-al-forum-di-assago-myss-keta-aprira-il-super-show\\\/#webpage\"},\"articleSection\":\"calendario concerti, Notizie, Cosmo, DNA Concerti, goigest, MYSS KETA\"},{\"@type\":\"BreadcrumbList\",\"@id\":\"https:\\\/\\\/www.piuomenopop.it\\\/index.php\\\/2018\\\/11\\\/13\\\/cosmo-parterre-sold-out-in-una-settimana-per-lunica-data-del-2019-al-forum-di-assago-myss-keta-aprira-il-super-show\\\/#breadcrumblist\",\"itemListElement\":[{\"@type\":\"ListItem\",\"@id\":\"https:\\\/\\\/www.piuomenopop.it#listItem\",\"position\":1,\"name\":\"Home\",\"item\":\"https:\\\/\\\/www.piuomenopop.it\",\"nextItem\":{\"@type\":\"ListItem\",\"@id\":\"https:\\\/\\\/www.piuomenopop.it\\\/index.php\\\/category\\\/news\\\/#listItem\",\"name\":\"Notizie\"}},{\"@type\":\"ListItem\",\"@id\":\"https:\\\/\\\/www.piuomenopop.it\\\/index.php\\\/category\\\/news\\\/#listItem\",\"position\":2,\"name\":\"Notizie\",\"item\":\"https:\\\/\\\/www.piuomenopop.it\\\/index.php\\\/category\\\/news\\\/\",\"nextItem\":{\"@type\":\"ListItem\",\"@id\":\"https:\\\/\\\/www.piuomenopop.it\\\/index.php\\\/2018\\\/11\\\/13\\\/cosmo-parterre-sold-out-in-una-settimana-per-lunica-data-del-2019-al-forum-di-assago-myss-keta-aprira-il-super-show\\\/#listItem\",\"name\":\"COSMO &#8211; PARTERRE SOLD OUT IN UNA SETTIMANA PER L&#8217;UNICA DATA DEL 2019 AL FORUM DI ASSAGO &#8211; MYSS KETA APRIR\\u00c0 IL SUPER SHOW\"},\"previousItem\":{\"@type\":\"ListItem\",\"@id\":\"https:\\\/\\\/www.piuomenopop.it#listItem\",\"name\":\"Home\"}},{\"@type\":\"ListItem\",\"@id\":\"https:\\\/\\\/www.piuomenopop.it\\\/index.php\\\/2018\\\/11\\\/13\\\/cosmo-parterre-sold-out-in-una-settimana-per-lunica-data-del-2019-al-forum-di-assago-myss-keta-aprira-il-super-show\\\/#listItem\",\"position\":3,\"name\":\"COSMO &#8211; PARTERRE SOLD OUT IN UNA SETTIMANA PER L&#8217;UNICA DATA DEL 2019 AL FORUM DI ASSAGO &#8211; MYSS KETA APRIR\\u00c0 IL SUPER SHOW\",\"previousItem\":{\"@type\":\"ListItem\",\"@id\":\"https:\\\/\\\/www.piuomenopop.it\\\/index.php\\\/category\\\/news\\\/#listItem\",\"name\":\"Notizie\"}}]},{\"@type\":\"Organization\",\"@id\":\"https:\\\/\\\/www.piuomenopop.it\\\/#organization\",\"name\":\"Piu o Meno POP\",\"description\":\"uno spazio di condivisione, che si occupa di passioni\",\"url\":\"https:\\\/\\\/www.piuomenopop.it\\\/\"},{\"@type\":\"Person\",\"@id\":\"https:\\\/\\\/www.piuomenopop.it\\\/index.php\\\/author\\\/admin\\\/#author\",\"url\":\"https:\\\/\\\/www.piuomenopop.it\\\/index.php\\\/author\\\/admin\\\/\",\"name\":\"Redazione\",\"image\":{\"@type\":\"ImageObject\",\"@id\":\"https:\\\/\\\/www.piuomenopop.it\\\/index.php\\\/2018\\\/11\\\/13\\\/cosmo-parterre-sold-out-in-una-settimana-per-lunica-data-del-2019-al-forum-di-assago-myss-keta-aprira-il-super-show\\\/#authorImage\",\"url\":\"https:\\\/\\\/www.piuomenopop.it\\\/wp-content\\\/uploads\\\/2016\\\/05\\\/Logo-150x150.jpg\",\"width\":96,\"height\":96,\"caption\":\"Redazione\"}},{\"@type\":\"WebPage\",\"@id\":\"https:\\\/\\\/www.piuomenopop.it\\\/index.php\\\/2018\\\/11\\\/13\\\/cosmo-parterre-sold-out-in-una-settimana-per-lunica-data-del-2019-al-forum-di-assago-myss-keta-aprira-il-super-show\\\/#webpage\",\"url\":\"https:\\\/\\\/www.piuomenopop.it\\\/index.php\\\/2018\\\/11\\\/13\\\/cosmo-parterre-sold-out-in-una-settimana-per-lunica-data-del-2019-al-forum-di-assago-myss-keta-aprira-il-super-show\\\/\",\"name\":\"COSMO \\u2013 PARTERRE SOLD OUT IN UNA SETTIMANA PER L\\u2019UNICA DATA DEL 2019 AL FORUM DI ASSAGO \\u2013 MYSS KETA APRIR\\u00c0 IL SUPER SHOW - Piu o Meno POP\",\"description\":\"COSMO UNICA DATA LIVE DEL 2019 2 FEBBRAIO - FORUM DI ASSAGO (MI) M\\u00a5SS KETA APRIR\\u00c0 IL SUPER SHOW PARTERRE GI\\u00c0 SOLD OUT IN MENO DI UNA SETTIMANA Sabato 2 febbraio 2019 al Mediolanum Forum di Milano, Cosmo sar\\u00e0 protagonista, per la prima volta in assoluto di un concerto davvero speciale. Per l\\u2019unica esibizione live del 2019\",\"inLanguage\":\"it-IT\",\"isPartOf\":{\"@id\":\"https:\\\/\\\/www.piuomenopop.it\\\/#website\"},\"breadcrumb\":{\"@id\":\"https:\\\/\\\/www.piuomenopop.it\\\/index.php\\\/2018\\\/11\\\/13\\\/cosmo-parterre-sold-out-in-una-settimana-per-lunica-data-del-2019-al-forum-di-assago-myss-keta-aprira-il-super-show\\\/#breadcrumblist\"},\"author\":{\"@id\":\"https:\\\/\\\/www.piuomenopop.it\\\/index.php\\\/author\\\/admin\\\/#author\"},\"creator\":{\"@id\":\"https:\\\/\\\/www.piuomenopop.it\\\/index.php\\\/author\\\/admin\\\/#author\"},\"image\":{\"@type\":\"ImageObject\",\"url\":\"https:\\\/\\\/www.piuomenopop.it\\\/wp-content\\\/uploads\\\/2018\\\/11\\\/COSMOMISS-KETA-Ph.-Vittorio-Schiavo.jpg\",\"@id\":\"https:\\\/\\\/www.piuomenopop.it\\\/index.php\\\/2018\\\/11\\\/13\\\/cosmo-parterre-sold-out-in-una-settimana-per-lunica-data-del-2019-al-forum-di-assago-myss-keta-aprira-il-super-show\\\/#mainImage\",\"width\":600,\"height\":398},\"primaryImageOfPage\":{\"@id\":\"https:\\\/\\\/www.piuomenopop.it\\\/index.php\\\/2018\\\/11\\\/13\\\/cosmo-parterre-sold-out-in-una-settimana-per-lunica-data-del-2019-al-forum-di-assago-myss-keta-aprira-il-super-show\\\/#mainImage\"},\"datePublished\":\"2018-11-13T22:52:18+01:00\",\"dateModified\":\"2018-11-13T22:56:00+01:00\"},{\"@type\":\"WebSite\",\"@id\":\"https:\\\/\\\/www.piuomenopop.it\\\/#website\",\"url\":\"https:\\\/\\\/www.piuomenopop.it\\\/\",\"name\":\"Piu o Meno POP\",\"description\":\"uno spazio di condivisione, che si occupa di passioni\",\"inLanguage\":\"it-IT\",\"publisher\":{\"@id\":\"https:\\\/\\\/www.piuomenopop.it\\\/#organization\"}}]}\n\t\t<\/script>\n\t\t<!-- All in One SEO -->\n\n","aioseo_head_json":{"title":"COSMO \u2013 PARTERRE SOLD OUT IN UNA SETTIMANA PER L\u2019UNICA DATA DEL 2019 AL FORUM DI ASSAGO \u2013 MYSS KETA APRIR\u00c0 IL SUPER SHOW - Piu o Meno POP","description":"COSMO UNICA DATA LIVE DEL 2019 2 FEBBRAIO - FORUM DI ASSAGO (MI) M\u00a5SS KETA APRIR\u00c0 IL SUPER SHOW PARTERRE GI\u00c0 SOLD OUT IN MENO DI UNA SETTIMANA Sabato 2 febbraio 2019 al Mediolanum Forum di Milano, Cosmo sar\u00e0 protagonista, per la prima volta in assoluto di un concerto davvero speciale. Per l\u2019unica esibizione live del 2019","canonical_url":"https:\/\/www.piuomenopop.it\/index.php\/2018\/11\/13\/cosmo-parterre-sold-out-in-una-settimana-per-lunica-data-del-2019-al-forum-di-assago-myss-keta-aprira-il-super-show\/","robots":"max-image-preview:large","keywords":"","webmasterTools":{"miscellaneous":""},"schema":{"@context":"https:\/\/schema.org","@graph":[{"@type":"BlogPosting","@id":"https:\/\/www.piuomenopop.it\/index.php\/2018\/11\/13\/cosmo-parterre-sold-out-in-una-settimana-per-lunica-data-del-2019-al-forum-di-assago-myss-keta-aprira-il-super-show\/#blogposting","name":"COSMO \u2013 PARTERRE SOLD OUT IN UNA SETTIMANA PER L\u2019UNICA DATA DEL 2019 AL FORUM DI ASSAGO \u2013 MYSS KETA APRIR\u00c0 IL SUPER SHOW - Piu o Meno POP","headline":"COSMO &#8211; PARTERRE SOLD OUT IN UNA SETTIMANA PER L&#8217;UNICA DATA DEL 2019 AL FORUM DI ASSAGO &#8211; MYSS KETA APRIR\u00c0 IL SUPER SHOW","author":{"@id":"https:\/\/www.piuomenopop.it\/index.php\/author\/admin\/#author"},"publisher":{"@id":"https:\/\/www.piuomenopop.it\/#organization"},"image":{"@type":"ImageObject","url":"https:\/\/www.piuomenopop.it\/wp-content\/uploads\/2018\/11\/COSMOMISS-KETA-Ph.-Vittorio-Schiavo.jpg","width":600,"height":398},"datePublished":"2018-11-13T22:52:18+01:00","dateModified":"2018-11-13T22:56:00+01:00","inLanguage":"it-IT","mainEntityOfPage":{"@id":"https:\/\/www.piuomenopop.it\/index.php\/2018\/11\/13\/cosmo-parterre-sold-out-in-una-settimana-per-lunica-data-del-2019-al-forum-di-assago-myss-keta-aprira-il-super-show\/#webpage"},"isPartOf":{"@id":"https:\/\/www.piuomenopop.it\/index.php\/2018\/11\/13\/cosmo-parterre-sold-out-in-una-settimana-per-lunica-data-del-2019-al-forum-di-assago-myss-keta-aprira-il-super-show\/#webpage"},"articleSection":"calendario concerti, Notizie, Cosmo, DNA Concerti, goigest, MYSS KETA"},{"@type":"BreadcrumbList","@id":"https:\/\/www.piuomenopop.it\/index.php\/2018\/11\/13\/cosmo-parterre-sold-out-in-una-settimana-per-lunica-data-del-2019-al-forum-di-assago-myss-keta-aprira-il-super-show\/#breadcrumblist","itemListElement":[{"@type":"ListItem","@id":"https:\/\/www.piuomenopop.it#listItem","position":1,"name":"Home","item":"https:\/\/www.piuomenopop.it","nextItem":{"@type":"ListItem","@id":"https:\/\/www.piuomenopop.it\/index.php\/category\/news\/#listItem","name":"Notizie"}},{"@type":"ListItem","@id":"https:\/\/www.piuomenopop.it\/index.php\/category\/news\/#listItem","position":2,"name":"Notizie","item":"https:\/\/www.piuomenopop.it\/index.php\/category\/news\/","nextItem":{"@type":"ListItem","@id":"https:\/\/www.piuomenopop.it\/index.php\/2018\/11\/13\/cosmo-parterre-sold-out-in-una-settimana-per-lunica-data-del-2019-al-forum-di-assago-myss-keta-aprira-il-super-show\/#listItem","name":"COSMO &#8211; PARTERRE SOLD OUT IN UNA SETTIMANA PER L&#8217;UNICA DATA DEL 2019 AL FORUM DI ASSAGO &#8211; MYSS KETA APRIR\u00c0 IL SUPER SHOW"},"previousItem":{"@type":"ListItem","@id":"https:\/\/www.piuomenopop.it#listItem","name":"Home"}},{"@type":"ListItem","@id":"https:\/\/www.piuomenopop.it\/index.php\/2018\/11\/13\/cosmo-parterre-sold-out-in-una-settimana-per-lunica-data-del-2019-al-forum-di-assago-myss-keta-aprira-il-super-show\/#listItem","position":3,"name":"COSMO &#8211; PARTERRE SOLD OUT IN UNA SETTIMANA PER L&#8217;UNICA DATA DEL 2019 AL FORUM DI ASSAGO &#8211; MYSS KETA APRIR\u00c0 IL SUPER SHOW","previousItem":{"@type":"ListItem","@id":"https:\/\/www.piuomenopop.it\/index.php\/category\/news\/#listItem","name":"Notizie"}}]},{"@type":"Organization","@id":"https:\/\/www.piuomenopop.it\/#organization","name":"Piu o Meno POP","description":"uno spazio di condivisione, che si occupa di passioni","url":"https:\/\/www.piuomenopop.it\/"},{"@type":"Person","@id":"https:\/\/www.piuomenopop.it\/index.php\/author\/admin\/#author","url":"https:\/\/www.piuomenopop.it\/index.php\/author\/admin\/","name":"Redazione","image":{"@type":"ImageObject","@id":"https:\/\/www.piuomenopop.it\/index.php\/2018\/11\/13\/cosmo-parterre-sold-out-in-una-settimana-per-lunica-data-del-2019-al-forum-di-assago-myss-keta-aprira-il-super-show\/#authorImage","url":"https:\/\/www.piuomenopop.it\/wp-content\/uploads\/2016\/05\/Logo-150x150.jpg","width":96,"height":96,"caption":"Redazione"}},{"@type":"WebPage","@id":"https:\/\/www.piuomenopop.it\/index.php\/2018\/11\/13\/cosmo-parterre-sold-out-in-una-settimana-per-lunica-data-del-2019-al-forum-di-assago-myss-keta-aprira-il-super-show\/#webpage","url":"https:\/\/www.piuomenopop.it\/index.php\/2018\/11\/13\/cosmo-parterre-sold-out-in-una-settimana-per-lunica-data-del-2019-al-forum-di-assago-myss-keta-aprira-il-super-show\/","name":"COSMO \u2013 PARTERRE SOLD OUT IN UNA SETTIMANA PER L\u2019UNICA DATA DEL 2019 AL FORUM DI ASSAGO \u2013 MYSS KETA APRIR\u00c0 IL SUPER SHOW - Piu o Meno POP","description":"COSMO UNICA DATA LIVE DEL 2019 2 FEBBRAIO - FORUM DI ASSAGO (MI) M\u00a5SS KETA APRIR\u00c0 IL SUPER SHOW PARTERRE GI\u00c0 SOLD OUT IN MENO DI UNA SETTIMANA Sabato 2 febbraio 2019 al Mediolanum Forum di Milano, Cosmo sar\u00e0 protagonista, per la prima volta in assoluto di un concerto davvero speciale. Per l\u2019unica esibizione live del 2019","inLanguage":"it-IT","isPartOf":{"@id":"https:\/\/www.piuomenopop.it\/#website"},"breadcrumb":{"@id":"https:\/\/www.piuomenopop.it\/index.php\/2018\/11\/13\/cosmo-parterre-sold-out-in-una-settimana-per-lunica-data-del-2019-al-forum-di-assago-myss-keta-aprira-il-super-show\/#breadcrumblist"},"author":{"@id":"https:\/\/www.piuomenopop.it\/index.php\/author\/admin\/#author"},"creator":{"@id":"https:\/\/www.piuomenopop.it\/index.php\/author\/admin\/#author"},"image":{"@type":"ImageObject","url":"https:\/\/www.piuomenopop.it\/wp-content\/uploads\/2018\/11\/COSMOMISS-KETA-Ph.-Vittorio-Schiavo.jpg","@id":"https:\/\/www.piuomenopop.it\/index.php\/2018\/11\/13\/cosmo-parterre-sold-out-in-una-settimana-per-lunica-data-del-2019-al-forum-di-assago-myss-keta-aprira-il-super-show\/#mainImage","width":600,"height":398},"primaryImageOfPage":{"@id":"https:\/\/www.piuomenopop.it\/index.php\/2018\/11\/13\/cosmo-parterre-sold-out-in-una-settimana-per-lunica-data-del-2019-al-forum-di-assago-myss-keta-aprira-il-super-show\/#mainImage"},"datePublished":"2018-11-13T22:52:18+01:00","dateModified":"2018-11-13T22:56:00+01:00"},{"@type":"WebSite","@id":"https:\/\/www.piuomenopop.it\/#website","url":"https:\/\/www.piuomenopop.it\/","name":"Piu o Meno POP","description":"uno spazio di condivisione, che si occupa di passioni","inLanguage":"it-IT","publisher":{"@id":"https:\/\/www.piuomenopop.it\/#organization"}}]},"og:locale":"it_IT","og:site_name":"Piu o Meno POP - uno spazio di condivisione, che si occupa di passioni","og:type":"article","og:title":"COSMO \u2013 PARTERRE SOLD OUT IN UNA SETTIMANA PER L\u2019UNICA DATA DEL 2019 AL FORUM DI ASSAGO \u2013 MYSS KETA APRIR\u00c0 IL SUPER SHOW - Piu o Meno POP","og:description":"COSMO UNICA DATA LIVE DEL 2019 2 FEBBRAIO - FORUM DI ASSAGO (MI) M\u00a5SS KETA APRIR\u00c0 IL SUPER SHOW PARTERRE GI\u00c0 SOLD OUT IN MENO DI UNA SETTIMANA Sabato 2 febbraio 2019 al Mediolanum Forum di Milano, Cosmo sar\u00e0 protagonista, per la prima volta in assoluto di un concerto davvero speciale. Per l\u2019unica esibizione live del 2019","og:url":"https:\/\/www.piuomenopop.it\/index.php\/2018\/11\/13\/cosmo-parterre-sold-out-in-una-settimana-per-lunica-data-del-2019-al-forum-di-assago-myss-keta-aprira-il-super-show\/","article:published_time":"2018-11-13T21:52:18+00:00","article:modified_time":"2018-11-13T21:56:00+00:00","twitter:card":"summary","twitter:title":"COSMO \u2013 PARTERRE SOLD OUT IN UNA SETTIMANA PER L\u2019UNICA DATA DEL 2019 AL FORUM DI ASSAGO \u2013 MYSS KETA APRIR\u00c0 IL SUPER SHOW - Piu o Meno POP","twitter:description":"COSMO UNICA DATA LIVE DEL 2019 2 FEBBRAIO - FORUM DI ASSAGO (MI) M\u00a5SS KETA APRIR\u00c0 IL SUPER SHOW PARTERRE GI\u00c0 SOLD OUT IN MENO DI UNA SETTIMANA Sabato 2 febbraio 2019 al Mediolanum Forum di Milano, Cosmo sar\u00e0 protagonista, per la prima volta in assoluto di un concerto davvero speciale. Per l\u2019unica esibizione live del 2019"},"aioseo_meta_data":{"post_id":"40718","title":null,"description":null,"keywords":null,"keyphrases":null,"primary_term":null,"canonical_url":null,"og_title":null,"og_description":null,"og_object_type":"default","og_image_type":"default","og_image_url":null,"og_image_width":null,"og_image_height":null,"og_image_custom_url":null,"og_image_custom_fields":null,"og_video":null,"og_custom_url":null,"og_article_section":null,"og_article_tags":null,"twitter_use_og":false,"twitter_card":"default","twitter_image_type":"default","twitter_image_url":null,"twitter_image_custom_url":null,"twitter_image_custom_fields":null,"twitter_title":null,"twitter_description":null,"schema":{"blockGraphs":[],"customGraphs":[],"default":{"data":{"Article":[],"Course":[],"Dataset":[],"FAQPage":[],"Movie":[],"Person":[],"Product":[],"ProductReview":[],"Car":[],"Recipe":[],"Service":[],"SoftwareApplication":[],"WebPage":[]},"graphName":"BlogPosting","isEnabled":true},"graphs":[]},"schema_type":"default","schema_type_options":null,"pillar_content":false,"robots_default":true,"robots_noindex":false,"robots_noarchive":false,"robots_nosnippet":false,"robots_nofollow":false,"robots_noimageindex":false,"robots_noodp":false,"robots_notranslate":false,"robots_max_snippet":null,"robots_max_videopreview":null,"robots_max_imagepreview":"large","priority":null,"frequency":null,"local_seo":null,"limit_modified_date":false,"created":"2022-06-22 19:56:19","updated":"2026-06-22 09:58:03","ai":null,"breadcrumb_settings":null,"seo_analyzer_scan_date":null,"focus_keyword":null,"additional_keywords":null,"truseo_locale":null},"aioseo_breadcrumb":"<div class=\"aioseo-breadcrumbs\"><span class=\"aioseo-breadcrumb\">\n\t\t\t<a href=\"https:\/\/www.piuomenopop.it\" title=\"Home\">Home<\/a>\n\t\t<\/span><span class=\"aioseo-breadcrumb-separator\">&raquo;<\/span><span class=\"aioseo-breadcrumb\">\n\t\t\t<a href=\"https:\/\/www.piuomenopop.it\/index.php\/category\/news\/\" title=\"Notizie\">Notizie<\/a>\n\t\t<\/span><span class=\"aioseo-breadcrumb-separator\">&raquo;<\/span><span class=\"aioseo-breadcrumb\">\n\t\t\tCOSMO \u2013 PARTERRE SOLD OUT IN UNA SETTIMANA PER L\u2019UNICA DATA DEL 2019 AL FORUM DI ASSAGO \u2013 MYSS KETA APRIR\u00c0 IL SUPER SHOW\n\t\t<\/span><\/div>","aioseo_breadcrumb_json":[{"label":"Home","link":"https:\/\/www.piuomenopop.it"},{"label":"Notizie","link":"https:\/\/www.piuomenopop.it\/index.php\/category\/news\/"},{"label":"COSMO &#8211; PARTERRE SOLD OUT IN UNA SETTIMANA PER L&#8217;UNICA DATA DEL 2019 AL FORUM DI ASSAGO &#8211; MYSS KETA APRIR\u00c0 IL SUPER SHOW","link":"https:\/\/www.piuomenopop.it\/index.php\/2018\/11\/13\/cosmo-parterre-sold-out-in-una-settimana-per-lunica-data-del-2019-al-forum-di-assago-myss-keta-aprira-il-super-show\/"}],"_links":{"self":[{"href":"https:\/\/www.piuomenopop.it\/index.php\/wp-json\/wp\/v2\/posts\/40718","targetHints":{"allow":["GET"]}}],"collection":[{"href":"https:\/\/www.piuomenopop.it\/index.php\/wp-json\/wp\/v2\/posts"}],"about":[{"href":"https:\/\/www.piuomenopop.it\/index.php\/wp-json\/wp\/v2\/types\/post"}],"author":[{"embeddable":true,"href":"https:\/\/www.piuomenopop.it\/index.php\/wp-json\/wp\/v2\/users\/1"}],"replies":[{"embeddable":true,"href":"https:\/\/www.piuomenopop.it\/index.php\/wp-json\/wp\/v2\/comments?post=40718"}],"version-history":[{"count":2,"href":"https:\/\/www.piuomenopop.it\/index.php\/wp-json\/wp\/v2\/posts\/40718\/revisions"}],"predecessor-version":[{"id":40721,"href":"https:\/\/www.piuomenopop.it\/index.php\/wp-json\/wp\/v2\/posts\/40718\/revisions\/40721"}],"wp:featuredmedia":[{"embeddable":true,"href":"https:\/\/www.piuomenopop.it\/index.php\/wp-json\/wp\/v2\/media\/40719"}],"wp:attachment":[{"href":"https:\/\/www.piuomenopop.it\/index.php\/wp-json\/wp\/v2\/media?parent=40718"}],"wp:term":[{"taxonomy":"category","embeddable":true,"href":"https:\/\/www.piuomenopop.it\/index.php\/wp-json\/wp\/v2\/categories?post=40718"},{"taxonomy":"post_tag","embeddable":true,"href":"https:\/\/www.piuomenopop.it\/index.php\/wp-json\/wp\/v2\/tags?post=40718"}],"curies":[{"name":"wp","href":"https:\/\/api.w.org\/{rel}","templated":true}]}}