{"id":41012,"date":"2018-11-19T16:27:25","date_gmt":"2018-11-19T15:27:25","guid":{"rendered":"http:\/\/www.piuomenopop.it\/?p=41012"},"modified":"2018-11-19T16:31:35","modified_gmt":"2018-11-19T15:31:35","slug":"adversus-torna-il-rap-del-colle-der-fomento-con-lo-sguardo-al-passato-e-la-mente-al-futuro","status":"publish","type":"post","link":"https:\/\/www.piuomenopop.it\/index.php\/2018\/11\/19\/adversus-torna-il-rap-del-colle-der-fomento-con-lo-sguardo-al-passato-e-la-mente-al-futuro\/","title":{"rendered":"Adversus, torna il rap del Colle der Fomento con lo sguardo al passato e la mente al futuro"},"content":{"rendered":"<p style=\"font-weight: 400; text-align: center;\">Adversus \u00e8il titolo del nuovo lavoro della\u00a0<strong>storica formazione rap romana <a href=\"https:\/\/www.facebook.com\/collederfomentoofficial\/\" target=\"_blank\" rel=\"noopener\">Colle der Fomento<\/a><\/strong>.<\/p>\n<figure id=\"attachment_41013\" aria-describedby=\"caption-attachment-41013\" style=\"width: 600px\" class=\"wp-caption alignleft\"><img loading=\"lazy\" decoding=\"async\" class=\"wp-image-41013\" src=\"http:\/\/www.piuomenopop.it\/wp-content\/uploads\/2018\/11\/Colle-der-Fomento-2018-foto-Daniele-Peruzzi-Small.jpg\" alt=\"\" width=\"600\" height=\"400\" srcset=\"https:\/\/www.piuomenopop.it\/wp-content\/uploads\/2018\/11\/Colle-der-Fomento-2018-foto-Daniele-Peruzzi-Small.jpg 720w, https:\/\/www.piuomenopop.it\/wp-content\/uploads\/2018\/11\/Colle-der-Fomento-2018-foto-Daniele-Peruzzi-Small-300x200.jpg 300w\" sizes=\"auto, (max-width: 600px) 100vw, 600px\" \/><figcaption id=\"caption-attachment-41013\" class=\"wp-caption-text\">\u00a9 Daniele Peruzzi<\/figcaption><\/figure>\n<p style=\"font-weight: 400;\">Disponibile\u00a0<strong>da venerd\u00ec 16 novembre<\/strong>\u00a0nei negozi di dischi e negli store digitali, l&#8217;album \u00e8 composto da quattordici tracce con la produzione quasi totale di\u00a0<strong>DJ Craim<\/strong>, eccetto\u00a0<strong>Little<\/strong>\u00a0<strong>Tony<\/strong>\u00a0<strong>Negri<\/strong>\u00a0e\u00a0<strong>Bassi<\/strong>\u00a0<strong>Maestro<\/strong>\u00a0su due tracce, e featuring di\u00a0<strong>Kaos<\/strong>\u00a0e Roy\u00a0<strong>Pacy<\/strong>. Un viaggio nella musica, dove il\u00a0<strong>rap<\/strong>\u00a0incontra il\u00a0<strong>rock<\/strong>, il\u00a0<strong>blues<\/strong>, il\u00a0<strong>jazz<\/strong>\u00a0e la\u00a0<strong>musica<\/strong>\u00a0<strong>italiana<\/strong>\u00a0contaminandosi in modo adulto senza snaturarsi.\u00a0<strong>Adversus<\/strong>\u00a0significa\u00a0<strong>andare<\/strong>\u00a0<strong>contro<\/strong>, pensare in modo contrario, essere in guerra. E la\u00a0<strong>guerra \u00e8 su tre fronti<\/strong>: contro il\u00a0<strong>nemico che c\u2019\u00e8 fuori<\/strong>, la societ\u00e0 e quello che non ci piace del mondo contemporaneo; la guerra contro il<strong>\u00a0nemico che abbiamo dentro<\/strong>, le paure e l\u2019insicurezza, la depressione; la guerra contro il\u00a0<strong>tempo che passa<\/strong>\u00a0inesorabile e ci ammala portandoci via affetti e certezze. Un viaggio non solo musicale ma anche umano: quando la maschera si rompe, sotto non ci sono solo due MC, ma due persone con i loro sentimenti, i loro ricordi e i loro sogni: oltre\u00a0<strong>Danno<\/strong>\u00a0e\u00a0<strong>Masito<\/strong>\u00a0ci sono\u00a0<strong>Simone<\/strong>\u00a0e\u00a0<strong>Massimiliano<\/strong>.\u00a0<strong>DJ Craim<\/strong>\u00a0ha lavorato all\u2019album creando un\u00a0<strong>suono Hip-Hop adulto<\/strong>, che dialoga con\u00a0<strong>altri generi musicali<\/strong>. Utilizzando i sample senza ricalcare la vecchia formula del boom bap Anni &#8217;90, ma, evolvendo il concetto stesso di musica campionata, Craim ha creato\u00a0<strong>un vero e proprio film sonoro<\/strong>\u00a0per la band passando da\u00a0<strong>suoni pi\u00f9 acidi<\/strong>\u00a0e\u00a0<strong>hardcore<\/strong>\u00a0a vere e proprie\u00a0<strong>ballate dal sapore blues<\/strong>. Rispetto alla discografia del passato,\u00a0<strong>Adversus \u00e8 il disco pi\u00f9 personale del Colle<\/strong>, i testi\u00a0<strong>raccontano momenti di vita vissuta<\/strong>,\u00a0<strong>attimi d&#8217;introspezione<\/strong>\u00a0e\u00a0<strong>momenti di confronto<\/strong>. Senza troppi tecnicismi o giochi di parole, una\u00a0finestra aperta verso il mondo circostante.<\/p>\n<figure id=\"attachment_16361\" aria-describedby=\"caption-attachment-16361\" style=\"width: 600px\" class=\"wp-caption alignright\"><img loading=\"lazy\" decoding=\"async\" class=\"wp-image-16361\" src=\"http:\/\/www.piuomenopop.it\/wp-content\/uploads\/2017\/03\/023Colle_der_fomento.jpg\" alt=\"\" width=\"600\" height=\"400\" srcset=\"https:\/\/www.piuomenopop.it\/wp-content\/uploads\/2017\/03\/023Colle_der_fomento.jpg 600w, https:\/\/www.piuomenopop.it\/wp-content\/uploads\/2017\/03\/023Colle_der_fomento-300x200.jpg 300w, https:\/\/www.piuomenopop.it\/wp-content\/uploads\/2017\/03\/023Colle_der_fomento-768x512.jpg 768w, https:\/\/www.piuomenopop.it\/wp-content\/uploads\/2017\/03\/023Colle_der_fomento-1024x683.jpg 1024w\" sizes=\"auto, (max-width: 600px) 100vw, 600px\" \/><figcaption id=\"caption-attachment-16361\" class=\"wp-caption-text\">\u00a9 Sonia Golemme<\/figcaption><\/figure>\n<p style=\"font-weight: 400;\">L&#8217;uscita \u00e8 accompagnata dalla pubblicazione del\u00a0<strong>doppio videoclip Storia di una lunga guerra \/ Eppure sono qui\u00a0<\/strong>realizzati da YouNuts! &amp; The ProudAction. L&#8217;ambientazione della prima parte descrive uno scenario di guerra, un &#8220;fronte di resistenza&#8221; all&#8217;interno del bosco di Santa Maria Galeria nella periferia di Roma.\u00a0Nella seconda, invece, l&#8217;ambiente diventa una fabbrica abbandonata, dove il trio accompagnato da DJ Craim continua la sua metaforica &#8220;guerra&#8221; in tenuta militare. La scelta del doppio video da parte della band, \u00e8 dettata dalla volont\u00e0 di condividere col pubblico un contenuto pi\u00f9 completo del comune standard videoclip. Un accompagnamento visuale che possa coinvolgere al massimo l&#8217;ascoltatore accompagnando rime e suoni. Adversus \u00e8 pubblicato in collaborazione con\u00a0<strong>TAK production<\/strong>\u00a0e\u00a0<strong>Tuff Kong Records<\/strong>.<\/p>\n<p>&nbsp;<\/p>\n<p>&nbsp;<\/p>\n<p style=\"text-align: center;\"><iframe loading=\"lazy\" src=\"https:\/\/open.spotify.com\/embed\/album\/2biz6ijv7eDRc1TjCwz9Kk\" width=\"300\" height=\"380\" frameborder=\"0\"><\/iframe><\/p>\n<p style=\"font-weight: 400;\">\n","protected":false},"excerpt":{"rendered":"<div class=\"mh-excerpt\"><p>Adversus \u00e8il titolo del nuovo lavoro della\u00a0storica formazione rap romana Colle der Fomento. Disponibile\u00a0da venerd\u00ec 16 novembre\u00a0nei negozi di dischi e negli store digitali, l&#8217;album <a class=\"mh-excerpt-more\" href=\"https:\/\/www.piuomenopop.it\/index.php\/2018\/11\/19\/adversus-torna-il-rap-del-colle-der-fomento-con-lo-sguardo-al-passato-e-la-mente-al-futuro\/\" title=\"Adversus, torna il rap del Colle der Fomento con lo sguardo al passato e la mente al futuro\">[&#8230;]<\/a><\/p>\n<\/div>","protected":false},"author":2,"featured_media":41013,"comment_status":"closed","ping_status":"closed","sticky":false,"template":"","format":"standard","meta":{"sfsi_plus_gutenberg_text_before_share":"","sfsi_plus_gutenberg_show_text_before_share":"","sfsi_plus_gutenberg_icon_type":"","sfsi_plus_gutenberg_icon_alignemt":"","sfsi_plus_gutenburg_max_per_row":"","footnotes":"","_links_to":"","_links_to_target":""},"categories":[3,8],"tags":[8104,3002,3455],"class_list":["post-41012","post","type-post","status-publish","format-standard","has-post-thumbnail","hentry","category-news","category-uscite","tag-adversus","tag-colle-der-fomento","tag-nextpress"],"aioseo_notices":[],"aioseo_head":"\n\t\t<!-- All in One SEO 5.0.1.1 - aioseo.com -->\n\t<meta name=\"description\" content=\"Adversus \u00e8il titolo del nuovo lavoro della storica formazione rap romana Colle der Fomento. Disponibile da venerd\u00ec 16 novembre nei negozi di dischi e negli store digitali, l&#039;album \u00e8 composto da quattordici tracce con la produzione quasi totale di DJ Craim, eccetto Little Tony Negri e Bassi Maestro su due tracce, e featuring di Kaos e Roy Pacy. Un viaggio nella musica, dove il rap incontra il rock, il blues, il jazz e la musica italiana contaminandosi in\" \/>\n\t<meta name=\"robots\" content=\"max-image-preview:large\" \/>\n\t<meta name=\"author\" content=\"redazione\"\/>\n\t<link rel=\"canonical\" href=\"https:\/\/www.piuomenopop.it\/index.php\/2018\/11\/19\/adversus-torna-il-rap-del-colle-der-fomento-con-lo-sguardo-al-passato-e-la-mente-al-futuro\/\" \/>\n\t<meta name=\"generator\" content=\"All in One SEO (AIOSEO) 5.0.1.1\" \/>\n\t\t<meta property=\"og:locale\" content=\"it_IT\" \/>\n\t\t<meta property=\"og:site_name\" content=\"Piu o Meno POP - uno spazio di condivisione, che si occupa di passioni\" \/>\n\t\t<meta property=\"og:type\" content=\"article\" \/>\n\t\t<meta property=\"og:title\" content=\"Adversus, torna il rap del Colle der Fomento con lo sguardo al passato e la mente al futuro - Piu o Meno POP\" \/>\n\t\t<meta property=\"og:description\" content=\"Adversus \u00e8il titolo del nuovo lavoro della storica formazione rap romana Colle der Fomento. Disponibile da venerd\u00ec 16 novembre nei negozi di dischi e negli store digitali, l&#039;album \u00e8 composto da quattordici tracce con la produzione quasi totale di DJ Craim, eccetto Little Tony Negri e Bassi Maestro su due tracce, e featuring di Kaos e Roy Pacy. Un viaggio nella musica, dove il rap incontra il rock, il blues, il jazz e la musica italiana contaminandosi in\" \/>\n\t\t<meta property=\"og:url\" content=\"https:\/\/www.piuomenopop.it\/index.php\/2018\/11\/19\/adversus-torna-il-rap-del-colle-der-fomento-con-lo-sguardo-al-passato-e-la-mente-al-futuro\/\" \/>\n\t\t<meta property=\"article:published_time\" content=\"2018-11-19T15:27:25+00:00\" \/>\n\t\t<meta property=\"article:modified_time\" content=\"2018-11-19T15:31:35+00:00\" \/>\n\t\t<meta name=\"twitter:card\" content=\"summary\" \/>\n\t\t<meta name=\"twitter:title\" content=\"Adversus, torna il rap del Colle der Fomento con lo sguardo al passato e la mente al futuro - Piu o Meno POP\" \/>\n\t\t<meta name=\"twitter:description\" content=\"Adversus \u00e8il titolo del nuovo lavoro della storica formazione rap romana Colle der Fomento. Disponibile da venerd\u00ec 16 novembre nei negozi di dischi e negli store digitali, l&#039;album \u00e8 composto da quattordici tracce con la produzione quasi totale di DJ Craim, eccetto Little Tony Negri e Bassi Maestro su due tracce, e featuring di Kaos e Roy Pacy. Un viaggio nella musica, dove il rap incontra il rock, il blues, il jazz e la musica italiana contaminandosi in\" \/>\n\t\t<script type=\"application\/ld+json\" class=\"aioseo-schema\">\n\t\t\t{\"@context\":\"https:\\\/\\\/schema.org\",\"@graph\":[{\"@type\":\"BlogPosting\",\"@id\":\"https:\\\/\\\/www.piuomenopop.it\\\/index.php\\\/2018\\\/11\\\/19\\\/adversus-torna-il-rap-del-colle-der-fomento-con-lo-sguardo-al-passato-e-la-mente-al-futuro\\\/#blogposting\",\"name\":\"Adversus, torna il rap del Colle der Fomento con lo sguardo al passato e la mente al futuro - Piu o Meno POP\",\"headline\":\"Adversus, torna il rap del Colle der Fomento con lo sguardo al passato e la mente al futuro\",\"author\":{\"@id\":\"https:\\\/\\\/www.piuomenopop.it\\\/index.php\\\/author\\\/sonia\\\/#author\"},\"publisher\":{\"@id\":\"https:\\\/\\\/www.piuomenopop.it\\\/#organization\"},\"image\":{\"@type\":\"ImageObject\",\"url\":\"https:\\\/\\\/www.piuomenopop.it\\\/wp-content\\\/uploads\\\/2018\\\/11\\\/Colle-der-Fomento-2018-foto-Daniele-Peruzzi-Small.jpg\",\"width\":720,\"height\":480},\"datePublished\":\"2018-11-19T16:27:25+01:00\",\"dateModified\":\"2018-11-19T16:31:35+01:00\",\"inLanguage\":\"it-IT\",\"mainEntityOfPage\":{\"@id\":\"https:\\\/\\\/www.piuomenopop.it\\\/index.php\\\/2018\\\/11\\\/19\\\/adversus-torna-il-rap-del-colle-der-fomento-con-lo-sguardo-al-passato-e-la-mente-al-futuro\\\/#webpage\"},\"isPartOf\":{\"@id\":\"https:\\\/\\\/www.piuomenopop.it\\\/index.php\\\/2018\\\/11\\\/19\\\/adversus-torna-il-rap-del-colle-der-fomento-con-lo-sguardo-al-passato-e-la-mente-al-futuro\\\/#webpage\"},\"articleSection\":\"Notizie, Nuove uscite, Adversus, Colle Der Fomento, Nextpress\"},{\"@type\":\"BreadcrumbList\",\"@id\":\"https:\\\/\\\/www.piuomenopop.it\\\/index.php\\\/2018\\\/11\\\/19\\\/adversus-torna-il-rap-del-colle-der-fomento-con-lo-sguardo-al-passato-e-la-mente-al-futuro\\\/#breadcrumblist\",\"itemListElement\":[{\"@type\":\"ListItem\",\"@id\":\"https:\\\/\\\/www.piuomenopop.it#listItem\",\"position\":1,\"name\":\"Home\",\"item\":\"https:\\\/\\\/www.piuomenopop.it\",\"nextItem\":{\"@type\":\"ListItem\",\"@id\":\"https:\\\/\\\/www.piuomenopop.it\\\/index.php\\\/category\\\/news\\\/#listItem\",\"name\":\"Notizie\"}},{\"@type\":\"ListItem\",\"@id\":\"https:\\\/\\\/www.piuomenopop.it\\\/index.php\\\/category\\\/news\\\/#listItem\",\"position\":2,\"name\":\"Notizie\",\"item\":\"https:\\\/\\\/www.piuomenopop.it\\\/index.php\\\/category\\\/news\\\/\",\"nextItem\":{\"@type\":\"ListItem\",\"@id\":\"https:\\\/\\\/www.piuomenopop.it\\\/index.php\\\/2018\\\/11\\\/19\\\/adversus-torna-il-rap-del-colle-der-fomento-con-lo-sguardo-al-passato-e-la-mente-al-futuro\\\/#listItem\",\"name\":\"Adversus, torna il rap del Colle der Fomento con lo sguardo al passato e la mente al futuro\"},\"previousItem\":{\"@type\":\"ListItem\",\"@id\":\"https:\\\/\\\/www.piuomenopop.it#listItem\",\"name\":\"Home\"}},{\"@type\":\"ListItem\",\"@id\":\"https:\\\/\\\/www.piuomenopop.it\\\/index.php\\\/2018\\\/11\\\/19\\\/adversus-torna-il-rap-del-colle-der-fomento-con-lo-sguardo-al-passato-e-la-mente-al-futuro\\\/#listItem\",\"position\":3,\"name\":\"Adversus, torna il rap del Colle der Fomento con lo sguardo al passato e la mente al futuro\",\"previousItem\":{\"@type\":\"ListItem\",\"@id\":\"https:\\\/\\\/www.piuomenopop.it\\\/index.php\\\/category\\\/news\\\/#listItem\",\"name\":\"Notizie\"}}]},{\"@type\":\"Organization\",\"@id\":\"https:\\\/\\\/www.piuomenopop.it\\\/#organization\",\"name\":\"Piu o Meno POP\",\"description\":\"uno spazio di condivisione, che si occupa di passioni\",\"url\":\"https:\\\/\\\/www.piuomenopop.it\\\/\"},{\"@type\":\"Person\",\"@id\":\"https:\\\/\\\/www.piuomenopop.it\\\/index.php\\\/author\\\/sonia\\\/#author\",\"url\":\"https:\\\/\\\/www.piuomenopop.it\\\/index.php\\\/author\\\/sonia\\\/\",\"name\":\"redazione\",\"image\":{\"@type\":\"ImageObject\",\"@id\":\"https:\\\/\\\/www.piuomenopop.it\\\/index.php\\\/2018\\\/11\\\/19\\\/adversus-torna-il-rap-del-colle-der-fomento-con-lo-sguardo-al-passato-e-la-mente-al-futuro\\\/#authorImage\",\"url\":\"https:\\\/\\\/secure.gravatar.com\\\/avatar\\\/5a2feb58192bb409d31bb30564805c9ab4588e2df3a00e7e57648d81c2cc138a?s=96&d=mm&r=g\",\"width\":96,\"height\":96,\"caption\":\"redazione\"}},{\"@type\":\"WebPage\",\"@id\":\"https:\\\/\\\/www.piuomenopop.it\\\/index.php\\\/2018\\\/11\\\/19\\\/adversus-torna-il-rap-del-colle-der-fomento-con-lo-sguardo-al-passato-e-la-mente-al-futuro\\\/#webpage\",\"url\":\"https:\\\/\\\/www.piuomenopop.it\\\/index.php\\\/2018\\\/11\\\/19\\\/adversus-torna-il-rap-del-colle-der-fomento-con-lo-sguardo-al-passato-e-la-mente-al-futuro\\\/\",\"name\":\"Adversus, torna il rap del Colle der Fomento con lo sguardo al passato e la mente al futuro - Piu o Meno POP\",\"description\":\"Adversus \\u00e8il titolo del nuovo lavoro della storica formazione rap romana Colle der Fomento. Disponibile da venerd\\u00ec 16 novembre nei negozi di dischi e negli store digitali, l'album \\u00e8 composto da quattordici tracce con la produzione quasi totale di DJ Craim, eccetto Little Tony Negri e Bassi Maestro su due tracce, e featuring di Kaos e Roy Pacy. Un viaggio nella musica, dove il rap incontra il rock, il blues, il jazz e la musica italiana contaminandosi in\",\"inLanguage\":\"it-IT\",\"isPartOf\":{\"@id\":\"https:\\\/\\\/www.piuomenopop.it\\\/#website\"},\"breadcrumb\":{\"@id\":\"https:\\\/\\\/www.piuomenopop.it\\\/index.php\\\/2018\\\/11\\\/19\\\/adversus-torna-il-rap-del-colle-der-fomento-con-lo-sguardo-al-passato-e-la-mente-al-futuro\\\/#breadcrumblist\"},\"author\":{\"@id\":\"https:\\\/\\\/www.piuomenopop.it\\\/index.php\\\/author\\\/sonia\\\/#author\"},\"creator\":{\"@id\":\"https:\\\/\\\/www.piuomenopop.it\\\/index.php\\\/author\\\/sonia\\\/#author\"},\"image\":{\"@type\":\"ImageObject\",\"url\":\"https:\\\/\\\/www.piuomenopop.it\\\/wp-content\\\/uploads\\\/2018\\\/11\\\/Colle-der-Fomento-2018-foto-Daniele-Peruzzi-Small.jpg\",\"@id\":\"https:\\\/\\\/www.piuomenopop.it\\\/index.php\\\/2018\\\/11\\\/19\\\/adversus-torna-il-rap-del-colle-der-fomento-con-lo-sguardo-al-passato-e-la-mente-al-futuro\\\/#mainImage\",\"width\":720,\"height\":480},\"primaryImageOfPage\":{\"@id\":\"https:\\\/\\\/www.piuomenopop.it\\\/index.php\\\/2018\\\/11\\\/19\\\/adversus-torna-il-rap-del-colle-der-fomento-con-lo-sguardo-al-passato-e-la-mente-al-futuro\\\/#mainImage\"},\"datePublished\":\"2018-11-19T16:27:25+01:00\",\"dateModified\":\"2018-11-19T16:31:35+01:00\"},{\"@type\":\"WebSite\",\"@id\":\"https:\\\/\\\/www.piuomenopop.it\\\/#website\",\"url\":\"https:\\\/\\\/www.piuomenopop.it\\\/\",\"name\":\"Piu o Meno POP\",\"description\":\"uno spazio di condivisione, che si occupa di passioni\",\"inLanguage\":\"it-IT\",\"publisher\":{\"@id\":\"https:\\\/\\\/www.piuomenopop.it\\\/#organization\"}}]}\n\t\t<\/script>\n\t\t<!-- All in One SEO -->\n\n","aioseo_head_json":{"title":"Adversus, torna il rap del Colle der Fomento con lo sguardo al passato e la mente al futuro - Piu o Meno POP","description":"Adversus \u00e8il titolo del nuovo lavoro della storica formazione rap romana Colle der Fomento. Disponibile da venerd\u00ec 16 novembre nei negozi di dischi e negli store digitali, l'album \u00e8 composto da quattordici tracce con la produzione quasi totale di DJ Craim, eccetto Little Tony Negri e Bassi Maestro su due tracce, e featuring di Kaos e Roy Pacy. Un viaggio nella musica, dove il rap incontra il rock, il blues, il jazz e la musica italiana contaminandosi in","canonical_url":"https:\/\/www.piuomenopop.it\/index.php\/2018\/11\/19\/adversus-torna-il-rap-del-colle-der-fomento-con-lo-sguardo-al-passato-e-la-mente-al-futuro\/","robots":"max-image-preview:large","keywords":"","webmasterTools":{"miscellaneous":""},"schema":{"@context":"https:\/\/schema.org","@graph":[{"@type":"BlogPosting","@id":"https:\/\/www.piuomenopop.it\/index.php\/2018\/11\/19\/adversus-torna-il-rap-del-colle-der-fomento-con-lo-sguardo-al-passato-e-la-mente-al-futuro\/#blogposting","name":"Adversus, torna il rap del Colle der Fomento con lo sguardo al passato e la mente al futuro - Piu o Meno POP","headline":"Adversus, torna il rap del Colle der Fomento con lo sguardo al passato e la mente al futuro","author":{"@id":"https:\/\/www.piuomenopop.it\/index.php\/author\/sonia\/#author"},"publisher":{"@id":"https:\/\/www.piuomenopop.it\/#organization"},"image":{"@type":"ImageObject","url":"https:\/\/www.piuomenopop.it\/wp-content\/uploads\/2018\/11\/Colle-der-Fomento-2018-foto-Daniele-Peruzzi-Small.jpg","width":720,"height":480},"datePublished":"2018-11-19T16:27:25+01:00","dateModified":"2018-11-19T16:31:35+01:00","inLanguage":"it-IT","mainEntityOfPage":{"@id":"https:\/\/www.piuomenopop.it\/index.php\/2018\/11\/19\/adversus-torna-il-rap-del-colle-der-fomento-con-lo-sguardo-al-passato-e-la-mente-al-futuro\/#webpage"},"isPartOf":{"@id":"https:\/\/www.piuomenopop.it\/index.php\/2018\/11\/19\/adversus-torna-il-rap-del-colle-der-fomento-con-lo-sguardo-al-passato-e-la-mente-al-futuro\/#webpage"},"articleSection":"Notizie, Nuove uscite, Adversus, Colle Der Fomento, Nextpress"},{"@type":"BreadcrumbList","@id":"https:\/\/www.piuomenopop.it\/index.php\/2018\/11\/19\/adversus-torna-il-rap-del-colle-der-fomento-con-lo-sguardo-al-passato-e-la-mente-al-futuro\/#breadcrumblist","itemListElement":[{"@type":"ListItem","@id":"https:\/\/www.piuomenopop.it#listItem","position":1,"name":"Home","item":"https:\/\/www.piuomenopop.it","nextItem":{"@type":"ListItem","@id":"https:\/\/www.piuomenopop.it\/index.php\/category\/news\/#listItem","name":"Notizie"}},{"@type":"ListItem","@id":"https:\/\/www.piuomenopop.it\/index.php\/category\/news\/#listItem","position":2,"name":"Notizie","item":"https:\/\/www.piuomenopop.it\/index.php\/category\/news\/","nextItem":{"@type":"ListItem","@id":"https:\/\/www.piuomenopop.it\/index.php\/2018\/11\/19\/adversus-torna-il-rap-del-colle-der-fomento-con-lo-sguardo-al-passato-e-la-mente-al-futuro\/#listItem","name":"Adversus, torna il rap del Colle der Fomento con lo sguardo al passato e la mente al futuro"},"previousItem":{"@type":"ListItem","@id":"https:\/\/www.piuomenopop.it#listItem","name":"Home"}},{"@type":"ListItem","@id":"https:\/\/www.piuomenopop.it\/index.php\/2018\/11\/19\/adversus-torna-il-rap-del-colle-der-fomento-con-lo-sguardo-al-passato-e-la-mente-al-futuro\/#listItem","position":3,"name":"Adversus, torna il rap del Colle der Fomento con lo sguardo al passato e la mente al futuro","previousItem":{"@type":"ListItem","@id":"https:\/\/www.piuomenopop.it\/index.php\/category\/news\/#listItem","name":"Notizie"}}]},{"@type":"Organization","@id":"https:\/\/www.piuomenopop.it\/#organization","name":"Piu o Meno POP","description":"uno spazio di condivisione, che si occupa di passioni","url":"https:\/\/www.piuomenopop.it\/"},{"@type":"Person","@id":"https:\/\/www.piuomenopop.it\/index.php\/author\/sonia\/#author","url":"https:\/\/www.piuomenopop.it\/index.php\/author\/sonia\/","name":"redazione","image":{"@type":"ImageObject","@id":"https:\/\/www.piuomenopop.it\/index.php\/2018\/11\/19\/adversus-torna-il-rap-del-colle-der-fomento-con-lo-sguardo-al-passato-e-la-mente-al-futuro\/#authorImage","url":"https:\/\/secure.gravatar.com\/avatar\/5a2feb58192bb409d31bb30564805c9ab4588e2df3a00e7e57648d81c2cc138a?s=96&d=mm&r=g","width":96,"height":96,"caption":"redazione"}},{"@type":"WebPage","@id":"https:\/\/www.piuomenopop.it\/index.php\/2018\/11\/19\/adversus-torna-il-rap-del-colle-der-fomento-con-lo-sguardo-al-passato-e-la-mente-al-futuro\/#webpage","url":"https:\/\/www.piuomenopop.it\/index.php\/2018\/11\/19\/adversus-torna-il-rap-del-colle-der-fomento-con-lo-sguardo-al-passato-e-la-mente-al-futuro\/","name":"Adversus, torna il rap del Colle der Fomento con lo sguardo al passato e la mente al futuro - Piu o Meno POP","description":"Adversus \u00e8il titolo del nuovo lavoro della storica formazione rap romana Colle der Fomento. Disponibile da venerd\u00ec 16 novembre nei negozi di dischi e negli store digitali, l'album \u00e8 composto da quattordici tracce con la produzione quasi totale di DJ Craim, eccetto Little Tony Negri e Bassi Maestro su due tracce, e featuring di Kaos e Roy Pacy. Un viaggio nella musica, dove il rap incontra il rock, il blues, il jazz e la musica italiana contaminandosi in","inLanguage":"it-IT","isPartOf":{"@id":"https:\/\/www.piuomenopop.it\/#website"},"breadcrumb":{"@id":"https:\/\/www.piuomenopop.it\/index.php\/2018\/11\/19\/adversus-torna-il-rap-del-colle-der-fomento-con-lo-sguardo-al-passato-e-la-mente-al-futuro\/#breadcrumblist"},"author":{"@id":"https:\/\/www.piuomenopop.it\/index.php\/author\/sonia\/#author"},"creator":{"@id":"https:\/\/www.piuomenopop.it\/index.php\/author\/sonia\/#author"},"image":{"@type":"ImageObject","url":"https:\/\/www.piuomenopop.it\/wp-content\/uploads\/2018\/11\/Colle-der-Fomento-2018-foto-Daniele-Peruzzi-Small.jpg","@id":"https:\/\/www.piuomenopop.it\/index.php\/2018\/11\/19\/adversus-torna-il-rap-del-colle-der-fomento-con-lo-sguardo-al-passato-e-la-mente-al-futuro\/#mainImage","width":720,"height":480},"primaryImageOfPage":{"@id":"https:\/\/www.piuomenopop.it\/index.php\/2018\/11\/19\/adversus-torna-il-rap-del-colle-der-fomento-con-lo-sguardo-al-passato-e-la-mente-al-futuro\/#mainImage"},"datePublished":"2018-11-19T16:27:25+01:00","dateModified":"2018-11-19T16:31:35+01:00"},{"@type":"WebSite","@id":"https:\/\/www.piuomenopop.it\/#website","url":"https:\/\/www.piuomenopop.it\/","name":"Piu o Meno POP","description":"uno spazio di condivisione, che si occupa di passioni","inLanguage":"it-IT","publisher":{"@id":"https:\/\/www.piuomenopop.it\/#organization"}}]},"og:locale":"it_IT","og:site_name":"Piu o Meno POP - uno spazio di condivisione, che si occupa di passioni","og:type":"article","og:title":"Adversus, torna il rap del Colle der Fomento con lo sguardo al passato e la mente al futuro - Piu o Meno POP","og:description":"Adversus \u00e8il titolo del nuovo lavoro della storica formazione rap romana Colle der Fomento. Disponibile da venerd\u00ec 16 novembre nei negozi di dischi e negli store digitali, l'album \u00e8 composto da quattordici tracce con la produzione quasi totale di DJ Craim, eccetto Little Tony Negri e Bassi Maestro su due tracce, e featuring di Kaos e Roy Pacy. Un viaggio nella musica, dove il rap incontra il rock, il blues, il jazz e la musica italiana contaminandosi in","og:url":"https:\/\/www.piuomenopop.it\/index.php\/2018\/11\/19\/adversus-torna-il-rap-del-colle-der-fomento-con-lo-sguardo-al-passato-e-la-mente-al-futuro\/","article:published_time":"2018-11-19T15:27:25+00:00","article:modified_time":"2018-11-19T15:31:35+00:00","twitter:card":"summary","twitter:title":"Adversus, torna il rap del Colle der Fomento con lo sguardo al passato e la mente al futuro - Piu o Meno POP","twitter:description":"Adversus \u00e8il titolo del nuovo lavoro della storica formazione rap romana Colle der Fomento. Disponibile da venerd\u00ec 16 novembre nei negozi di dischi e negli store digitali, l'album \u00e8 composto da quattordici tracce con la produzione quasi totale di DJ Craim, eccetto Little Tony Negri e Bassi Maestro su due tracce, e featuring di Kaos e Roy Pacy. Un viaggio nella musica, dove il rap incontra il rock, il blues, il jazz e la musica italiana contaminandosi in"},"aioseo_meta_data":{"post_id":"41012","title":null,"description":null,"keywords":null,"keyphrases":null,"primary_term":null,"canonical_url":null,"og_title":null,"og_description":null,"og_object_type":"default","og_image_type":"default","og_image_url":null,"og_image_width":null,"og_image_height":null,"og_image_custom_url":null,"og_image_custom_fields":null,"og_video":null,"og_custom_url":null,"og_article_section":null,"og_article_tags":null,"twitter_use_og":false,"twitter_card":"default","twitter_image_type":"default","twitter_image_url":null,"twitter_image_custom_url":null,"twitter_image_custom_fields":null,"twitter_title":null,"twitter_description":null,"schema":{"blockGraphs":[],"customGraphs":[],"default":{"data":{"Article":[],"Course":[],"Dataset":[],"FAQPage":[],"Movie":[],"Person":[],"Product":[],"ProductReview":[],"Car":[],"Recipe":[],"Service":[],"SoftwareApplication":[],"WebPage":[]},"graphName":"BlogPosting","isEnabled":true},"graphs":[]},"schema_type":"default","schema_type_options":null,"pillar_content":false,"robots_default":true,"robots_noindex":false,"robots_noarchive":false,"robots_nosnippet":false,"robots_nofollow":false,"robots_noimageindex":false,"robots_noodp":false,"robots_notranslate":false,"robots_max_snippet":null,"robots_max_videopreview":null,"robots_max_imagepreview":"large","priority":null,"frequency":null,"local_seo":null,"limit_modified_date":false,"created":"2022-06-22 20:00:09","updated":"2026-06-22 10:05:43","ai":null,"breadcrumb_settings":null,"seo_analyzer_scan_date":null,"focus_keyword":null,"additional_keywords":null,"truseo_locale":null},"aioseo_breadcrumb":"<div class=\"aioseo-breadcrumbs\"><span class=\"aioseo-breadcrumb\">\n\t\t\t<a href=\"https:\/\/www.piuomenopop.it\" title=\"Home\">Home<\/a>\n\t\t<\/span><span class=\"aioseo-breadcrumb-separator\">&raquo;<\/span><span class=\"aioseo-breadcrumb\">\n\t\t\t<a href=\"https:\/\/www.piuomenopop.it\/index.php\/category\/news\/\" title=\"Notizie\">Notizie<\/a>\n\t\t<\/span><span class=\"aioseo-breadcrumb-separator\">&raquo;<\/span><span class=\"aioseo-breadcrumb\">\n\t\t\tAdversus, torna il rap del Colle der Fomento con lo sguardo al passato e la mente al futuro\n\t\t<\/span><\/div>","aioseo_breadcrumb_json":[{"label":"Home","link":"https:\/\/www.piuomenopop.it"},{"label":"Notizie","link":"https:\/\/www.piuomenopop.it\/index.php\/category\/news\/"},{"label":"Adversus, torna il rap del Colle der Fomento con lo sguardo al passato e la mente al futuro","link":"https:\/\/www.piuomenopop.it\/index.php\/2018\/11\/19\/adversus-torna-il-rap-del-colle-der-fomento-con-lo-sguardo-al-passato-e-la-mente-al-futuro\/"}],"_links":{"self":[{"href":"https:\/\/www.piuomenopop.it\/index.php\/wp-json\/wp\/v2\/posts\/41012","targetHints":{"allow":["GET"]}}],"collection":[{"href":"https:\/\/www.piuomenopop.it\/index.php\/wp-json\/wp\/v2\/posts"}],"about":[{"href":"https:\/\/www.piuomenopop.it\/index.php\/wp-json\/wp\/v2\/types\/post"}],"author":[{"embeddable":true,"href":"https:\/\/www.piuomenopop.it\/index.php\/wp-json\/wp\/v2\/users\/2"}],"replies":[{"embeddable":true,"href":"https:\/\/www.piuomenopop.it\/index.php\/wp-json\/wp\/v2\/comments?post=41012"}],"version-history":[{"count":2,"href":"https:\/\/www.piuomenopop.it\/index.php\/wp-json\/wp\/v2\/posts\/41012\/revisions"}],"predecessor-version":[{"id":41015,"href":"https:\/\/www.piuomenopop.it\/index.php\/wp-json\/wp\/v2\/posts\/41012\/revisions\/41015"}],"wp:featuredmedia":[{"embeddable":true,"href":"https:\/\/www.piuomenopop.it\/index.php\/wp-json\/wp\/v2\/media\/41013"}],"wp:attachment":[{"href":"https:\/\/www.piuomenopop.it\/index.php\/wp-json\/wp\/v2\/media?parent=41012"}],"wp:term":[{"taxonomy":"category","embeddable":true,"href":"https:\/\/www.piuomenopop.it\/index.php\/wp-json\/wp\/v2\/categories?post=41012"},{"taxonomy":"post_tag","embeddable":true,"href":"https:\/\/www.piuomenopop.it\/index.php\/wp-json\/wp\/v2\/tags?post=41012"}],"curies":[{"name":"wp","href":"https:\/\/api.w.org\/{rel}","templated":true}]}}