{"id":41072,"date":"2018-11-22T23:55:54","date_gmt":"2018-11-22T22:55:54","guid":{"rendered":"http:\/\/www.piuomenopop.it\/?p=41072"},"modified":"2018-11-23T21:06:24","modified_gmt":"2018-11-23T20:06:24","slug":"losapevanotutti-nonenormalechesianormale","status":"publish","type":"post","link":"https:\/\/www.piuomenopop.it\/index.php\/2018\/11\/22\/losapevanotutti-nonenormalechesianormale\/","title":{"rendered":"#losapevanotutti: #non\u00e8normalechesianormale"},"content":{"rendered":"<p>a cura di: <a href=\"http:\/\/www.piuomenopop.it\/index.php\/2017\/01\/03\/piuomenopopper-antonio-bastanza\/\"><strong>Antonio Bastanza<\/strong><\/a><\/p>\n<p><img loading=\"lazy\" decoding=\"async\" class=\"size-medium wp-image-41094 aligncenter\" src=\"http:\/\/www.piuomenopop.it\/wp-content\/uploads\/2018\/11\/losapevanotutti-300x300.jpg\" alt=\"\" width=\"300\" height=\"300\" srcset=\"https:\/\/www.piuomenopop.it\/wp-content\/uploads\/2018\/11\/losapevanotutti-300x300.jpg 300w, https:\/\/www.piuomenopop.it\/wp-content\/uploads\/2018\/11\/losapevanotutti-150x150.jpg 150w, https:\/\/www.piuomenopop.it\/wp-content\/uploads\/2018\/11\/losapevanotutti-768x767.jpg 768w, https:\/\/www.piuomenopop.it\/wp-content\/uploads\/2018\/11\/losapevanotutti-1024x1024.jpg 1024w, https:\/\/www.piuomenopop.it\/wp-content\/uploads\/2018\/11\/losapevanotutti-60x60.jpg 60w, https:\/\/www.piuomenopop.it\/wp-content\/uploads\/2018\/11\/losapevanotutti.jpg 1124w\" sizes=\"auto, (max-width: 300px) 100vw, 300px\" \/><\/p>\n<p>Partiamo dai fatti, noti ai pi\u00f9: ieri <a href=\"https:\/\/www.facebook.com\/federico.fiumani\" target=\"_blank\" rel=\"noopener\"><strong>Federico Fiumani<\/strong><\/a> ha rotto il muro di omert\u00e0 che proteggeva un noto personaggio del mondo della musica e della editoria indipendente, accusandolo di molestia e violenze su alcune donne e raccontando di aver annullato un concerto a Genova proprio perch\u00e8 organizzato da quest&#8217;uomo e di aver raccontato ad altri artisti e agenzie di booking con che tipo di individuo avevano a che fare.<\/p>\n<p><iframe loading=\"lazy\" style=\"border: none; overflow: hidden;\" src=\"https:\/\/www.facebook.com\/plugins\/post.php?href=https%3A%2F%2Fwww.facebook.com%2Ffederico.fiumani%2Fposts%2F2373010199395090&amp;width=500\" width=\"500\" height=\"270\" frameborder=\"0\" scrolling=\"no\"><\/iframe><\/p>\n<p>Da qui tutta una serie di voci si sono levate per confermare le accuse a quest&#8217;uomo aggiungendo ulteriori particolari ad arricchire quanto detto dal leader dei Diaframma.<br \/>\nLa scorsa estate infatti una giovane scrittrice, <a href=\"https:\/\/www.facebook.com\/kantsexhibition\" target=\"_blank\" rel=\"noopener\"><strong>Kants Exhibition<\/strong><\/a>, aveva denunciato con un post su Facebook un approccio molto pesante, per usare un eufemismo, da parte del tipo in questione quando era in cerca di un editore per il suo romanzo. Senza troppi giri di parole viste le frasi contenute negli screenshot che sono di pubblico dominio da quattro mesi, quest&#8217;uomo chiede di suggellare la firma del contratto di pubblicazione con una prestazione sessuale e al rifiuto della ragazza ha risposto con minacce per nulla velate.<br \/>\n<strong>EDIT: il post di Facebook che non trovate pi\u00f9 qui sotto \u00e8 stato reso privato dalla stessa Kants Exhibition per sua decisione <\/strong><\/p>\n<blockquote><p><strong>Vedo TANTE persone squallide godere della fama di grandi attivisti femministi, vedo persone che sapevano e se ne sono approfittate (prima, dopo, ora), vedo persone che sapevano ma non avevano i mezzi e sono state accusate in maniera pesante, vedo la mia storia sulla bocca di tutti per cinque minuti di fama, ho visto e sentito giornalisti e persone assicurarsi il gossip quotidiano senza per\u00f2 a conti<span class=\"text_exposed_show\"> fatti, tutelare nessuno. Io in questa situazione sento che la mia psiche e la mia tranquillit\u00e0 non \u00e8 tutelata.<br \/>\nHo messo i due post in modalit\u00e0 \u201csolo io\u201d, chi doveva avere quella documentazione l\u2019ha ottenuta in anticipo da questo post. <\/span><\/strong><\/p><\/blockquote>\n<p><iframe loading=\"lazy\" style=\"border: none; overflow: hidden;\" src=\"https:\/\/www.facebook.com\/plugins\/post.php?href=https%3A%2F%2Fwww.facebook.com%2Fkantsexhibition%2Fposts%2F2117110874996977&amp;width=500\" width=\"500\" height=\"805\" frameborder=\"0\" scrolling=\"no\"><\/iframe><\/p>\n<p>Questa cosa \u00e8 successa quattro mesi fa, il concerto di Fiumani, mai avvenuto, addirittura sei.<br \/>\nMa <em>#losapevanotutti<\/em>, lo sapeva <strong>Colapesce<\/strong>, che avvisato della cosa si \u00e8 rifiutato anche lui di suonare nel festival cui avrebbe dovuto partecipare Fiumani, lo sapeva <strong>Colasanti<\/strong>, il patron di 42 Records, etichetta del cantante siciliano e di<strong> Cosmo<\/strong>, che si \u00e8 esibito nello stesso festival solo perch\u00e8, come racconta lo stesso Colasanti, gli \u00e8 stato chiesto per evitare che la rassegna musicale non si tenesse, con le conseguenti ripercussioni per tutti quelli che avevano lavorato all&#8217;evento stesso.<\/p>\n<blockquote><p>Abbiamo quindi fatto la data di Cosmo, non l&#8217;abbiamo promossa, abbiamo declinato tutte le interviste con i media locali e dal giorno seguente abbiamo chiuso ogni rapporto con lui<\/p><\/blockquote>\n<p>Colasanti ha anche spiegato i motivi per cui lui e gli artisti hanno scelto di non parlarne in pubblico<\/p>\n<blockquote><p>Quello che per\u00f2 non volevamo fare &#8211; avendo avuto esplicita richiesta di non coinvolgimento da parte delle ragazze che ci avevano raccontato le loro vicende &#8211; era scatenare una guerra mediatica e gettare il mostro in prima pagina senza che per\u00f2 ci fosse lo straccio di una denuncia, o anche solo una presa di posizione pubblica da parte delle ragazze coinvolte&#8230;.Non c&#8217;interessava scatenare una guerra su Facebook, passare per eroi e neanche dare vita alla rincorsa a chi pubblica lo screenshot pi\u00f9 pruriginoso. Abbiamo fatto una scelta e l&#8217;abbiamo comunicata a chiunque ci abbia chiesto spiegazioni. E infatti anche altre agenzie ed etichette hanno smesso di collaborare con Habanero.<\/p><\/blockquote>\n<p>#losapevanopraticamentetutti ma solo quando Fiumani ha, come si sta dicendo da pi\u00f9 parti, scoperchiato il vaso di Pandora tutti hanno iniziato a parlarne. Serviva una miccia, qualcuno che desse il via alle denunce, che alzasse il velo di silenzio che\u00a0 quest&#8217;uomo \u00e8 sempre riuscito a\u00a0 far calare sulle sue malefatte. Il risultato \u00e8 stato che il signore in questione \u00e8 stato scaricato da pi\u00f9 parti, da Vasco Brondi, che ha scelto di fare comunque il suo concerto genovese avvalendosi per\u00f2 di una diversa organizzazione al comune del capoluogo ligure che ha bloccato ogni tipo di patrocinio e contributo.<\/p>\n<p>Ad alzare la voce su questa forma di protezione di cui ha goduto \u00e8 stata la giornalista <a href=\"https:\/\/www.facebook.com\/carlottac.vagnoli\" target=\"_blank\" rel=\"noopener\"><strong>Carlotta Vagnoli<\/strong><\/a>, tra le prime a fare il nome di cui tutti sapevano, che assieme a <a href=\"https:\/\/www.facebook.com\/bossyitaly\/\" target=\"_blank\" rel=\"noopener\"><strong>Bossy<\/strong><\/a> ha lanciato l&#8217;hashtag <strong>#losapevanotutti<\/strong> invitando tutte coloro le quali erano state interessate dalle attenzioni di quest&#8217;uomo a scrivere alla mail <strong>losapevanotutti@gmail.com<\/strong> assicurando supporto, privacy, e assistenza legale gratuita.<\/p>\n<p><img loading=\"lazy\" decoding=\"async\" class=\"size-medium wp-image-41081 aligncenter\" src=\"http:\/\/www.piuomenopop.it\/wp-content\/uploads\/2018\/11\/losapevanotutti-Small-300x300.jpg\" alt=\"\" width=\"300\" height=\"300\" srcset=\"https:\/\/www.piuomenopop.it\/wp-content\/uploads\/2018\/11\/losapevanotutti-Small-300x300.jpg 300w, https:\/\/www.piuomenopop.it\/wp-content\/uploads\/2018\/11\/losapevanotutti-Small-150x150.jpg 150w, https:\/\/www.piuomenopop.it\/wp-content\/uploads\/2018\/11\/losapevanotutti-Small-60x60.jpg 60w, https:\/\/www.piuomenopop.it\/wp-content\/uploads\/2018\/11\/losapevanotutti-Small.jpg 480w\" sizes=\"auto, (max-width: 300px) 100vw, 300px\" \/><\/p>\n<p>Perch\u00e8, per usare le parole di Carlotta in una intervista a <a href=\"https:\/\/www.facebook.com\/Elle.Italia\/\" target=\"_blank\" rel=\"noopener\"><strong>Elle<\/strong><\/a>, il problema \u00e8 proprio che se le ragazze oggetto di molestie non hanno parlato per paura che<span id=\"react-root\"><\/span> le minacce si tramutassero in realt\u00e0, il mondo in cui lui svolgeva la sua professione non ha fatto nulla per far venire a galla i suoi comportamenti scorretti.<\/p>\n<blockquote><p>Voglio esattamente questa risposta, dal mondo musicale che ha avuto a che fare con lui. Com&#8217;\u00e8 possibile che abbiate taciuto? Perch\u00e9 nessuno ha preso le distanze da lui, nessuno, prima di Fiumani, si \u00e8 apertamente schierato contro di lui e i suoi atti, a tutti ha fatto pi\u00f9 comodo fare finta di niente e prendersi i soldi dell&#8217;ingaggio<\/p><\/blockquote>\n<p>Gi\u00e0, perch\u00e8?<br \/>\nPerch\u00e8 la reiterazione del comportamento di questa persona, il suo continuo farla franca, ha fatto sembrare quasi come fosse tutto normale?<\/p>\n<p><em>#non\u00e8normalechesianormale<\/em>, per usare un altro hashtag, quello promosso dalla <span class=\"st\"><strong>Camera dei Deputati<\/strong> in vista della <a href=\"https:\/\/nonunadimeno.wordpress.com\/\" target=\"_blank\" rel=\"noopener\">giornata mondiale contro la Violenza sulle donne del 25 novembre.<\/a><\/span><\/p>\n<p>Non lo \u00e8 in nessun modo e da nessun punto di vista, non lo \u00e8 mai.<br \/>\nMAI.<\/p>\n<p>Esistono decine di modi giusti per affrontare queste situazioni, a seconda di come si possa o si voglia fare: supportare, aiutare, lottare a fianco di chi subisce molestie o violenza, garantire la privacy, fare terra bruciata attorno ai molestatori, possibilmente senza aspettare che si chieda se e come sono avvenuti i fatti, essere soggetti attivi in difesa delle vittime. E ascoltare queste ragazze: nei quattro mesi dalla prima denuncia pubblica fatta su Facebook nessuno (NESSUNO) ha fatto nulla, \u00e8 stato necessario che qualcuno con una visibilit\u00e0 maggiore decidesse di far chiarezza.<\/p>\n<p>Oggi parliamo di questo, ieri parlavamo del regista famoso, che poi la giustizia ha scagionato dalle accuse, del produttore Hollywoodiano e domani parleremo di chiss\u00e0 chi altro.<br \/>\nIl problema rimane culturale: molestare una donna (o un uomo, non cambia nulla) approfittando della propria posizione per otterere dei favori \u00e8 vergognoso, perpetrare violenza \u00e8 inaccettabile e chi lo fa DEVE esser punito non dalla shitstorm dei social ma da una legge che protegga e tuteli le vittime, evitando che siano i cavilli tecnico-legali e non la verit\u00e0 a trionfare.<\/p>\n<p>BASTA.<\/p>\n<p>Almeno fino alla prossima volta in cui #losapevanotutti ma nessuno ha osato parlare.<\/p>\n<p>PS: Il legale del presunto molestatore ha voluto precisare che non c&#8217;\u00e8, AL MOMENTO, nessuna indagine in corso, nessuna denuncia a suo carico da parte di chicchessia e nessuna passata condanna. Magari avrebbe dovuto anche precisare che il suddetto promoter\/editore ha nella sua storia una denuncia per stalking ritirata dopo un risarcimento in denaro e altre due presentate e in seguito ritirate da donne che hanno, diciamo, preferito mettere una pietra sopra al passato con questo individuo.<br \/>\nMa si sa, la giustizia \u00e8 uguale per tutti ma non per chi, in qualunque modo, riesce ad aggirarla.<br \/>\nAh, Non avete letto in questo pezzo il nome di chi \u00e8 stato accusato di tutto questo per il semplice motivo che \u00e8 noto a tutti di chi si stia parlando, perch\u00e8, prima o poi, render\u00e0 conto dei suoi comportamenti e perch\u00e8 una persona cos\u00ec non merita nemmeno di averlo un nome.<\/p>\n","protected":false},"excerpt":{"rendered":"<div class=\"mh-excerpt\"><p>a cura di: Antonio Bastanza Partiamo dai fatti, noti ai pi\u00f9: ieri Federico Fiumani ha rotto il muro di omert\u00e0 che proteggeva un noto personaggio <a class=\"mh-excerpt-more\" href=\"https:\/\/www.piuomenopop.it\/index.php\/2018\/11\/22\/losapevanotutti-nonenormalechesianormale\/\" title=\"#losapevanotutti: #non\u00e8normalechesianormale\">[&#8230;]<\/a><\/p>\n<\/div>","protected":false},"author":1,"featured_media":41094,"comment_status":"closed","ping_status":"closed","sticky":false,"template":"","format":"standard","meta":{"sfsi_plus_gutenberg_text_before_share":"","sfsi_plus_gutenberg_show_text_before_share":"","sfsi_plus_gutenberg_icon_type":"","sfsi_plus_gutenberg_icon_alignemt":"","sfsi_plus_gutenburg_max_per_row":"","footnotes":"","_links_to":"","_links_to_target":""},"categories":[598],"tags":[8132,8129,8130,3478,8134,8133,8131],"class_list":["post-41072","post","type-post","status-publish","format-standard","has-post-thumbnail","hentry","category-extra-pop","tag-losapevanotutti","tag-bossy","tag-carlotta-vagnoli","tag-fiumani","tag-habanero","tag-kants-exhibition","tag-no-alla-violenza-sulle-donne"],"aioseo_notices":[],"_links":{"self":[{"href":"https:\/\/www.piuomenopop.it\/index.php\/wp-json\/wp\/v2\/posts\/41072","targetHints":{"allow":["GET"]}}],"collection":[{"href":"https:\/\/www.piuomenopop.it\/index.php\/wp-json\/wp\/v2\/posts"}],"about":[{"href":"https:\/\/www.piuomenopop.it\/index.php\/wp-json\/wp\/v2\/types\/post"}],"author":[{"embeddable":true,"href":"https:\/\/www.piuomenopop.it\/index.php\/wp-json\/wp\/v2\/users\/1"}],"replies":[{"embeddable":true,"href":"https:\/\/www.piuomenopop.it\/index.php\/wp-json\/wp\/v2\/comments?post=41072"}],"version-history":[{"count":12,"href":"https:\/\/www.piuomenopop.it\/index.php\/wp-json\/wp\/v2\/posts\/41072\/revisions"}],"predecessor-version":[{"id":41157,"href":"https:\/\/www.piuomenopop.it\/index.php\/wp-json\/wp\/v2\/posts\/41072\/revisions\/41157"}],"wp:featuredmedia":[{"embeddable":true,"href":"https:\/\/www.piuomenopop.it\/index.php\/wp-json\/wp\/v2\/media\/41094"}],"wp:attachment":[{"href":"https:\/\/www.piuomenopop.it\/index.php\/wp-json\/wp\/v2\/media?parent=41072"}],"wp:term":[{"taxonomy":"category","embeddable":true,"href":"https:\/\/www.piuomenopop.it\/index.php\/wp-json\/wp\/v2\/categories?post=41072"},{"taxonomy":"post_tag","embeddable":true,"href":"https:\/\/www.piuomenopop.it\/index.php\/wp-json\/wp\/v2\/tags?post=41072"}],"curies":[{"name":"wp","href":"https:\/\/api.w.org\/{rel}","templated":true}]}}