{"id":41478,"date":"2018-11-29T21:55:30","date_gmt":"2018-11-29T20:55:30","guid":{"rendered":"http:\/\/www.piuomenopop.it\/?p=41478"},"modified":"2018-11-30T11:17:18","modified_gmt":"2018-11-30T10:17:18","slug":"il-castello-di-vogelod-i-marlene-kuntz-e-claudio-santamaria-danno-vita-ad-unemozione-muta","status":"publish","type":"post","link":"https:\/\/www.piuomenopop.it\/index.php\/2018\/11\/29\/il-castello-di-vogelod-i-marlene-kuntz-e-claudio-santamaria-danno-vita-ad-unemozione-muta\/","title":{"rendered":"Il Castello di Vogelod: i Marlene Kuntz e Claudio Santamaria danno vita ad un&#8217;emozione muta"},"content":{"rendered":"<p>A cura di<strong> <a href=\"https:\/\/www.facebook.com\/renata.rossi.39\" target=\"_blank\" rel=\"noopener\">Renata Rossi<\/a><\/strong><\/p>\n<p>&nbsp;<\/p>\n<p>&nbsp;<\/p>\n<p><img loading=\"lazy\" decoding=\"async\" class=\"aligncenter wp-image-41066 size-full\" src=\"http:\/\/www.piuomenopop.it\/wp-content\/uploads\/2018\/11\/mk-Small-1.jpg\" alt=\"\" width=\"480\" height=\"480\" srcset=\"https:\/\/www.piuomenopop.it\/wp-content\/uploads\/2018\/11\/mk-Small-1.jpg 480w, https:\/\/www.piuomenopop.it\/wp-content\/uploads\/2018\/11\/mk-Small-1-150x150.jpg 150w, https:\/\/www.piuomenopop.it\/wp-content\/uploads\/2018\/11\/mk-Small-1-300x300.jpg 300w, https:\/\/www.piuomenopop.it\/wp-content\/uploads\/2018\/11\/mk-Small-1-60x60.jpg 60w\" sizes=\"auto, (max-width: 480px) 100vw, 480px\" \/><\/p>\n<p>&nbsp;<\/p>\n<p>Che i <a href=\"https:\/\/www.facebook.com\/MarleneKuntzOfficial\/\" target=\"_blank\" rel=\"noopener\"><strong>Marlene Kuntz<\/strong><\/a> avessero diverse anime da mostrare non c&#8217;erano dubbi, prova ne sia il loro concerto <em>Il Doppio<\/em> (<a href=\"http:\/\/www.piuomenopop.it\/index.php\/2018\/10\/22\/marlene-kuntz-magazzini-generali-milano-una-serata-storica-con-il-doppio-tutte-le-foto\/\" target=\"_blank\" rel=\"noopener\">qui tutte le foto della serata<\/a>), le convincenti prove di Godano come scrittore o i suoi &#8220;reading sonici&#8221; &#8230;<\/p>\n<p>ma lo spettacolo teatrale del <em>27 e del 28 novembre al TAU di Rende (Cs)<\/em>, pensato per sonorizzare le immagini de &#8220;<em>Il Castello di Vogelod&#8221;<\/em> ha sorpreso un po&#8217; tutti, anche i fan della prima ora abituati alla camaleontica Marlene.<\/p>\n<p>Il film \u00e8 uno dei capolavori del cinema muto degli anni &#8217;20 del regista tedesco <strong>Friedrich Wilhelm Murnau<\/strong>. A dar voce agli attori sullo schermo un <strong>Santamaria<\/strong> in grande spolvero. Molto bella anche la scenografia che vede a sinistra del palco le chitarre e le tastiere di <strong>Godano<\/strong> e <strong>Tesio<\/strong>, al centro la proiezione del film, a destra la batteria di<strong> Bergia<\/strong> e in primo piano Santamaria. Aver visto due date consecutive dello spettacolo ci ha permesso di poterci soffermare maggiormente sulle sfaccettature dello spettacolo: se la prima sera \u00e8 stata pi\u00f9 emozionante e sorprendente, la seconda \u00e8 servita per apprezzare al meglio il suono (il TAU offre un audio splendido), e osservare con maggiore attenzione le dinamiche di Godano e soci e i diversi timbri della voce narrante.<\/p>\n<p>I fan ricorderanno senz&#8217;altro le &#8220;spore&#8221; dei Marlene, ecco, durante lo spettacolo, si ripropone un po&#8217; quello spirito li: l&#8217;aver liberato la musica dalla forma canzone rende i suoni pi\u00f9 liberi, la musica raggiunge nuove vette creative difficili da ingabbiare in un genere specifico. Al furore rock cui da sempre ci hanno abituato i ragazzi di Cuneo si aggiunge un nuovo suono che del post rock ha la vena magnetica ed emozionale. Il film si muove lento nel racconto di una storia d&#8217;amore e tradimento che restituisce, nello svolgersi dentro le mura di un castello, una sensazione cupa e claustrofobica. Il giallo \u00e8 intrigante, ricco di passione e suspance, parla di una verit\u00e0 che non appartiene mai a nessuno, di un&#8217;onest\u00e0 dei sentimenti mai chiara, fino ad arrivare ad un colpo di scena nel finale che non pu\u00f2 far altro che sorprendere.<\/p>\n<p>I Marlene entrano nella trama enfatizzandola, creando una colonna sonora perfetta che va avanti in sali e scendi musicali che seguono la narrazione arricchendola senza mai prevaricare. Godano sembra divertirsi in questa nuova veste: non pi\u00f9 protagonista del palco ma &#8220;semplice chitarrista&#8221; pu\u00f2 concentrarsi sul suono e sul suo istinto. Tesio, per l&#8217;occasione anche alle tastiere, riesce a creare coi sintetizzatori le giuste atmosfere. Bergia gioca con le percussioni e un tank drum dando vita ai rumori pi\u00f9 diversi, contribuendo a dar corpo a situazioni inquietanti e sinistre.<\/p>\n<p>Particolare anche la scenografia, con uno schermo che si sdoppia creando un effetto tridimensionale e un Santamaria che nei panni di uno degli attori si alza, fuma, si muove, proprio come il personaggio sullo schermo.<\/p>\n<p>Si tratta insomma di uno spettacolo in cui \u00e8 bello perdersi tra le immagini di un film prezioso, la teatralit\u00e0 della messinsc\u00e8na e della voce e la musica dei uno dei pi\u00f9 grandi gruppi rock italiani.<\/p>\n<p>Una cosa \u00e8 certa, sar\u00e0 difficile trovare qualcosa di simile in giro, che possa racchiudere in s\u00e9 un caleidoscopio di emozioni cos\u00ec diverse.<\/p>\n<p><strong>Queste le prossime date:<\/strong><\/p>\n<div class=\"_5w1r _3_om _5wdf\">\n<div class=\"_4gx_\">\n<div class=\"_1aa6\"><em><span class=\"_5yl5\">16\/12, Teatro Solvay Rosignano<br \/>\n17\/12, Teatro Duse Bologna<br \/>\n19\/12, TSE &#8211; Teatro del segno, Cagliari<br \/>\n21\/12, Teatro Toselli, Cuneo<\/span><\/em><\/div>\n<\/div>\n<\/div>\n<p>I nostri articoli sui<a href=\"http:\/\/www.piuomenopop.it\/?s=marlene+kuntz&amp;submit=Search\" target=\"_blank\" rel=\"noopener\"> Marlene Kuntz<\/a><\/p>\n<p>&nbsp;<\/p>\n","protected":false},"excerpt":{"rendered":"<div class=\"mh-excerpt\"><p>A cura di Renata Rossi &nbsp; &nbsp; &nbsp; Che i Marlene Kuntz avessero diverse anime da mostrare non c&#8217;erano dubbi, prova ne sia il loro <a class=\"mh-excerpt-more\" href=\"https:\/\/www.piuomenopop.it\/index.php\/2018\/11\/29\/il-castello-di-vogelod-i-marlene-kuntz-e-claudio-santamaria-danno-vita-ad-unemozione-muta\/\" title=\"Il Castello di Vogelod: i Marlene Kuntz e Claudio Santamaria danno vita ad un&#8217;emozione muta\">[&#8230;]<\/a><\/p>\n<\/div>","protected":false},"author":1,"featured_media":41066,"comment_status":"closed","ping_status":"closed","sticky":false,"template":"","format":"standard","meta":{"sfsi_plus_gutenberg_text_before_share":"","sfsi_plus_gutenberg_show_text_before_share":"","sfsi_plus_gutenberg_icon_type":"","sfsi_plus_gutenberg_icon_alignemt":"","sfsi_plus_gutenburg_max_per_row":"","footnotes":"","_links_to":"","_links_to_target":""},"categories":[7316,5,5081],"tags":[1456,8199,8218,1457,1206,2219,1458,8219,1432],"class_list":["post-41478","post","type-post","status-publish","format-standard","has-post-thumbnail","hentry","category-cinema","category-report","category-teatro","tag-cristiano-godano","tag-friedrich-wilhelm-murnau","tag-il-castello-di-vogelod","tag-luca-bergia","tag-marlene-kuntz","tag-renata-rossi","tag-riccardo-tesio","tag-santamaria","tag-tau"],"aioseo_notices":[],"_links":{"self":[{"href":"https:\/\/www.piuomenopop.it\/index.php\/wp-json\/wp\/v2\/posts\/41478","targetHints":{"allow":["GET"]}}],"collection":[{"href":"https:\/\/www.piuomenopop.it\/index.php\/wp-json\/wp\/v2\/posts"}],"about":[{"href":"https:\/\/www.piuomenopop.it\/index.php\/wp-json\/wp\/v2\/types\/post"}],"author":[{"embeddable":true,"href":"https:\/\/www.piuomenopop.it\/index.php\/wp-json\/wp\/v2\/users\/1"}],"replies":[{"embeddable":true,"href":"https:\/\/www.piuomenopop.it\/index.php\/wp-json\/wp\/v2\/comments?post=41478"}],"version-history":[{"count":7,"href":"https:\/\/www.piuomenopop.it\/index.php\/wp-json\/wp\/v2\/posts\/41478\/revisions"}],"predecessor-version":[{"id":41576,"href":"https:\/\/www.piuomenopop.it\/index.php\/wp-json\/wp\/v2\/posts\/41478\/revisions\/41576"}],"wp:featuredmedia":[{"embeddable":true,"href":"https:\/\/www.piuomenopop.it\/index.php\/wp-json\/wp\/v2\/media\/41066"}],"wp:attachment":[{"href":"https:\/\/www.piuomenopop.it\/index.php\/wp-json\/wp\/v2\/media?parent=41478"}],"wp:term":[{"taxonomy":"category","embeddable":true,"href":"https:\/\/www.piuomenopop.it\/index.php\/wp-json\/wp\/v2\/categories?post=41478"},{"taxonomy":"post_tag","embeddable":true,"href":"https:\/\/www.piuomenopop.it\/index.php\/wp-json\/wp\/v2\/tags?post=41478"}],"curies":[{"name":"wp","href":"https:\/\/api.w.org\/{rel}","templated":true}]}}