{"id":41489,"date":"2018-12-01T22:14:24","date_gmt":"2018-12-01T21:14:24","guid":{"rendered":"http:\/\/www.piuomenopop.it\/?p=41489"},"modified":"2018-12-02T17:29:17","modified_gmt":"2018-12-02T16:29:17","slug":"inri-on-the-rocks-intervista-ai-la-colpa-e-liede","status":"publish","type":"post","link":"https:\/\/www.piuomenopop.it\/index.php\/2018\/12\/01\/inri-on-the-rocks-intervista-ai-la-colpa-e-liede\/","title":{"rendered":"INRI ON THE ROCKS: intervista ai La Colpa e Liede"},"content":{"rendered":"<p><strong>Interviste a cura di<a href=\"http:\/\/www.piuomenopop.it\/?s=renata+rossi&amp;submit=Search\" target=\"_blank\" rel=\"noopener\"> Renata Rossi<\/a><\/strong><\/p>\n<p>&nbsp;<\/p>\n<p><strong><img loading=\"lazy\" decoding=\"async\" class=\"aligncenter wp-image-41020 size-full\" src=\"http:\/\/www.piuomenopop.it\/wp-content\/uploads\/2018\/11\/inri.jpg\" alt=\"\" width=\"600\" height=\"338\" srcset=\"https:\/\/www.piuomenopop.it\/wp-content\/uploads\/2018\/11\/inri.jpg 600w, https:\/\/www.piuomenopop.it\/wp-content\/uploads\/2018\/11\/inri-300x169.jpg 300w, https:\/\/www.piuomenopop.it\/wp-content\/uploads\/2018\/11\/inri-243x136.jpg 243w\" sizes=\"auto, (max-width: 600px) 100vw, 600px\" \/><\/strong><\/p>\n<p>&nbsp;<\/p>\n<p>Lo scorso 21 novembre si \u00e8 realizzato a Milano in occasione della <strong>Milano Music Week<\/strong> un evento speciale\u00a0 dedicato all\u2019Universo <strong>INRI<\/strong>. Il rock ha visto come protagonisti all&#8217;Hoib\u00f2 i <em>Bar Ponderoso<\/em> (<a href=\"http:\/\/www.piuomenopop.it\/index.php\/2018\/11\/16\/ho-bisogno-di-fare-qualcosa-di-stravolgente-pacifico-dei-bar-ponderoso\/\" target=\"_blank\" rel=\"noopener\">qui la recensione dell&#8217;album)<\/a> e i<strong><a href=\"https:\/\/www.facebook.com\/lacolpaofficial\/\" target=\"_blank\" rel=\"noopener\"> <em>La Colpa<\/em> <\/a><\/strong>con l\u2019introduzione di<strong> <a href=\"https:\/\/www.facebook.com\/LiedeOfficial\/\" target=\"_blank\" rel=\"noopener\"><em>Liede<\/em> <\/a><\/strong>e <em>Stag. <\/em>La restante parte della notte presso l\u2019 Apollo \u00e8 stata invece dedicata alla parte &#8220;pi\u00f9 disco&#8221; dell\u2019etichetta con il dj set degli <em>EX Otago<\/em>, e degli <em>Egokid<\/em> e i live de <em>Lemandorle<\/em> e <em>DIVA<\/em>.<\/p>\n<p>Noi, incuriositi dalla loro musica, abbiamo pensato di conoscere meglio alcuni di questi artisti, in particolare i La Colpa e Liede.<\/p>\n<p>La Colpa \u00e8 una rock band milanese attiva dal 2013, anno in cui si fa conoscere grazie all&#8217;ep &#8220;MUTUO PERPETUO&#8221;. L&#8217;ultimo album, &#8220;Controumano&#8221; vede un cambio di formazione e tre lunghi anni di lavoro per un album registrato in presa diretta, in un&#8217;unica stanza e senza metronomo e supervisionato da Alessandro Camagni alla produzione.<\/p>\n<p>Liede \u00e8 Francesco Roccati, cantautore torinese. Il suo disco d\u2019esordio \u201c<em>Stare Bravi\u201d<\/em> \u00e8 uscito a novembre 2016 e ha dato inizio a un&#8217;intensa attivit\u00e0 live. Da pochi giorni \u00e8 uscito il nuovo singolo<em> &#8220;Lasciami provare cos\u00ec&#8221;.<\/em><\/p>\n<p>&nbsp;<\/p>\n<p style=\"text-align: center;\"><em>Intervista ai LA COLPA<\/em><\/p>\n<p><img loading=\"lazy\" decoding=\"async\" class=\"aligncenter wp-image-41677 size-full\" src=\"http:\/\/www.piuomenopop.it\/wp-content\/uploads\/2018\/12\/la-colpa-Small.jpg\" alt=\"\" width=\"654\" height=\"480\" srcset=\"https:\/\/www.piuomenopop.it\/wp-content\/uploads\/2018\/12\/la-colpa-Small.jpg 654w, https:\/\/www.piuomenopop.it\/wp-content\/uploads\/2018\/12\/la-colpa-Small-80x60.jpg 80w, https:\/\/www.piuomenopop.it\/wp-content\/uploads\/2018\/12\/la-colpa-Small-300x220.jpg 300w\" sizes=\"auto, (max-width: 654px) 100vw, 654px\" \/><\/p>\n<p>&nbsp;<\/p>\n<p><strong>Innanzitutto vorrei mi spiegaste il titolo dell&#8217;album, cosa significa &#8220;Controumano&#8221;?<\/strong><\/p>\n<p>Dunque &#8220;CONTROUMANO&#8221; vuole essere un gioco di parole che racchiude il senso di un umanit\u00e0 che al giorno d&#8217;oggi sembra voler a tutti i costi muoversi al contrario: &#8220;contromano&#8221;.<\/p>\n<p><strong>Il vostro EP \u00e8 stato registrato in presa diretta. Come mai questa scelta?<\/strong><\/p>\n<p>Abbiamo deciso di registrare in presa diretta, ovvero tutti insieme in un&#8217;unica stanza. Non abbiamo neanche usato il metronomo per rendere il pi\u00f9 reale possibile quella che \u00e8 l&#8217;essenza della band . Il nostro punto di forza \u00e8 il palco, il live show, quindi ci \u00e8 sembrata la soluzione pi\u00f9 ovvia.<\/p>\n<p><strong>Come nasce la collaborazione con INRI?<\/strong><\/p>\n<p>Per puro caso il nostro precedente disco &#8220;Mentre Guardi alla Germania&#8221; \u00e8 finito nel lettore cd del furgone dei LINEA77 e viene ascoltato dalla band, da l\u00ec \u00e8 partito tutto!<\/p>\n<p><strong>Nei vostri brani si nota una grande attenzione ai testi. Nella vostra musica cosa nasce prima, la musica o le parole?<\/strong><\/p>\n<p>Il testo di una canzone \u00e8 l&#8217;essenza stessa di essa. Non si tratta di aver particolare attenzione nello scrivere un testo, quanto l&#8217;esigenza di voler raccontare qualcosa; di avere qualcosa da dire e di usare la musica come mezzo per farlo. Non saprei dire se abbiamo una formula prestampata, a volte nasce tutto da una parola, altre da una musica, altre da un ragionamento fatto a tavolino.<\/p>\n<p><strong>\u201cControumano\u201d rivela una certa insofferenza, di cosa si tratta? Quanto pensate sia giusto, per un&#8217;artista, esporsi dal punto di vista politico e sociale?<\/strong><\/p>\n<p>&#8220;Controumano&#8221; \u00e8 un insieme di stati d&#8217;animo, i nostri stati d&#8217;animo. Tu ci vedi insofferenza altri malinconia, rabbia, persino gioia, non esiste giusto o sbagliato. Quando ci si espone politicamente o socialmente non c&#8217;\u00e8 premeditazione, lo si fa mossi da un istinto che ci suggerisce che \u00e8 la cosa giusta da fare.<\/p>\n<p><strong>Com&#8217;\u00e8 suonare dal vivo? volete raccontarci qualche aneddoto legato al vostro tour?<\/strong><\/p>\n<p>B\u00e8 suonare dal vivo \u00e8 tutto per noi, \u00e8 una vita fatta di palchi furgone e alberghi. Ci sarebbero mille storie da raccontare ma tra quelle che si possono raccontare pubblicamente mi viene in mente quella volta che suonammo all&#8217;Arezzo Wave e ci misero a dormire in un convento che sapeva poco di convento anzi sembrava di stare nel videogioco &#8220;RESIDENT EVIL&#8221;, beh quella \u00e8 stata una lunga, lunghissima notte.<\/p>\n<p><strong>Quali sono gli artisti che ispirano di pi\u00f9 la vostra musica?<\/strong><\/p>\n<p>Ognuno di noi ha i suoi e per fortuna abbiamo tutti gusti diversi che variano dai Foo Fighters ai Red Hot passando addirittura al neo melodico, insomma ne abbiamo di tutti i gusti&#8230;<\/p>\n<p>&nbsp;<\/p>\n<p style=\"text-align: center;\"><em>Intervista a LIEDE<\/em><\/p>\n<p><img loading=\"lazy\" decoding=\"async\" class=\"aligncenter wp-image-41678 size-full\" src=\"http:\/\/www.piuomenopop.it\/wp-content\/uploads\/2018\/12\/liede-Small.jpg\" alt=\"\" width=\"480\" height=\"480\" srcset=\"https:\/\/www.piuomenopop.it\/wp-content\/uploads\/2018\/12\/liede-Small.jpg 480w, https:\/\/www.piuomenopop.it\/wp-content\/uploads\/2018\/12\/liede-Small-150x150.jpg 150w, https:\/\/www.piuomenopop.it\/wp-content\/uploads\/2018\/12\/liede-Small-300x300.jpg 300w, https:\/\/www.piuomenopop.it\/wp-content\/uploads\/2018\/12\/liede-Small-60x60.jpg 60w\" sizes=\"auto, (max-width: 480px) 100vw, 480px\" \/><\/p>\n<p>&nbsp;<\/p>\n<p><strong>&#8220;Lasciami provare cos\u00ec&#8221;, il tuo nuovo singolo parla d&#8217;amore, un sentimento difficile, quasi mai corrisposto. Nessuno si stancher\u00e0 mai di canzoni che parlano d&#8217;amore, \u00e8 cos\u00ec?<\/strong><\/p>\n<p>Credo di s\u00ec, nessuno di stancher\u00e0 mai di canzoni d\u2019amore. Ma non credo sia il motivo, almeno non l\u2019unico, per il quale vengono scritte. Alla gente piace (serve\/deve?) innamorarsi, la gente ha successo in amore, la gente fallisce gravemente in amore, la gente ama ritrovarsi nelle canzoni d\u2019amore, che gli sia andata bene o meno. Terapeutico in entrambi i casi.<\/p>\n<p><strong>Il nostro &#8220;mondo virtuale&#8221; influisce, secondo te, nel modo di vivere i sentimenti? Si perdono un po&#8217; i contatti umani, l&#8217;importanza di un abbraccio, dello stare insieme, non trovi?<\/strong><\/p>\n<p>S\u00ec, assolutamente. Non vuol dire che si ami meno per\u00f2. E\u2019 cambiato il modo. Mi piace poi credere che social e smartphone ci abbiano cos\u00ec cotto il cervello che quando riusciamo a stare insieme a cucinarci una cena, ad abbracciarci, a volerci bene offline, ecco voglio credere che tutto questo forse ora lo sentiamo pi\u00f9 di prima. Perch\u00e8 ci manca.<\/p>\n<p><strong>A che punto \u00e8 il nuovo album? Dobbiamo aspettarci qualcosa di diverso da quello che abbiamo iniziato a conoscere col singolo? Puoi darci qualche anteprima?<\/strong><\/p>\n<p>Ho molti pezzi dei quali sono convinto al 100%. Quindi \u00e8 davvero a buon punto il nuovo album, ora \u00e8 solo questione di scegliere i prossimi singoli e quando farli uscire. Il primo \u00e8 un buon punto di riferimento in generale per il sound del disco, ma in realt\u00e0 c\u2019\u00e8 dell\u2019altro, c\u2019\u00e8 pi\u00f9 variet\u00e0 di come la sto raccontando adesso. Per le anteprime seguitemi su instagram e facebook nei prossimi giorni (emoticon simpatica\/diavoletto).<\/p>\n<p><strong>Suonare a Milano con altre band, aprire i concerti di importanti musicisti. Quanto pensi che la collaborazione con altri artisti, l&#8217;energia che si sprigiona dal vivo possa essere importante?<\/strong><\/p>\n<p>E\u2019 importante al massimo livello, ovvio. Tutte le belle avventure live che ho vissuto da novembre 2016 ad oggi hanno fatto s\u00ec che io potessi permettermi di sognare di farlo per davvero, e tornare con un secondo disco. E, pi\u00f9 in generale, pi\u00f9 tempo stai su un palco davanti a un pubblico -spesso e volentieri non tuo, e cerchi di conquistarlo quel pubblico- e prima impari a fare questo mestiere.<\/p>\n<p><strong>Quali sono i tuoi punti di riferimento musicale? Con quale artista ti piacerebbe collaborare?<\/strong><\/p>\n<p>Nello scrivere questo nuovo disco non ho preso punti di riferimento musicale precisi, perlomeno non appartenenti alla scena attuale. Poi si possono notare somiglianze, come io stesso trovo quando ascolto i lavori dei colleghi appena escono. Credo sia normale paragonarsi, mettersi a confronto. Poi abbiamo tutti l\u2019 orecchio attento e avvelenato, quindi&#8230;<\/p>\n<p>Ci sono molto artisti coi quali vorrei collaborare, bere due bottiglie e sedermi dietro il mixer. Tra tutti forse oggi ti direi Frah Quintale, col quale ho avuto il piacere di condividere il palco a Milano. E\u2019 talentuosissimo, mi piacerebbe mischiare parole e musica con lui e vedere cosa potrebbe nascerne.<\/p>\n<p><strong>Tante date su e gi\u00f9 per l&#8217;Italia. Il ricordo pi\u00f9 bello legato a un tuo concerto? Come cambia l&#8217;approccio della tua musica dal vivo rispetto al disco?<\/strong><\/p>\n<p>Un bellissimo ricordo che mi viene in mente ora (non so se il pi\u00f9 bello perch\u00e8 ce ne sono davvero tanti) \u00e8 aver sentito cantare e richiedere i miei pezzi tra il pubblico di Napoli durante una delle mie aperture agli Ex-Otago l\u2019altro autunno. Ovviamente speravo che qualcuno conoscesse qualche mio pezzo, di non essere completamente sconosciuto a tutti. Ma l\u00ec mi ha colpito particolarmente. Sia per la lontananza da casa, sia per il fatto che non avevo mai suonato in quella citt\u00e0 prima. Spero di tornarci presto, con tutta la band e un disco nuovo da far conoscere e amare.<\/p>\n<p>Dal vivo, fatta eccezione per gli acustici, ho sempre cercato di replicare il pi\u00f9 fedelmente possibile il disco. Quando ti piace un lavoro che hai fatto credo sia normale. Poi \u00e8 evidente che il live sia da arrangiare proprio in quanto tale, e cos\u00ec ho fatto anch\u2019io coi ragazzi&#8230;ma di base siamo fedeli alla linea, e la linea \u00e8 quello che \u00e8 inciso. Il fattore che cambia tutto nella musica tra i live e l\u2019ascolto di un cd, \u00e8 proprio il microcosmo \u201cconcerto\u201d proprio dei live. Si lavora tutto il giorno, si suda, si caricano e scaricano furgoni, c\u2019\u00e8 attesa, c\u2019\u00e8 aspettativa, c\u2019\u00e8 presa bene e agitazione. E\u2019 la parte pi\u00f9 bella di tutta la questione musica, senza dubbio, e mi manca parecchio, non vedo l\u2019ora di ripartire.<\/p>\n","protected":false},"excerpt":{"rendered":"<div class=\"mh-excerpt\"><p>Interviste a cura di Renata Rossi &nbsp; &nbsp; Lo scorso 21 novembre si \u00e8 realizzato a Milano in occasione della Milano Music Week un evento <a class=\"mh-excerpt-more\" href=\"https:\/\/www.piuomenopop.it\/index.php\/2018\/12\/01\/inri-on-the-rocks-intervista-ai-la-colpa-e-liede\/\" title=\"INRI ON THE ROCKS: intervista ai La Colpa e Liede\">[&#8230;]<\/a><\/p>\n<\/div>","protected":false},"author":1,"featured_media":41020,"comment_status":"closed","ping_status":"closed","sticky":false,"template":"","format":"standard","meta":{"sfsi_plus_gutenberg_text_before_share":"","sfsi_plus_gutenberg_show_text_before_share":"","sfsi_plus_gutenberg_icon_type":"","sfsi_plus_gutenberg_icon_alignemt":"","sfsi_plus_gutenburg_max_per_row":"","footnotes":"","_links_to":"","_links_to_target":""},"categories":[4],"tags":[955,8106,8107,4547,2219],"class_list":["post-41489","post","type-post","status-publish","format-standard","has-post-thumbnail","hentry","category-interviste","tag-inri","tag-la-colpa","tag-liede","tag-milano-music-week","tag-renata-rossi"],"aioseo_notices":[],"_links":{"self":[{"href":"https:\/\/www.piuomenopop.it\/index.php\/wp-json\/wp\/v2\/posts\/41489","targetHints":{"allow":["GET"]}}],"collection":[{"href":"https:\/\/www.piuomenopop.it\/index.php\/wp-json\/wp\/v2\/posts"}],"about":[{"href":"https:\/\/www.piuomenopop.it\/index.php\/wp-json\/wp\/v2\/types\/post"}],"author":[{"embeddable":true,"href":"https:\/\/www.piuomenopop.it\/index.php\/wp-json\/wp\/v2\/users\/1"}],"replies":[{"embeddable":true,"href":"https:\/\/www.piuomenopop.it\/index.php\/wp-json\/wp\/v2\/comments?post=41489"}],"version-history":[{"count":9,"href":"https:\/\/www.piuomenopop.it\/index.php\/wp-json\/wp\/v2\/posts\/41489\/revisions"}],"predecessor-version":[{"id":41720,"href":"https:\/\/www.piuomenopop.it\/index.php\/wp-json\/wp\/v2\/posts\/41489\/revisions\/41720"}],"wp:featuredmedia":[{"embeddable":true,"href":"https:\/\/www.piuomenopop.it\/index.php\/wp-json\/wp\/v2\/media\/41020"}],"wp:attachment":[{"href":"https:\/\/www.piuomenopop.it\/index.php\/wp-json\/wp\/v2\/media?parent=41489"}],"wp:term":[{"taxonomy":"category","embeddable":true,"href":"https:\/\/www.piuomenopop.it\/index.php\/wp-json\/wp\/v2\/categories?post=41489"},{"taxonomy":"post_tag","embeddable":true,"href":"https:\/\/www.piuomenopop.it\/index.php\/wp-json\/wp\/v2\/tags?post=41489"}],"curies":[{"name":"wp","href":"https:\/\/api.w.org\/{rel}","templated":true}]}}