{"id":41668,"date":"2018-11-30T20:25:22","date_gmt":"2018-11-30T19:25:22","guid":{"rendered":"http:\/\/www.piuomenopop.it\/?p=41668"},"modified":"2018-11-30T20:26:17","modified_gmt":"2018-11-30T19:26:17","slug":"verdiana-raw-nuovo-tour-europeo-a-dicembre","status":"publish","type":"post","link":"https:\/\/www.piuomenopop.it\/index.php\/2018\/11\/30\/verdiana-raw-nuovo-tour-europeo-a-dicembre\/","title":{"rendered":"Verdiana Raw: nuovo tour europeo a Dicembre"},"content":{"rendered":"<p align=\"left\"><img loading=\"lazy\" decoding=\"async\" class=\"size-medium wp-image-41669 alignleft\" src=\"http:\/\/www.piuomenopop.it\/wp-content\/uploads\/2018\/11\/verdiana-Small-300x300.jpg\" alt=\"\" width=\"300\" height=\"300\" srcset=\"https:\/\/www.piuomenopop.it\/wp-content\/uploads\/2018\/11\/verdiana-Small-300x300.jpg 300w, https:\/\/www.piuomenopop.it\/wp-content\/uploads\/2018\/11\/verdiana-Small-150x150.jpg 150w, https:\/\/www.piuomenopop.it\/wp-content\/uploads\/2018\/11\/verdiana-Small-60x60.jpg 60w, https:\/\/www.piuomenopop.it\/wp-content\/uploads\/2018\/11\/verdiana-Small.jpg 480w\" sizes=\"auto, (max-width: 300px) 100vw, 300px\" \/><\/p>\n<p align=\"left\"><a href=\"https:\/\/sable.madmimi.com\/c\/10358?id=273534.9429.1.e7c81280f46954e3f601a13c759ef5b6\" target=\"_blank\" rel=\"noopener\" data-saferedirecturl=\"https:\/\/www.google.com\/url?q=https:\/\/sable.madmimi.com\/c\/10358?id%3D273534.9429.1.e7c81280f46954e3f601a13c759ef5b6&amp;source=gmail&amp;ust=1543676285712000&amp;usg=AFQjCNGvUbLYvpYSPHfDMlJ4sU5f_ES4qA\"><strong>Verdiana Raw<\/strong><\/a>\u00a0\u00e8 un\u2019artista versatile, completa e in continua crescita, che combina passione e tecnica attraverso un percorso di ricerca, studi e collaborazioni, che coinvolgono varie discipline: musica, danza, pittura,e poesia.<\/p>\n<p align=\"left\">Il suo secondo album,\u00a0<em><strong>\u201cWhales Know The Route\u201d<\/strong><\/em>, \u00e8 stato pubblicato nel maggio 2016 su Pippola e, per promuoverlo, Verdiana Raw sar\u00e0 impegnata in un tour europeo che toccher\u00e0, a inizio dicembre, Svizzera, Francia, Belgio e Germania.<\/p>\n<p align=\"left\">Dall\u2019uscita dell\u2019album, l\u2019artista, ha progressivamente sviluppato una nuova idea del set, ripensando arrangiamenti e parti vocali insieme al chitarrista\u00a0<strong>Alberto Mariotti<\/strong>\u00a0(King Of The Opera) ed al bassista\u00a0<strong>Andrea Cuccaro<\/strong>\u00a0(Bad Apple Sons).<\/p>\n<p align=\"left\">Questa nuovo assetto semi-acustico, crea un\u2019atmosfera soffice ed intensa al tempo stesso, che supporta la voce in un viaggio intimo tra i capitoli di una storia, potente nel suo essere grezza, attraverso un uso ponderato degli effetti.<br \/>\nE\u2019 cos\u00ec che il gesto diventa protagonista dei corpi, e dell&#8217;unicit\u00e0 del momento vissuto come uno scambio sincero e diretto con il pubblico presente.<\/p>\n<p align=\"left\"><img loading=\"lazy\" decoding=\"async\" class=\"aligncenter wp-image-41670 size-full\" src=\"http:\/\/www.piuomenopop.it\/wp-content\/uploads\/2018\/11\/verdiana-1-Small.jpg\" alt=\"\" width=\"854\" height=\"316\" srcset=\"https:\/\/www.piuomenopop.it\/wp-content\/uploads\/2018\/11\/verdiana-1-Small.jpg 854w, https:\/\/www.piuomenopop.it\/wp-content\/uploads\/2018\/11\/verdiana-1-Small-300x111.jpg 300w, https:\/\/www.piuomenopop.it\/wp-content\/uploads\/2018\/11\/verdiana-1-Small-768x284.jpg 768w\" sizes=\"auto, (max-width: 854px) 100vw, 854px\" \/><\/p>\n","protected":false},"excerpt":{"rendered":"<div class=\"mh-excerpt\"><p>Verdiana Raw\u00a0\u00e8 un\u2019artista versatile, completa e in continua crescita, che combina passione e tecnica attraverso un percorso di ricerca, studi e collaborazioni, che coinvolgono varie <a class=\"mh-excerpt-more\" href=\"https:\/\/www.piuomenopop.it\/index.php\/2018\/11\/30\/verdiana-raw-nuovo-tour-europeo-a-dicembre\/\" title=\"Verdiana Raw: nuovo tour europeo a Dicembre\">[&#8230;]<\/a><\/p>\n<\/div>","protected":false},"author":2,"featured_media":41669,"comment_status":"closed","ping_status":"closed","sticky":false,"template":"","format":"standard","meta":{"sfsi_plus_gutenberg_text_before_share":"","sfsi_plus_gutenberg_show_text_before_share":"","sfsi_plus_gutenberg_icon_type":"","sfsi_plus_gutenberg_icon_alignemt":"","sfsi_plus_gutenburg_max_per_row":"","footnotes":"","_links_to":"","_links_to_target":""},"categories":[5184,3],"tags":[3828,1545],"class_list":["post-41668","post","type-post","status-publish","format-standard","has-post-thumbnail","hentry","category-calendario-concerti","category-news","tag-promorama","tag-verdiana-raw"],"aioseo_notices":[],"_links":{"self":[{"href":"https:\/\/www.piuomenopop.it\/index.php\/wp-json\/wp\/v2\/posts\/41668","targetHints":{"allow":["GET"]}}],"collection":[{"href":"https:\/\/www.piuomenopop.it\/index.php\/wp-json\/wp\/v2\/posts"}],"about":[{"href":"https:\/\/www.piuomenopop.it\/index.php\/wp-json\/wp\/v2\/types\/post"}],"author":[{"embeddable":true,"href":"https:\/\/www.piuomenopop.it\/index.php\/wp-json\/wp\/v2\/users\/2"}],"replies":[{"embeddable":true,"href":"https:\/\/www.piuomenopop.it\/index.php\/wp-json\/wp\/v2\/comments?post=41668"}],"version-history":[{"count":1,"href":"https:\/\/www.piuomenopop.it\/index.php\/wp-json\/wp\/v2\/posts\/41668\/revisions"}],"predecessor-version":[{"id":41671,"href":"https:\/\/www.piuomenopop.it\/index.php\/wp-json\/wp\/v2\/posts\/41668\/revisions\/41671"}],"wp:featuredmedia":[{"embeddable":true,"href":"https:\/\/www.piuomenopop.it\/index.php\/wp-json\/wp\/v2\/media\/41669"}],"wp:attachment":[{"href":"https:\/\/www.piuomenopop.it\/index.php\/wp-json\/wp\/v2\/media?parent=41668"}],"wp:term":[{"taxonomy":"category","embeddable":true,"href":"https:\/\/www.piuomenopop.it\/index.php\/wp-json\/wp\/v2\/categories?post=41668"},{"taxonomy":"post_tag","embeddable":true,"href":"https:\/\/www.piuomenopop.it\/index.php\/wp-json\/wp\/v2\/tags?post=41668"}],"curies":[{"name":"wp","href":"https:\/\/api.w.org\/{rel}","templated":true}]}}