{"id":41856,"date":"2018-12-04T22:40:17","date_gmt":"2018-12-04T21:40:17","guid":{"rendered":"http:\/\/www.piuomenopop.it\/?p=41856"},"modified":"2018-12-04T22:40:17","modified_gmt":"2018-12-04T21:40:17","slug":"an-evening-with-manuel-agnelli-aggiunta-una-seconda-data-a-milano","status":"publish","type":"post","link":"https:\/\/www.piuomenopop.it\/index.php\/2018\/12\/04\/an-evening-with-manuel-agnelli-aggiunta-una-seconda-data-a-milano\/","title":{"rendered":"An evening with MANUEL AGNELLI: aggiunta una seconda data a Milano"},"content":{"rendered":"<p style=\"text-align: center;\"><strong>MANUEL AGNELLI<\/strong><\/p>\n<p style=\"text-align: center;\"><strong><em>AN EVENING WITH MANUEL AGNELLI:<br \/>\naggiunta una seconda data a Milano!<\/em><\/strong><\/p>\n<p><img loading=\"lazy\" decoding=\"async\" class=\"aligncenter wp-image-41859 size-full\" src=\"http:\/\/www.piuomenopop.it\/wp-content\/uploads\/2018\/12\/agnelli-Small.jpg\" alt=\"\" width=\"480\" height=\"686\" srcset=\"https:\/\/www.piuomenopop.it\/wp-content\/uploads\/2018\/12\/agnelli-Small.jpg 480w, https:\/\/www.piuomenopop.it\/wp-content\/uploads\/2018\/12\/agnelli-Small-210x300.jpg 210w\" sizes=\"auto, (max-width: 480px) 100vw, 480px\" \/><\/p>\n<div>Il ritorno di<strong>\u00a0MANUEL AGNELLI\u00a0<\/strong>col suo progetto\u00a0<em>An Evening With Manuel Agnelli\u00a0<\/em>sui palchi italiani \u00e8 stato accolto con molto entusiasmo. A<u>\u00a0grande richiesta, annunciamo l\u2019aggiunta di una seconda data al Teatro Dal Verme che si terr\u00e0 il 14 aprile<\/u>.<\/p>\n<p>I biglietti della seconda data di Milano saranno in vendita a partire dalle ore 10.00 di mercoled\u00ec 5 dicembre.<\/p>\n<p><em>An Evening with Manuel Agnell<\/em>i sar\u00e0 uno spettacolo unico, che vedr\u00e0 MANUEL AGNELLI in una versione intima e in un rapporto quasi confidenziale con il pubblico.<br \/>\nBrani tratti dall\u2019ormai trentennale repertorio di\u00a0<strong>AFTERHOURS<\/strong>, in versioni totalmente inedite, si alterneranno a cover dense di significati per il suo percorso musicale, a brani strumentali di varia estrazione di genere e a quelle letture che hanno ispirato la sua poetica e i capisaldi del suo racconto.<\/p>\n<p>MANUEL AGNELLI sar\u00e0 accompagnato sul palco da\u00a0<strong>RODRIGO D&#8217;ERASMO<\/strong>, violinista, polistrumentista e arrangiatore, suo sodale ormai da molti anni in numerosissimi progetti.<\/p>\n<p><em>An evening with Manuel Agnelli\u00a0<\/em>sar\u00e0 un&#8217;occasione irripetibile per ritrovare o scoprire un lato artisticamente pi\u00f9 intimo di uno dei personaggi pi\u00f9 iconici della contemporaneit\u00e0 musicale del nostro Paese.<\/div>\n<p>&nbsp;<\/p>\n<div>Ecco di seguito le date:<\/p>\n<p>30.03<strong>\u00a0ASSISI (Pg)<\/strong>, Teatro Lyrick<br \/>\n02.04\u00a0<strong>FIRENZE<\/strong>, Obihall<br \/>\n03.04\u00a0<strong>MESTRE<\/strong>, Teatro Toniolo<br \/>\n05.04\u00a0<strong>PESCARA<\/strong>, Teatro Massimo<br \/>\n06.04\u00a0<strong>TARANTO<\/strong>, Teatro Fusco<br \/>\n08.04\u00a0<strong>CATANIA<\/strong>, Teatro Metropolitan<br \/>\n09.04\u00a0<strong>PALERMO<\/strong>, Teatro Golden<br \/>\n11.04\u00a0<strong>SENIGALLIA (An)<\/strong>, Teatro La Fenice<br \/>\n12.04\u00a0<strong>BOLOGNA<\/strong>, Auditorium Manzoni<br \/>\n<strong>14.04 MILANO, Teatro Dal Verme (NUOVA DATA!)\u00a0<\/strong><br \/>\n15.04\u00a0<strong>MILANO<\/strong>, Teatro Dal Verme<br \/>\n16.04\u00a0<strong>TORINO<\/strong>, Teatro Colosseo<br \/>\n18.04\u00a0<strong>ROMA<\/strong>, Auditorium Parco Della Musica \/ sala Sinopoli<br \/>\n19.04\u00a0<strong>GENOVA<\/strong>, Teatro Della Tosse<\/div>\n","protected":false},"excerpt":{"rendered":"<div class=\"mh-excerpt\"><p>MANUEL AGNELLI AN EVENING WITH MANUEL AGNELLI: aggiunta una seconda data a Milano! Il ritorno di\u00a0MANUEL AGNELLI\u00a0col suo progetto\u00a0An Evening With Manuel Agnelli\u00a0sui palchi italiani <a class=\"mh-excerpt-more\" href=\"https:\/\/www.piuomenopop.it\/index.php\/2018\/12\/04\/an-evening-with-manuel-agnelli-aggiunta-una-seconda-data-a-milano\/\" title=\"An evening with MANUEL AGNELLI: aggiunta una seconda data a Milano\">[&#8230;]<\/a><\/p>\n<\/div>","protected":false},"author":2,"featured_media":41859,"comment_status":"closed","ping_status":"closed","sticky":false,"template":"","format":"standard","meta":{"sfsi_plus_gutenberg_text_before_share":"","sfsi_plus_gutenberg_show_text_before_share":"","sfsi_plus_gutenberg_icon_type":"","sfsi_plus_gutenberg_icon_alignemt":"","sfsi_plus_gutenburg_max_per_row":"","footnotes":"","_links_to":"","_links_to_target":""},"categories":[5184,3],"tags":[180,3784,177,1338],"class_list":["post-41856","post","type-post","status-publish","format-standard","has-post-thumbnail","hentry","category-calendario-concerti","category-news","tag-afterhours","tag-fleisch-ufficio-stampa","tag-manuel-agnelli","tag-rodrigo-derasmo"],"aioseo_notices":[],"_links":{"self":[{"href":"https:\/\/www.piuomenopop.it\/index.php\/wp-json\/wp\/v2\/posts\/41856","targetHints":{"allow":["GET"]}}],"collection":[{"href":"https:\/\/www.piuomenopop.it\/index.php\/wp-json\/wp\/v2\/posts"}],"about":[{"href":"https:\/\/www.piuomenopop.it\/index.php\/wp-json\/wp\/v2\/types\/post"}],"author":[{"embeddable":true,"href":"https:\/\/www.piuomenopop.it\/index.php\/wp-json\/wp\/v2\/users\/2"}],"replies":[{"embeddable":true,"href":"https:\/\/www.piuomenopop.it\/index.php\/wp-json\/wp\/v2\/comments?post=41856"}],"version-history":[{"count":1,"href":"https:\/\/www.piuomenopop.it\/index.php\/wp-json\/wp\/v2\/posts\/41856\/revisions"}],"predecessor-version":[{"id":41860,"href":"https:\/\/www.piuomenopop.it\/index.php\/wp-json\/wp\/v2\/posts\/41856\/revisions\/41860"}],"wp:featuredmedia":[{"embeddable":true,"href":"https:\/\/www.piuomenopop.it\/index.php\/wp-json\/wp\/v2\/media\/41859"}],"wp:attachment":[{"href":"https:\/\/www.piuomenopop.it\/index.php\/wp-json\/wp\/v2\/media?parent=41856"}],"wp:term":[{"taxonomy":"category","embeddable":true,"href":"https:\/\/www.piuomenopop.it\/index.php\/wp-json\/wp\/v2\/categories?post=41856"},{"taxonomy":"post_tag","embeddable":true,"href":"https:\/\/www.piuomenopop.it\/index.php\/wp-json\/wp\/v2\/tags?post=41856"}],"curies":[{"name":"wp","href":"https:\/\/api.w.org\/{rel}","templated":true}]}}