{"id":41930,"date":"2018-12-06T18:32:24","date_gmt":"2018-12-06T17:32:24","guid":{"rendered":"http:\/\/www.piuomenopop.it\/?p=41930"},"modified":"2018-12-06T18:32:24","modified_gmt":"2018-12-06T17:32:24","slug":"colle-der-fomento-un-mini-tour-di-sei-date-per-il-documentario-x-tutto-questo-tempo","status":"publish","type":"post","link":"https:\/\/www.piuomenopop.it\/index.php\/2018\/12\/06\/colle-der-fomento-un-mini-tour-di-sei-date-per-il-documentario-x-tutto-questo-tempo\/","title":{"rendered":"Colle Der Fomento, un mini-tour di sei date per il documentario &#8216;X tutto questo tempo&#8217;"},"content":{"rendered":"<p><img loading=\"lazy\" decoding=\"async\" class=\"aligncenter wp-image-41013 size-full\" src=\"http:\/\/www.piuomenopop.it\/wp-content\/uploads\/2018\/11\/Colle-der-Fomento-2018-foto-Daniele-Peruzzi-Small.jpg\" alt=\"\" width=\"720\" height=\"480\" srcset=\"https:\/\/www.piuomenopop.it\/wp-content\/uploads\/2018\/11\/Colle-der-Fomento-2018-foto-Daniele-Peruzzi-Small.jpg 720w, https:\/\/www.piuomenopop.it\/wp-content\/uploads\/2018\/11\/Colle-der-Fomento-2018-foto-Daniele-Peruzzi-Small-300x200.jpg 300w\" sizes=\"auto, (max-width: 720px) 100vw, 720px\" \/><\/p>\n<p style=\"font-weight: 400;\"><strong><em>&#8216;X tutto questo tempo&#8217;<\/em><\/strong> \u00e8 il titolo del\u00a0<strong>documentario dedicato all&#8217;ultimo album dei <a href=\"https:\/\/www.facebook.com\/collederfomentoofficial\/\" target=\"_blank\" rel=\"noopener\">Colle Der Fomento<\/a> &#8216;Adversus&#8217;<\/strong>, realizzato da\u00a0<strong>DeeMo<\/strong>\u00a0e\u00a0<strong>Paolo<\/strong>\u00a0<strong>Freschi<\/strong>\u00a0per\u00a0<strong>Panottica<\/strong>.\u00a0<strong>Sei presentazioni esclusive<\/strong>\u00a0sono previste nel mese di dicembre a\u00a0<strong>Bologna<\/strong>,\u00a0<strong>Torino<\/strong>,\u00a0<strong>Napoli<\/strong>,\u00a0<strong>Firenze<\/strong>,\u00a0<strong>Roma<\/strong>\u00a0e\u00a0<strong>Milano<\/strong>. In tutte le sei tappe del mini-tour sar\u00e0 presente la band, che assieme al regista risponder\u00e0 alle domande del pubblico e commenter\u00e0 le immagini del documentario. Gli incontri saranno seguiti da dj set a cura di Baro, Danno e altri ospiti a sorpresa. Inoltre saranno disponibili, per chi lo volesse, cd, vinili e merchandise.<\/p>\n<p style=\"font-weight: 400;\"><strong>Il documentario<\/strong><\/p>\n<p style=\"font-weight: 400;\">I Colle der Fomento, ovvero Danno, Masito e DJ Baro, storica formazione hip hop di Roma, aprono le porte della sala-prove alla macchina da presa e rilasciano una lunga intervista nei mesi che precedono l\u2019uscita di &#8216;Adversus&#8217;, il loro nuovo album, atteso per oltre dieci anni. Passando in rassegna l\u2019intera sequenza dei brani del disco, i rapper del gruppo raccontano la lunga gestazione di quest\u2019opera e le tematiche affrontate in quello che definiscono il loro album pi\u00f9 personale. \u00c8 l\u2019occasione per parlare del Colle oggi, nel 2018, oltre la maschera da samurai scelta per rappresentare visivamente l\u2019album. In questa narrazione si inserisce DJ Craim, gi\u00e0 campione di scratch e live deejay per Kaos e i Good Old Boys. Craim fa da contrappunto alle interviste del gruppo raccontando, dal suo punto di vista, la genesi del suono di &#8216;Adversus&#8217; e il suo rapporto con i due MC. Nei 45 minuti delle riprese scorrono immagini live, interviste collettive e individuali, riprese esclusive realizzate in sala prove mentre la band prepara l&#8217;imminente tour.<\/p>\n<p style=\"font-weight: 400;\"><strong>L&#8217;autore<\/strong><\/p>\n<p style=\"font-weight: 400;\">Autore di questo documento \u00e8 DeeMo con le riprese e l\u2019editing del filmaker Paolo Freschi. DeeMo \u00e8 un veterano della scena hip hop italiana, l&#8217;art director che ha curato la veste grafica di alcune pietre miliari del genere, da &#8216;SxM&#8217; dei Sangue Misto al pi\u00f9 recente &#8216;Squallor&#8217; di Fabri Fibra. Con il Colle ha gi\u00e0 lavorato a &#8216;Gli Originali&#8217;, progetto di sua concezione basato sulle colonne sonore di Franco Micalizzi, da cui venne tratto un documentario realizzato con Paolo Freschi.<\/p>\n<p style=\"font-weight: 400;\"><strong>Calendario proiezioni<\/strong><\/p>\n<p style=\"font-weight: 400;\">6 dicembre Bologna &#8211; L\u00e0bas<\/p>\n<p style=\"font-weight: 400;\">9 dicembre Torino &#8211; Off Topic<\/p>\n<p style=\"font-weight: 400;\">12 dicembre Napoli &#8211; Kest\u00e8<\/p>\n<p style=\"font-weight: 400;\">18 dicembre Firenze &#8211; Combo Social Club<\/p>\n<p style=\"font-weight: 400;\">19 dicembre Roma &#8211; Nuovo Cinema Palazzo<\/p>\n<p style=\"font-weight: 400;\">20 dicembre Milano &#8211; Santeria\u00a0Social Club<\/p>\n<p style=\"font-weight: 400; text-align: center;\"><iframe loading=\"lazy\" src=\"https:\/\/www.youtube.com\/embed\/C5S5PndCkVA\" width=\"560\" height=\"315\" frameborder=\"0\" allowfullscreen=\"allowfullscreen\"><\/iframe><\/p>\n<p>Leggi tutti gli <a href=\"http:\/\/www.piuomenopop.it\/?s=colle+der+fomento&amp;submit=Search\" target=\"_blank\" rel=\"noopener\">articoli su Colle der Fomento<\/a><\/p>\n","protected":false},"excerpt":{"rendered":"<div class=\"mh-excerpt\"><p>&#8216;X tutto questo tempo&#8217; \u00e8 il titolo del\u00a0documentario dedicato all&#8217;ultimo album dei Colle Der Fomento &#8216;Adversus&#8217;, realizzato da\u00a0DeeMo\u00a0e\u00a0Paolo\u00a0Freschi\u00a0per\u00a0Panottica.\u00a0Sei presentazioni esclusive\u00a0sono previste nel mese di dicembre <a class=\"mh-excerpt-more\" href=\"https:\/\/www.piuomenopop.it\/index.php\/2018\/12\/06\/colle-der-fomento-un-mini-tour-di-sei-date-per-il-documentario-x-tutto-questo-tempo\/\" title=\"Colle Der Fomento, un mini-tour di sei date per il documentario &#8216;X tutto questo tempo&#8217;\">[&#8230;]<\/a><\/p>\n<\/div>","protected":false},"author":2,"featured_media":41013,"comment_status":"closed","ping_status":"closed","sticky":false,"template":"","format":"standard","meta":{"sfsi_plus_gutenberg_text_before_share":"","sfsi_plus_gutenberg_show_text_before_share":"","sfsi_plus_gutenberg_icon_type":"","sfsi_plus_gutenberg_icon_alignemt":"","sfsi_plus_gutenburg_max_per_row":"","footnotes":"","_links_to":"","_links_to_target":""},"categories":[598,3,8],"tags":[8104,3002,3455,8284],"class_list":["post-41930","post","type-post","status-publish","format-standard","has-post-thumbnail","hentry","category-extra-pop","category-news","category-uscite","tag-adversus","tag-colle-der-fomento","tag-nextpress","tag-x-tutto-questo-tempo"],"aioseo_notices":[],"_links":{"self":[{"href":"https:\/\/www.piuomenopop.it\/index.php\/wp-json\/wp\/v2\/posts\/41930","targetHints":{"allow":["GET"]}}],"collection":[{"href":"https:\/\/www.piuomenopop.it\/index.php\/wp-json\/wp\/v2\/posts"}],"about":[{"href":"https:\/\/www.piuomenopop.it\/index.php\/wp-json\/wp\/v2\/types\/post"}],"author":[{"embeddable":true,"href":"https:\/\/www.piuomenopop.it\/index.php\/wp-json\/wp\/v2\/users\/2"}],"replies":[{"embeddable":true,"href":"https:\/\/www.piuomenopop.it\/index.php\/wp-json\/wp\/v2\/comments?post=41930"}],"version-history":[{"count":1,"href":"https:\/\/www.piuomenopop.it\/index.php\/wp-json\/wp\/v2\/posts\/41930\/revisions"}],"predecessor-version":[{"id":41931,"href":"https:\/\/www.piuomenopop.it\/index.php\/wp-json\/wp\/v2\/posts\/41930\/revisions\/41931"}],"wp:featuredmedia":[{"embeddable":true,"href":"https:\/\/www.piuomenopop.it\/index.php\/wp-json\/wp\/v2\/media\/41013"}],"wp:attachment":[{"href":"https:\/\/www.piuomenopop.it\/index.php\/wp-json\/wp\/v2\/media?parent=41930"}],"wp:term":[{"taxonomy":"category","embeddable":true,"href":"https:\/\/www.piuomenopop.it\/index.php\/wp-json\/wp\/v2\/categories?post=41930"},{"taxonomy":"post_tag","embeddable":true,"href":"https:\/\/www.piuomenopop.it\/index.php\/wp-json\/wp\/v2\/tags?post=41930"}],"curies":[{"name":"wp","href":"https:\/\/api.w.org\/{rel}","templated":true}]}}