{"id":41967,"date":"2018-12-09T20:01:45","date_gmt":"2018-12-09T19:01:45","guid":{"rendered":"http:\/\/www.piuomenopop.it\/?p=41967"},"modified":"2018-12-09T20:01:45","modified_gmt":"2018-12-09T19:01:45","slug":"cmon-tigre-in-tour-da-febbraio-per-presentare-il-nuovo-album-racines","status":"publish","type":"post","link":"https:\/\/www.piuomenopop.it\/index.php\/2018\/12\/09\/cmon-tigre-in-tour-da-febbraio-per-presentare-il-nuovo-album-racines\/","title":{"rendered":"C&#8217;MON TIGRE &#8211; IN TOUR DA FEBBRAIO PER PRESENTARE IL NUOVO ALBUM RACINES"},"content":{"rendered":"<p align=\"CENTER\"><span style=\"font-family: Calibri, sans-serif;\"><span style=\"font-size: xx-large;\"><b>C&#8217;MON TIGRE<\/b><\/span><\/span><\/p>\n<p align=\"CENTER\"><span style=\"font-family: Calibri, sans-serif;\"><span style=\"font-size: x-large;\"><b>In tour a febbraio per presentare il nuovo album\u00a0<\/b><\/span><\/span><span style=\"font-family: Calibri,            sans-serif;\"><span style=\"font-size: x-large;\"><i><b>Racines<\/b><\/i><\/span><\/span><span style=\"font-family: Calibri, sans-serif;\"><span style=\"font-size: large;\"><b>i<\/b><\/span><\/span><\/p>\n<p align=\"CENTER\"><img loading=\"lazy\" decoding=\"async\" class=\"alignnone size-medium wp-image-41969\" src=\"http:\/\/www.piuomenopop.it\/wp-content\/uploads\/2018\/12\/CMONTIGRE-RACINES-COVER-albumlow-Small-300x300.jpg\" alt=\"\" width=\"300\" height=\"300\" srcset=\"https:\/\/www.piuomenopop.it\/wp-content\/uploads\/2018\/12\/CMONTIGRE-RACINES-COVER-albumlow-Small-300x300.jpg 300w, https:\/\/www.piuomenopop.it\/wp-content\/uploads\/2018\/12\/CMONTIGRE-RACINES-COVER-albumlow-Small-150x150.jpg 150w, https:\/\/www.piuomenopop.it\/wp-content\/uploads\/2018\/12\/CMONTIGRE-RACINES-COVER-albumlow-Small-60x60.jpg 60w, https:\/\/www.piuomenopop.it\/wp-content\/uploads\/2018\/12\/CMONTIGRE-RACINES-COVER-albumlow-Small.jpg 480w\" sizes=\"auto, (max-width: 300px) 100vw, 300px\" \/><\/p>\n<p><span style=\"font-family: Calibri, sans-serif;\"><span style=\"font-size: medium;\">Esce il\u00a0<\/span><\/span><strong><span style=\"font-family: Calibri, sans-serif;\"><span style=\"font-size: medium;\">15 Febbraio 2019\u00a0<\/span><\/span><\/strong><span style=\"font-family: Calibri, sans-serif;\"><span style=\"font-size: medium;\">in tutti i negozi, digital store e su tutte le piattaforme streaming\u00a0<\/span><\/span><em><span style=\"font-family: Calibri, sans-serif;\"><span style=\"font-size: medium;\">RACINES<\/span><\/span><\/em><span style=\"font-family: Calibri, sans-serif;\"><span style=\"font-size: medium;\">, il nuovo album dei\u00a0<\/span><\/span><a href=\"https:\/\/www.facebook.com\/cmontigre\/\" target=\"_blank\" rel=\"noopener\"><strong><span style=\"font-family: Calibri,              sans-serif;\"><span style=\"font-size: medium;\">C&#8217;mon Tigre<\/span><\/span><\/strong><\/a><span style=\"font-family: Calibri, sans-serif;\"><span style=\"font-size: medium;\">. L&#8217;album sar\u00e0 pubblicato da\u00a0<\/span><\/span><strong><span style=\"font-family: Calibri,              sans-serif;\"><span style=\"font-size: medium;\">BDC\u00a0<\/span><\/span><\/strong><span style=\"font-family: Calibri, sans-serif;\"><span style=\"font-size: medium;\">e distribuito in tutto il mondo da<\/span><\/span><strong><span style=\"font-family: Calibri, sans-serif;\"><span style=\"font-size: medium;\">!K7.<\/span><\/span><\/strong><\/p>\n<p><strong><span style=\"font-family: Calibri,              sans-serif;\"><span style=\"font-size: medium;\">Per presentare il nuovo disco, la band torner\u00e0 in tour partendo proprio dall&#8217;Italia, ecco le date:<\/span><\/span><\/strong><\/p>\n<p style=\"text-align: center;\"><span style=\"font-family: Calibri, sans-serif;\"><span style=\"font-size: medium;\"><b>22\/02\u00a0<\/b><\/span><\/span><strong><span style=\"font-family: Calibri, sans-serif;\"><span style=\"font-size: medium;\"><b>BOLOGNA \u2013 TPO\u00a0<\/b><\/span><\/span><\/strong><\/p>\n<p style=\"text-align: center;\"><span style=\"font-family: Calibri, sans-serif;\"><span style=\"font-size: medium;\"><b>28\/02\u00a0<\/b><\/span><\/span><strong><span style=\"font-family: Calibri, sans-serif;\"><span style=\"font-size: medium;\"><b>MILANO &#8211; Santeria Social Club\u00a0<\/b><\/span><\/span><\/strong><\/p>\n<p style=\"text-align: center;\"><span style=\"font-family: Calibri, sans-serif;\"><span style=\"font-size: medium;\"><b>09\/03\u00a0<\/b><\/span><\/span><strong><span style=\"font-family: Calibri, sans-serif;\"><span style=\"font-size: medium;\"><b>ROMA &#8211; Monk<\/b><\/span><\/span><\/strong><\/p>\n<p style=\"text-align: center;\"><span style=\"font-family: Calibri, sans-serif;\"><span style=\"font-size: medium;\"><b>10\/03\u00a0<\/b><\/span><\/span><strong><span style=\"font-family: Calibri, sans-serif;\"><span style=\"font-size: medium;\"><b>TERLIZZI (BA) \u2013 MAT\u00a0<\/b><\/span><\/span><\/strong><\/p>\n<p style=\"text-align: center;\"><span style=\"font-family: Calibri, sans-serif;\"><span style=\"font-size: medium;\"><b>14\/03\u00a0<\/b><\/span><\/span><strong><span style=\"font-family: Calibri, sans-serif;\"><span style=\"font-size: medium;\"><b>TORINO &#8211; Hiroshima Mon Amour\u00a0\u00a0<\/b><\/span><\/span><\/strong><\/p>\n<p style=\"text-align: center;\"><span style=\"color: #000000;\"><span style=\"font-family: Calibri, sans-serif;\"><span style=\"font-size: medium;\"><b>15\/03<\/b><\/span><\/span><\/span><span style=\"color: #2baadf;\"><span style=\"font-family: Calibri, sans-serif;\"><span style=\"font-size: medium;\"><b>\u00a0<\/b><\/span><\/span><\/span><strong><span style=\"font-family: Calibri, sans-serif;\"><span style=\"font-size: medium;\"><b>PADOVA \u2013 Hall\u00a0<\/b><\/span><\/span><\/strong><\/p>\n<p style=\"text-align: center;\"><span style=\"font-family: Calibri, sans-serif;\"><span style=\"font-size: medium;\"><b>22\/03\u00a0<\/b><\/span><\/span><strong><span style=\"font-family: Calibri, sans-serif;\"><span style=\"font-size: medium;\"><b>BRESCIA &#8211; Latteria Molloy\u00a0<\/b><\/span><\/span><\/strong><\/p>\n<p style=\"text-align: center;\"><span style=\"font-family: Calibri, sans-serif;\"><span style=\"font-size: medium;\"><b>23\/03\u00a0<\/b><\/span><\/span><strong><span style=\"font-family: Calibri, sans-serif;\"><span style=\"font-size: medium;\"><b>FIRENZE &#8211; Auditorium Flog\u00a0\u00a0<\/b><\/span><\/span><\/strong><\/p>\n<p style=\"text-align: center;\"><span style=\"font-family: Calibri, sans-serif;\"><span style=\"font-size: medium;\"><b>29\/03\u00a0<\/b><\/span><\/span><strong><span style=\"font-family: Calibri, sans-serif;\"><span style=\"font-size: medium;\"><b>RAVENNA \u2013 Bronson\u00a0<\/b><\/span><\/span><\/strong><\/p>\n<p align=\"JUSTIFY\">\n<p align=\"JUSTIFY\"><img loading=\"lazy\" decoding=\"async\" class=\"aligncenter wp-image-41968 size-full\" src=\"http:\/\/www.piuomenopop.it\/wp-content\/uploads\/2018\/12\/cmon-tigre-2018-Small.jpg\" alt=\"\" width=\"720\" height=\"480\" srcset=\"https:\/\/www.piuomenopop.it\/wp-content\/uploads\/2018\/12\/cmon-tigre-2018-Small.jpg 720w, https:\/\/www.piuomenopop.it\/wp-content\/uploads\/2018\/12\/cmon-tigre-2018-Small-300x200.jpg 300w\" sizes=\"auto, (max-width: 720px) 100vw, 720px\" \/><br \/>\n<span style=\"font-family: Calibri, sans-serif;\"><span style=\"font-size: medium;\"><i>Racines<\/i><\/span><\/span><span style=\"font-family: Calibri, sans-serif;\"><span style=\"font-size: medium;\">\u00a0\u00e8 una parola francese che significa radici, laddove le radici sono quelle musicali in cui piedi, testa e cuore dei C\u2019mon Tigre sono immersi, e da cui, con i loro brani contaminati, spiccano il volo per creare ambientazioni sonore inedite. Nel loro nuovo disco i suoni del Mediterraneo &#8211; il mare della loro terra -, si intersecano, intrecciano e sovrappongono con un caleidoscopio di altre sonorit\u00e0 e un approccio nuovo, basato &#8211; spiegano &#8211;\u00a0<\/span><\/span><em><span style=\"font-family: Calibri, sans-serif;\"><span style=\"font-size: medium;\">\u201csul tipo di lavoro che avevamo fatto riarrangiando il primo album per i live, quindi enfatizzando la parte sintetica dei pezzi\u201d<\/span><\/span><\/em><span style=\"font-family: Calibri,            sans-serif;\"><span style=\"font-size: medium;\">.<\/span><\/span><\/p>\n<p align=\"JUSTIFY\"><span style=\"font-family: Calibri, sans-serif;\"><span style=\"font-size: medium;\">Le dieci tracce di \u201cRacines\u201d sono nate in momenti di intimit\u00e0: per i C\u2019mon Tigre il nucleo iniziale di idee compositive deve rigorosamente appartenere alla dimensione dell\u2019istinto, della naturalezza. Ma poi c\u2019\u00e8 l\u2019urgenza che quel nucleo esploda e dia vita ad altre idee e suggestioni, e affinch\u00e9 ci\u00f2 accada lo scambio con altri musicisti e la creazione di una famiglia allargata e geograficamente tentacolare \u00e8 fondamentale.\u00a0<\/span><\/span><strong><span style=\"font-family: Calibri,              sans-serif;\"><span style=\"font-size: medium;\">Da qui il coinvolgimento, in questo\u00a0<\/span><\/span><\/strong><em><span style=\"font-family: Calibri, sans-serif;\"><span style=\"font-size: medium;\">Racines<\/span><\/span><\/em><strong><span style=\"font-family: Calibri, sans-serif;\"><span style=\"font-size: medium;\">, di Danny Ray Barragan aka DRB, Mick Jenkins, Pasquale Mirra, Beppe Scardino, Mirko Cisilino, Marco Frattini, Jessica Lurie, Amy Denio, Tina Richerson, Sue Orfield, Alessandro Rinaldi, Henkjaap Beeuwkes.<\/span><\/span><\/strong><\/p>\n<p align=\"JUSTIFY\"><span style=\"font-family: Calibri, sans-serif;\"><span style=\"font-size: medium;\">Immaginatevi un cantiere aperto dove bassi e chitarre dialogano con fiati, synth, percussioni, vibrafoni, immergendo l\u2019ascoltatore in un viaggio sonoro sensuale e ipnotico.\u00a0<\/span><\/span><span style=\"font-family: Calibri, sans-serif;\"><span style=\"font-size: medium;\">Salpando dal bacino del Mediterraneo e lasciandosi guidare dalla fascinazione per l\u2019Africa e il Medioriente, i C\u2019mon Tigre danno forma a un linguaggio inedito, originale, fatto di commistioni con il jazz, l\u2019afrojazz, le ritmiche dell\u2019hip hop, il funk, la disco anni Settanta.<\/span><\/span><\/p>\n","protected":false},"excerpt":{"rendered":"<div class=\"mh-excerpt\"><p>C&#8217;MON TIGRE In tour a febbraio per presentare il nuovo album\u00a0Racinesi Esce il\u00a015 Febbraio 2019\u00a0in tutti i negozi, digital store e su tutte le piattaforme <a class=\"mh-excerpt-more\" href=\"https:\/\/www.piuomenopop.it\/index.php\/2018\/12\/09\/cmon-tigre-in-tour-da-febbraio-per-presentare-il-nuovo-album-racines\/\" title=\"C&#8217;MON TIGRE &#8211; IN TOUR DA FEBBRAIO PER PRESENTARE IL NUOVO ALBUM RACINES\">[&#8230;]<\/a><\/p>\n<\/div>","protected":false},"author":2,"featured_media":41968,"comment_status":"closed","ping_status":"closed","sticky":false,"template":"","format":"standard","meta":{"sfsi_plus_gutenberg_text_before_share":"","sfsi_plus_gutenberg_show_text_before_share":"","sfsi_plus_gutenberg_icon_type":"","sfsi_plus_gutenberg_icon_alignemt":"","sfsi_plus_gutenburg_max_per_row":"","footnotes":"","_links_to":"","_links_to_target":""},"categories":[5184,3,8],"tags":[1365,8302,8300,8301],"class_list":["post-41967","post","type-post","status-publish","format-standard","has-post-thumbnail","hentry","category-calendario-concerti","category-news","category-uscite","tag-k7","tag-bdc","tag-cmon-tigre","tag-racinesi"],"aioseo_notices":[],"_links":{"self":[{"href":"https:\/\/www.piuomenopop.it\/index.php\/wp-json\/wp\/v2\/posts\/41967","targetHints":{"allow":["GET"]}}],"collection":[{"href":"https:\/\/www.piuomenopop.it\/index.php\/wp-json\/wp\/v2\/posts"}],"about":[{"href":"https:\/\/www.piuomenopop.it\/index.php\/wp-json\/wp\/v2\/types\/post"}],"author":[{"embeddable":true,"href":"https:\/\/www.piuomenopop.it\/index.php\/wp-json\/wp\/v2\/users\/2"}],"replies":[{"embeddable":true,"href":"https:\/\/www.piuomenopop.it\/index.php\/wp-json\/wp\/v2\/comments?post=41967"}],"version-history":[{"count":2,"href":"https:\/\/www.piuomenopop.it\/index.php\/wp-json\/wp\/v2\/posts\/41967\/revisions"}],"predecessor-version":[{"id":41971,"href":"https:\/\/www.piuomenopop.it\/index.php\/wp-json\/wp\/v2\/posts\/41967\/revisions\/41971"}],"wp:featuredmedia":[{"embeddable":true,"href":"https:\/\/www.piuomenopop.it\/index.php\/wp-json\/wp\/v2\/media\/41968"}],"wp:attachment":[{"href":"https:\/\/www.piuomenopop.it\/index.php\/wp-json\/wp\/v2\/media?parent=41967"}],"wp:term":[{"taxonomy":"category","embeddable":true,"href":"https:\/\/www.piuomenopop.it\/index.php\/wp-json\/wp\/v2\/categories?post=41967"},{"taxonomy":"post_tag","embeddable":true,"href":"https:\/\/www.piuomenopop.it\/index.php\/wp-json\/wp\/v2\/tags?post=41967"}],"curies":[{"name":"wp","href":"https:\/\/api.w.org\/{rel}","templated":true}]}}