{"id":42443,"date":"2018-12-21T18:03:50","date_gmt":"2018-12-21T17:03:50","guid":{"rendered":"http:\/\/www.piuomenopop.it\/?p=42443"},"modified":"2018-12-21T18:03:50","modified_gmt":"2018-12-21T17:03:50","slug":"maru-al-via-il-5-gennaio-da-prato-il-tour-di-zero-glitter-poi-bologna-torino-padova-milano-e-roma","status":"publish","type":"post","link":"https:\/\/www.piuomenopop.it\/index.php\/2018\/12\/21\/maru-al-via-il-5-gennaio-da-prato-il-tour-di-zero-glitter-poi-bologna-torino-padova-milano-e-roma\/","title":{"rendered":"Maru: al via il 5 gennaio da Prato il tour di &#8220;Zero Glitter&#8221;. Poi Bologna, Torino, Padova, Milano e Roma."},"content":{"rendered":"<p align=\"CENTER\"><span style=\"font-family: arial, helvetica, sans-serif;\"><span style=\"font-size: large;\"><strong>MARU<\/strong><\/span><span style=\"font-size: large;\"><strong>\u00a0in tour<\/strong><\/span><\/span><\/p>\n<p align=\"CENTER\"><span style=\"font-family: arial, helvetica, sans-serif;\"><span style=\"font-size: large;\"><strong>con<\/strong><\/span><\/span><\/p>\n<p align=\"CENTER\"><span style=\"font-family: arial, helvetica, sans-serif;\"><span style=\"font-size: large;\"><em><strong>Zero Glitter<\/strong><\/em><\/span><span style=\"font-size: large;\"><em><strong><br \/>\n<\/strong><\/em><\/span><\/span><\/p>\n<p align=\"CENTER\"><span style=\"font-family: arial, helvetica, sans-serif;\"><span style=\"font-size: large;\"><strong>il nuovo album per Bravo Dischi<\/strong><\/span><\/span><\/p>\n<p align=\"JUSTIFY\"><span style=\"font-family: arial, helvetica, sans-serif;\"><strong>Comincia il 5 gennaio dal Capanno17 di Prato il tour di <a href=\"https:\/\/www.facebook.com\/marubaruccopagina\/\" target=\"_blank\" rel=\"noopener\">Maru<\/a><\/strong>, che si prepara a presentare in tutta Italia il suo\u00a0<em><strong>Zero Glitter,<\/strong><\/em><strong>\u00a0il nuovo album uscito per Bravo Dischi. (<a href=\"http:\/\/www.piuomenopop.it\/index.php\/2018\/11\/23\/zero-glitter-per-maru-perche-il-suo-album-brilla-di-luce-propria\/\" target=\"_blank\" rel=\"noopener\">Leggi la recensione<\/a><\/strong><span style=\"color: #000080;\"><span style=\"font-size: medium;\"><strong>).<\/strong><\/span><\/span>Una serie di live pieni di energia ed emozioni, dove la giovane cantautrice\u00a0con leggerezza e ironia vuole gridare al pubblico il segreto della felicit\u00e0: accettarsi e lasciarsi accettare.<\/span><\/p>\n<p align=\"JUSTIFY\"><span style=\"font-family: arial, helvetica, sans-serif;\">Queste le\u00a0<strong>altre date del tour organizzato da WERO Eventi<\/strong>:<strong>\u00a0il 24 gennaio al Cortile Caf\u00e8 di Bologna, il 26 gennaio allo Spazio 211 di Torino, il 30 gennaio allo Sherwood Open Live di Padova, il 31 gennaio all&#8217;Ohib\u00f2 di Milano e il 2 febbraio a Le Mura di Roma.\u00a0<\/strong><\/span><\/p>\n<p align=\"JUSTIFY\"><span style=\"font-family: arial, helvetica, sans-serif;\"><strong><span style=\"color: #000000;\"><span style=\"font-size: medium;\">Anticipato dal singolo\u00a0<\/span><\/span><\/strong><em><span style=\"color: #000000;\"><span style=\"font-size: medium;\">Giorgia<\/span><\/span><\/em><strong><span style=\"color: #000000;\"><span style=\"font-size: medium;\">\u00a0<\/span><\/span><\/strong><span style=\"color: #000000;\"><span style=\"font-size: medium;\"><strong>e pro<\/strong><\/span><\/span><span style=\"color: #000000;\"><strong>dotto da Fabio Grande (Colombre, Joe Victor, Mai Stato Altrove),\u00a0<\/strong><\/span><span style=\"color: #000000;\"><em>Zero Glitter<\/em><\/span><span style=\"color: #000000;\">\u00a0rispecchia senza veli l&#8217;anima di Maru: fiabesca e lieve ma al tempo stesso forte e determinata.<\/span><\/span><\/p>\n<p style=\"text-align: center;\" align=\"JUSTIFY\"><iframe loading=\"lazy\" src=\"https:\/\/www.youtube.com\/embed\/A6LX8Q5L14o\" width=\"560\" height=\"315\" frameborder=\"0\" allowfullscreen=\"allowfullscreen\"><\/iframe><\/p>\n<p align=\"JUSTIFY\"><span style=\"font-family: arial, helvetica, sans-serif;\">Un album frutto di anni di incessante lavoro sui testi, di idee che frullano per la testa e che hanno trovato finalmente la forma perfetta di precipitare su carta e corda.<\/span><\/p>\n<p align=\"JUSTIFY\"><span style=\"font-family: arial, helvetica, sans-serif;\"><em>Ho cominciato a scrivere di alcune cose perch\u00e9 non riuscivo a esprimerle in altro modo<\/em>, racconta Maru.\u00a0<em>E&#8217; stato tutto molto naturale, per me. Fin da piccola sono cresciuta in mezzo alla musica, mio padre suonava, avevo strumenti musicali al posto dei giocattoli.<\/em><\/span><\/p>\n<p align=\"JUSTIFY\"><span style=\"font-family: arial, helvetica, sans-serif;\">Ora Maru, al secolo Maria Barucco, \u00e8 cresciuta, i semi piantati nella sua infanzia sono fioriti e i frutti di anni di amore per la musica sono pronti per essere colti: otto tracce tutte scritte di suo pugno e strappate dalla sua storia personale, affrontate con quella leggerezza e ironia che la contraddistingue.<\/span><\/p>\n<p align=\"JUSTIFY\"><span style=\"font-family: arial, helvetica, sans-serif;\"><em>La differenza tra questo e il disco precedente \u00e8 che, mentre prima volevo concentrarmi soprattutto su me stessa, ora la mia attenzione si \u00e8 spostata anche sugli altri. \u201cZero Glitter\u201d ha una spinta creativa diversa: io ho accettato a pieno me stessa, e con questo album voglio convincere gli altri a farsi avanti, a dichiararsi. Voglio dirgli: \u201cTi stai nascondendo dietro al niente, ma io so chi sei\u201d.<\/em><\/span><\/p>\n<p align=\"JUSTIFY\"><span style=\"font-family: arial, helvetica, sans-serif;\">Parlare di tematiche importanti e delicate ma in molto festoso, mai pesante. Fare quasi della politica, ma senza prendersi mai troppo sul serio. Avere l&#8217;onest\u00e0 di essere senza filtri, di parlare di amore tra donne, perch\u00e8 \u00e8 quello che si \u00e8 vissuto.<em>Io mi sono sempre innamorata di donne, e per questo scrivo di quello.<\/em><\/span><\/p>\n<p align=\"JUSTIFY\"><span style=\"font-family: arial, helvetica, sans-serif;\">Un nuovo corso e una nuova maturit\u00e0 che le spalancano le porte del mondo adulto dell\u2019indie pop italiano, un ambiente che del resto, Maru, nonostante la giovanissima et\u00e0, frequenta gi\u00e0 da un po&#8217;, dividendo il palco con artisti del calibro di\u00a0<strong>Motta, Canova, Colapesce, Ex-Otago<\/strong>\u00a0e tanti altri.<\/span><\/p>\n<p align=\"JUSTIFY\"><span style=\"font-family: arial, helvetica, sans-serif;\"><span style=\"color: #000000;\">Un\u2019adolescenza segnata dal punk-rock, una passione per\u00a0<\/span><span style=\"color: #000000;\"><strong>The Strokes, MGMT e i Phoenix<\/strong><\/span><span style=\"color: #000000;\">, un amore per la buona scrittura del cantautorato italiano contemporaneo di Colapesce, Colombre e Maria Antonietta: Maru assorbe le pi\u00f9 svariate influenze musicali e rielabora i suoi ascolti in un prodotto tutto suo, senza sentire il bisogno o la necessit\u00e0 di imitare qualcuno o inseguire qualcosa, se non se stessa.<\/span><\/span><\/p>\n<p align=\"JUSTIFY\"><span style=\"font-family: arial, helvetica, sans-serif;\">Dal punto di vista musicale, \u201cZero Glitter\u201d nasce voce e ukulele, strumento da sempre punto di riferimento di Maru, oppure voce e chitarra (nel caso di \u201cOrdine\u201d e \u201cLuned\u00ec \u00e8 mattina\u201d). Un mondo delicato e intimo che, grazie al prezioso aiuto di Fabio Grande, il primo entusiasta fan della cantautrice, in una decina di giorni chiusi in sala registrazione, si \u00e8 trasformato in un universo pi\u00f9 elaborato e complesso, dove\u00a0<span style=\"color: #000000;\">lo strumento hawaiano non \u00e8 protagonista assoluto ma regala un tocco di solarit\u00e0 a una composizione musicale pi\u00f9 ampia in cui sono presenti i sintetizzatori, le tastiere e la batteria suonata da\u00a0<\/span><span style=\"color: #000000;\"><strong>Francesco Aprili<\/strong><\/span><span style=\"color: #000000;\">.<\/span><\/span><\/p>\n<p align=\"JUSTIFY\"><span style=\"font-family: arial, helvetica, sans-serif;\">Ogni brano riflette un piccolo ma importante tassello della sua vita, presentando un universo dalle pi\u00f9 varie sfumature di colore, a 360 gradi.<\/span><\/p>\n<p align=\"JUSTIFY\"><span style=\"font-family: arial, helvetica, sans-serif;\"><strong>BIO<\/strong><\/span><\/p>\n<p align=\"JUSTIFY\"><span style=\"font-family: arial, helvetica, sans-serif;\"><strong>Maru<\/strong>, al secolo<strong>\u00a0<\/strong>Maria Barucco, \u00e8 nata a Siracusa e ha studiato liuteria a Cremona. Scrive canzoni dal 2012 ed ha alle spalle un disco self-titled prodotto in collaborazione con Davide Di Rosolini.\u00a0<em>Zero Glitter<\/em><em>,<\/em>\u00a0titolo del nuovo disco di Maru, in uscita a novembre per Bravo Dischi, \u00e8 un invito ad accettarsi e dichiararsi per quello che si \u00e8, senza tanti giri di parole. L&#8217;album \u00e8 stato prodotto da Fabio Grande (Joe Victor, Mai Stato Altrove, Colombre) presso la Sala Tre de Gli Artigiani Studio ed \u00e8 stato masterizzato da Giovanni Versari.<\/span><\/p>\n<p align=\"CENTER\"><span style=\"font-family: arial, helvetica, sans-serif;\"><span style=\"font-size: medium;\"><u><strong>LE PRIME DATE DEL TOUR<\/strong><\/u><\/span><\/span><\/p>\n<p align=\"CENTER\"><span style=\"color: #222222; font-family: arial, helvetica, sans-serif;\"><span style=\"font-size: medium;\"><strong>5 gennaio<\/strong><strong>\u00a0&#8211; Prato, Capanno17<\/strong><\/span><\/span><\/p>\n<p align=\"CENTER\"><span style=\"color: #222222; font-family: arial, helvetica, sans-serif;\"><span style=\"font-size: medium;\">Via Genova 17, 59100 Prato<\/span><\/span><\/p>\n<p align=\"CENTER\"><span style=\"color: #222222; font-family: arial, helvetica, sans-serif;\"><span style=\"font-size: medium;\"><strong>24 gennaio<\/strong><strong>\u00a0&#8211; Bologna, Cortile Caf\u00e8<\/strong><\/span><\/span><\/p>\n<p align=\"CENTER\"><span style=\"color: #222222; font-family: arial, helvetica, sans-serif;\"><span style=\"font-size: medium;\">Via Nazario Sauro 24\/A, 40121 Bologna<\/span><\/span><\/p>\n<p align=\"CENTER\"><span style=\"color: #222222; font-family: arial, helvetica, sans-serif;\"><span style=\"font-size: medium;\"><strong>26 gennaio\u00a0<\/strong><strong>&#8211; Torino, Spazio211<\/strong><\/span><\/span><\/p>\n<p align=\"CENTER\"><span style=\"color: #222222; font-family: arial, helvetica, sans-serif;\"><span style=\"font-size: medium;\">Via Cigna 211, 10155 Torino<\/span><\/span><\/p>\n<p align=\"CENTER\"><span style=\"color: #222222; font-family: arial, helvetica, sans-serif;\"><span style=\"font-size: medium;\"><strong>30 gennaio<\/strong><strong>\u00a0&#8211; Padova, Sherwood Open Live<\/strong><\/span><\/span><\/p>\n<p align=\"CENTER\"><span style=\"color: #222222; font-family: arial, helvetica, sans-serif;\"><span style=\"font-size: medium;\">Vicolo Pontecorvo 1\/A, 35121 Padova<\/span><\/span><\/p>\n<p align=\"CENTER\"><span style=\"color: #222222; font-family: arial, helvetica, sans-serif;\"><span style=\"font-size: medium;\"><strong>31 gennaio<\/strong><strong>\u00a0&#8211; Milano, Circolo Ohib\u00f3<\/strong><\/span><\/span><\/p>\n<p align=\"CENTER\"><span style=\"color: #222222; font-family: arial, helvetica, sans-serif;\"><span style=\"font-size: medium;\">Via Brembo ang. Via Benaco 1, 20139 Milano<\/span><\/span><\/p>\n<p align=\"CENTER\"><span style=\"color: #222222; font-family: arial, helvetica, sans-serif;\"><span style=\"font-size: medium;\"><strong>2 febbraio<\/strong><strong>\u00a0&#8211; Roma, Le Mura<\/strong><\/span><\/span><\/p>\n<p align=\"CENTER\"><span style=\"color: #222222; font-family: arial, helvetica, sans-serif;\"><span style=\"font-size: medium;\">Via di Porta Labicana 24, 00185 Roma<\/span><\/span><\/p>\n<p align=\"CENTER\"><span style=\"font-family: arial, helvetica, sans-serif; font-size: medium;\"><b>\u00a0<\/b><\/span><\/p>\n","protected":false},"excerpt":{"rendered":"<div class=\"mh-excerpt\"><p>MARU\u00a0in tour con Zero Glitter il nuovo album per Bravo Dischi Comincia il 5 gennaio dal Capanno17 di Prato il tour di Maru, che si <a class=\"mh-excerpt-more\" href=\"https:\/\/www.piuomenopop.it\/index.php\/2018\/12\/21\/maru-al-via-il-5-gennaio-da-prato-il-tour-di-zero-glitter-poi-bologna-torino-padova-milano-e-roma\/\" title=\"Maru: al via il 5 gennaio da Prato il tour di &#8220;Zero Glitter&#8221;. Poi Bologna, Torino, Padova, Milano e Roma.\">[&#8230;]<\/a><\/p>\n<\/div>","protected":false},"author":2,"featured_media":42444,"comment_status":"closed","ping_status":"closed","sticky":false,"template":"","format":"standard","meta":{"sfsi_plus_gutenberg_text_before_share":"","sfsi_plus_gutenberg_show_text_before_share":"","sfsi_plus_gutenberg_icon_type":"","sfsi_plus_gutenberg_icon_alignemt":"","sfsi_plus_gutenburg_max_per_row":"","footnotes":"","_links_to":"","_links_to_target":""},"categories":[5184,3],"tags":[2568,4465,7602,7601],"class_list":["post-42443","post","type-post","status-publish","format-standard","has-post-thumbnail","hentry","category-calendario-concerti","category-news","tag-bravo-dischi","tag-gdg-press","tag-maru","tag-zero-glitter"],"aioseo_notices":[],"_links":{"self":[{"href":"https:\/\/www.piuomenopop.it\/index.php\/wp-json\/wp\/v2\/posts\/42443","targetHints":{"allow":["GET"]}}],"collection":[{"href":"https:\/\/www.piuomenopop.it\/index.php\/wp-json\/wp\/v2\/posts"}],"about":[{"href":"https:\/\/www.piuomenopop.it\/index.php\/wp-json\/wp\/v2\/types\/post"}],"author":[{"embeddable":true,"href":"https:\/\/www.piuomenopop.it\/index.php\/wp-json\/wp\/v2\/users\/2"}],"replies":[{"embeddable":true,"href":"https:\/\/www.piuomenopop.it\/index.php\/wp-json\/wp\/v2\/comments?post=42443"}],"version-history":[{"count":1,"href":"https:\/\/www.piuomenopop.it\/index.php\/wp-json\/wp\/v2\/posts\/42443\/revisions"}],"predecessor-version":[{"id":42445,"href":"https:\/\/www.piuomenopop.it\/index.php\/wp-json\/wp\/v2\/posts\/42443\/revisions\/42445"}],"wp:featuredmedia":[{"embeddable":true,"href":"https:\/\/www.piuomenopop.it\/index.php\/wp-json\/wp\/v2\/media\/42444"}],"wp:attachment":[{"href":"https:\/\/www.piuomenopop.it\/index.php\/wp-json\/wp\/v2\/media?parent=42443"}],"wp:term":[{"taxonomy":"category","embeddable":true,"href":"https:\/\/www.piuomenopop.it\/index.php\/wp-json\/wp\/v2\/categories?post=42443"},{"taxonomy":"post_tag","embeddable":true,"href":"https:\/\/www.piuomenopop.it\/index.php\/wp-json\/wp\/v2\/tags?post=42443"}],"curies":[{"name":"wp","href":"https:\/\/api.w.org\/{rel}","templated":true}]}}