{"id":42578,"date":"2019-01-02T21:14:17","date_gmt":"2019-01-02T20:14:17","guid":{"rendered":"http:\/\/www.piuomenopop.it\/?p=42578"},"modified":"2019-01-02T21:17:47","modified_gmt":"2019-01-02T20:17:47","slug":"alis-dal-4-al-6-gennaio-tuscanyhall-ex-obihall-firenze-con-le-stelle-mondiali-del-nouveau-cirque-e-dal-cirque-du-soleil","status":"publish","type":"post","link":"https:\/\/www.piuomenopop.it\/index.php\/2019\/01\/02\/alis-dal-4-al-6-gennaio-tuscanyhall-ex-obihall-firenze-con-le-stelle-mondiali-del-nouveau-cirque-e-dal-cirque-du-soleil\/","title":{"rendered":"ALIS, dal 4 al 6 Gennaio @ TuscanyHall (ex Obihall) Firenze &#8211; con le stelle mondiali del Nouveau Cirque e dal Cirque du Soleil"},"content":{"rendered":"<div align=\"center\"><span style=\"font-family: tahoma, sans-serif;\"><span style=\"font-family: tahoma, sans-serif;\"><b><i>A grande richiesta e in una versione inedita, torna dal 4 al 6 gennaio\u00a0<\/i><\/b><b><i><br \/>\n<\/i><\/b><b><i>a Firenze lo show dei record applaudito da oltre 150.000 spettatori\u00a0<\/i><\/b><\/span><\/span><span style=\"color: #ff0000;\"><i><span style=\"font-size: medium;\"><b>ALIS<\/b><\/span><\/i><\/span><br \/>\n<u><span style=\"color: #ff0000; font-size: xx-small;\"><b>TANTE EMOZIONI E NUOVI NUMERI CON LE STELLE MONDIALI\u00a0<\/b><b><br \/>\n<\/b><b>DEL NOUVEAU CIRQUE E DAL CIRQUE DU SOLEIL<\/b><\/span><\/u><\/p>\n<p>presentato da<br \/>\nLe Cirque World\u2019s Top Performers<\/p>\n<p><u><b>Venerd\u00ec 4 gennaio 2019 ore 16.30 e 20.45<\/b><\/u><u><b><br \/>\n<\/b><\/u><u><b>Sabato 5 gennaio 2019 ore 16.30 e 20.45<\/b><\/u><u><b><br \/>\n<\/b><\/u><u><b>Domenica 6 gennaio 2019 ore 15.00 e 18.00<\/b><\/u><\/p>\n<p><u><b>TUSCANYHALL (ex Obihall)<\/b><\/u><br \/>\n<u>Via Fabrizio De Andr\u00e9 angolo lungarno Aldo Moro \u2013 Firenze<\/u><\/p>\n<\/div>\n<p><span style=\"font-family: tahoma, sans-serif;\"><img loading=\"lazy\" decoding=\"async\" class=\"aligncenter wp-image-42581 size-mh-magazine-lite-content\" src=\"http:\/\/www.piuomenopop.it\/wp-content\/uploads\/2019\/01\/Duo-Lyrical-Lyra_Le-Cirque-WTP-pic-Small-601x381.jpg\" alt=\"\" width=\"601\" height=\"381\" \/><br \/>\nUn solo obbie<\/span><span style=\"font-family: tahoma, sans-serif;\">ttivo: emozionare, sorprendere, meravigliare e divertire il pubblico, pi\u00f9 di quanto fatto sino ad oggi. Parola di Le Cirque World\u2019s Top Performers.<\/span><\/p>\n<p>&nbsp;<\/p>\n<p>&nbsp;<\/p>\n<p>Per il pubblico di Firenze ALIS Christmas Gala sar\u00e0 uno show unico al mondo ed entusiasmante, tra le meraviglie di artisti \u201cMa\u00eetres\u201d di equilibrismo, contorsionismo, trapezio, acrobatica, giocoleria, comicit\u00e0 e anche musica. Un cast senza precedenti e con tante novit\u00e0. Quasi 2 ore di emozioni, senza interruzioni e senza usare animali.<\/p>\n<p>&nbsp;<\/p>\n<p>Dopo lo straordinario successo registrato lo scorso inverno &#8211; cinque repliche e altrettanti sold-out \u2013 torna da venerd\u00ec 4 a domenica 6 gennaio 2019, al TuscanyHall (ex Obihall) di Firenze, lo spettacolo dei record ispirato al romanzo fantastico \u201cAlice nel paese delle meraviglie\u201d.<\/p>\n<p>Due repliche al giorno (venerd\u00ec 4 ore 16.30 e 20.45; sabato 5 ore 16.30 e 20.45; domenica 6 ore 15 e 18) per tornare ad abbracciare il pubblico toscano.<\/p>\n<p>&nbsp;<\/p>\n<p>Lo show \u00e8 anche l\u2019anteprima del prossimo tour europeo che debutter\u00e0 in Svizzera nell\u2019aprile 2019.<br \/>\nSolo il filo conduttore che ha contribuito al grande successo di questa produzione, applaudita da 150.000 spettatori, non cambia: il viaggio immaginario e suggestivo alla scoperta delle qualit\u00e0 umane, ispirato dalla letteratura fantastica dell\u2019800.<\/p>\n<p>In scena i migliori artisti del mondo provenienti dal Nouveau Cirque e dal Cirque du Soleil, un \u201cdream team\u201d che vanta un palmares impressionante di premi internazionali, migliaia di esibizioni in oltre 50 Paesi, in programmi televisivi, in eventi speciali di risonanza mondiale.<\/p>\n<p>Sul palco saranno in 24, dei quali quattro italiani. Gli altri arrivano da Stati Uniti, Canada, Hong Kong, Francia, Ucraina, Taiwan, Mongolia.<\/p>\n<p>Presentano 14 numeri aerei e a terra eccezionali. Alcuni di questi atti sono inediti e al debutto mondiale, creati appositamente per questo spettacolo.<\/p>\n<p>&nbsp;<\/p>\n<p><u><b>IL CAST<\/b><\/u><br \/>\nUlziibuyan Mergen, pratica gi\u00e0 da bambina le arti del contorsionismo ed equilibrismo sulle mani. A soli 11 anni \u00e8 con il Cirque du Soleil e gira il mondo per 15 anni. E\u2019 tra i pi\u00f9 grandi artisti al mondo e Le Cirque World\u2019s Top Performers l\u2019ha accolta nel suo cast stellare con un numero fantastico creato in esclusiva per ALIS.<br \/>\nWaz\u2019O, il Duo Trapeze applaudito in tanti show internazionali tra cui \u201cTotem\u201d e \u201cVarekai\u201d del Cirque du Soleil, e che per Alis ha unito esperienza e talento per ideare un nuovo numero aereo in cui si spingono oltre i propri limiti.<br \/>\nDuo Lyrical Lyra, in una performance spettacolare, pericolosa e sensuale con acrobazie incredibili. Hanno lavorato in Illumination, Cirque Dreams, Ezuru, Cirque Noel negli Stati Uniti, in OhLaLa del regista Rolf Knie e in grandi show in Inghilterra, Germania e Svizzera.<br \/>\nPippo Crotti, Il comico e attore che ha iniziato con Gabriele Cirilli, che si \u00e8 esibito in 1.500 repliche di \u201cTotem\u201d del Cirque du Soleil, che \u00e8 sulle reti Mediaset nella serie comica \u201cMy Name is Pippo\u201d e in \u201cSquadra Mobile\u201d, su Sky con Fiorello in \u201cEdicola Fiore\u201d, su Rai Uno nel film \u201cAldo Moro \u2013 Il professore\u201d e al cinema con Checco Zalone nel film campione d\u2019incassi \u201cQuo Vado?\u201d. Ma per ALIS far\u00e0 qualcosa di inimmaginabile, tra \u201ceventi incontrollabili\u201d.<\/p>\n<p>&nbsp;<\/p>\n<p>Andrea Cerrato, un altro nuovo talento selezionato da Le Cirque World\u2019s Top Performers che \u00e8 appena entrato nel Guinness mondiale dei Record. La sua specialit\u00e0 \u00e8 la \u201cRuota Cyr\u201d ed \u00e8 stato scelto tra 52 candidati da Valerie Inertie, un\u2019eccellenza mondiale di questa disciplina. Uscito dalla Scuola di Circo di Torino, Andrea esegue un numero speciale ideato per ALIS, confermandosi una vera rivelazione grazie alle sue doti di grande ballerino.<\/p>\n<p><u><b>LE SUPERSTAR<\/b><\/u><\/p>\n<p><img loading=\"lazy\" decoding=\"async\" class=\"aligncenter wp-image-28693 size-full\" style=\"text-align: -webkit-center;\" src=\"http:\/\/www.piuomenopop.it\/wp-content\/uploads\/2018\/01\/Le-Cirque-with-the-Worlds-Top-Performers-42.jpg\" alt=\"\" width=\"1200\" height=\"800\" srcset=\"https:\/\/www.piuomenopop.it\/wp-content\/uploads\/2018\/01\/Le-Cirque-with-the-Worlds-Top-Performers-42.jpg 1200w, https:\/\/www.piuomenopop.it\/wp-content\/uploads\/2018\/01\/Le-Cirque-with-the-Worlds-Top-Performers-42-300x200.jpg 300w, https:\/\/www.piuomenopop.it\/wp-content\/uploads\/2018\/01\/Le-Cirque-with-the-Worlds-Top-Performers-42-768x512.jpg 768w, https:\/\/www.piuomenopop.it\/wp-content\/uploads\/2018\/01\/Le-Cirque-with-the-Worlds-Top-Performers-42-1024x683.jpg 1024w\" sizes=\"auto, (max-width: 1200px) 100vw, 1200px\" \/><\/p>\n<p>&nbsp;<\/p>\n<p>Viktor Kee, definito \u201cIl giocoliere e l\u2019acrobata perfetto\u201d con un numero unico al mondo; Yves Decoste, una leggenda vivente, incredibile nel suo \u201cHand to Hand\u201d eseguito con la talentuosa artista francese Delphine Cezard; Onofrio Colucci, un altro protagonista nel Cirque du Soleil, ma anche nel celebre Slava\u2019s SnowShow. Per ALIS, oltre ad essere direttore artistico, sar\u00e0 in scena come Maestro di Cerimonia; Asia Tromler nel ruolo di ALIS, presa quando aveva solo 16 anni per il suo grande talento e diventata oggi una Top Performer internazionale, come dimostrer\u00e0 anche nel nuovo emozionante numero ai tessuti aerei, con gli occhi bendati a 9 metri d\u2019altezza; Lili Chao Rigolo, che lascia tutti con il fiato sospeso usando una piuma e tredici rami di palma; Anatoliy Zalevskyy un maestro di acrobazia, equilibrio ed eleganza, con un atto che lo ha proclamato tra i migliori in assoluto. E poi gli scatenati ex olimpionici I-Team al TrampoWall, un\u2019incredibile combinazione tra sport e arte circense ai limiti delle capacit\u00e0 umane.<\/p>\n<p><u><b>LE MUSICHE<\/b><\/u><br \/>\nNovit\u00e0 anche nella colonna sonora originale, composta dai musicisti italiani La Femme Pi\u00e8ge e da due artisti del cast di immenso talento che sul palco si esibiscono dal vivo: Rose Winebrenner, cantante e musicista e Guilhem Desq, compositore e suonatore di uno strumento millenario: la Ghironda.<\/p>\n<p><u><b>LA SCENA<\/b><\/u><br \/>\nLe nuove scenografie portano sempre la firma del grande maestro e artista contemporaneo Ugo Nespolo, cos\u00ec come gli effetti speciali e le luci, completamente ridisegnate, sono di Alessandro Verazzi, light designer di livello internazionale.<br \/>\nPer coinvolgere ancora di pi\u00f9 lo spettatore, valorizzare ogni singola performance e i Top Performers, sono state adottate soluzioni all\u2019insegna dell\u2019innovazione tecnologica. Luci di nuova generazione e un ciclorama di 13 metri x 5,50 di altezza come fondale, che circonda tutto lo spazio scenico. Un\u2019altra novit\u00e0 \u00e8 il tappeto da palco circolare coordinato con la grafica delle quinte, che render\u00e0 la scena ancora pi\u00f9 suggestiva.<br \/>\n<u><b><br \/>\n<\/b><\/u><u><b>BIGLIETTI E PREVENDITE<\/b><\/u><br \/>\nPosti numerati da 33 a 71 euro (agevolazioni per bambini e famiglie, secondo il settore scelto)<br \/>\nPrevendite nei punti Box Office Toscana (<a class=\"m_-2134371460077482713m_7627225496285260824moz-txt-link-abbreviated\" href=\"http:\/\/www.boxofficetoscana.it\/punti-vendita\" target=\"_blank\" rel=\"noopener\" data-saferedirecturl=\"https:\/\/www.google.com\/url?q=http:\/\/www.boxofficetoscana.it\/punti-vendita&amp;source=gmail&amp;ust=1546529685744000&amp;usg=AFQjCNHijixQr1MFfW92vYq4iD_FbuZlPQ\">www.boxofficetoscana.it\/<wbr \/>punti-vendita<\/a>) e online su\u00a0<a class=\"m_-2134371460077482713m_7627225496285260824moz-txt-link-abbreviated\" href=\"http:\/\/www.alisticket.it\/\" target=\"_blank\" rel=\"noopener\" data-saferedirecturl=\"https:\/\/www.google.com\/url?q=http:\/\/www.alisticket.it&amp;source=gmail&amp;ust=1546529685744000&amp;usg=AFQjCNFEsbNCdQBqsNAbpWb1pyHS8MjtjQ\">www.alisticket.it<\/a>\u00a0e\u00a0<a class=\"m_-2134371460077482713m_7627225496285260824moz-txt-link-abbreviated\" href=\"http:\/\/www.ticketone.it\/\" target=\"_blank\" rel=\"noopener\" data-saferedirecturl=\"https:\/\/www.google.com\/url?q=http:\/\/www.ticketone.it&amp;source=gmail&amp;ust=1546529685744000&amp;usg=AFQjCNH35DI3YWUDTB8k3bFiNhQTSxnNDw\">www.ticketone.it<\/a>.<\/p>\n<p><b><u>PROGRAMMAZIONE ALIS CHRISTMAS TOUR 2018-2019\u00a0<\/u><\/b><b><u><br \/>\n<\/u><\/b><b><u>FIRENZE &#8211; TUSCANYHALL TEATRO DI FIRENZE (ex OBIHALL)<\/u><\/b><br \/>\nVenerd\u00ec 4 gennaio ore 16.30 e 20.45<br \/>\nSabato 5 gennaio ore 16.30 e 20.45<br \/>\nDomenica 6 gennaio ore 15.00 e 18.00<\/p>\n<p><u><b>Per tutte le informazioni su ALIS \u2013 LE CIRQUE WORLD\u2019S TOP PERFORMERS:<\/b><\/u><br \/>\nSito:\u00a0\u00a0 \u00a0<a class=\"m_-2134371460077482713m_7627225496285260824moz-txt-link-abbreviated\" href=\"http:\/\/www.lecirquetopperformers.com\/\" target=\"_blank\" rel=\"noopener\" data-saferedirecturl=\"https:\/\/www.google.com\/url?q=http:\/\/www.lecirquetopperformers.com&amp;source=gmail&amp;ust=1546529685744000&amp;usg=AFQjCNExWm6rn2yq-FianR0rKPw1NVRyMg\">www.lecirquetopperformers.com<\/a><br \/>\nFB:\u00a0\u00a0 \u00a0<a class=\"m_-2134371460077482713m_7627225496285260824moz-txt-link-abbreviated\" href=\"http:\/\/www.facebook.com\/lecirquetopperformers\" target=\"_blank\" rel=\"noopener\" data-saferedirecturl=\"https:\/\/www.google.com\/url?q=http:\/\/www.facebook.com\/lecirquetopperformers&amp;source=gmail&amp;ust=1546529685744000&amp;usg=AFQjCNFuco9JhOIu_p36bP30l8sK3YblNw\">www.facebook.com\/<wbr \/>lecirquetopperformers<\/a><\/p>\n<p><b>RADIO MONTE CARLO Media Partner<\/b><\/p>\n","protected":false},"excerpt":{"rendered":"<div class=\"mh-excerpt\"><p>A grande richiesta e in una versione inedita, torna dal 4 al 6 gennaio\u00a0 a Firenze lo show dei record applaudito da oltre 150.000 spettatori\u00a0ALIS <a class=\"mh-excerpt-more\" href=\"https:\/\/www.piuomenopop.it\/index.php\/2019\/01\/02\/alis-dal-4-al-6-gennaio-tuscanyhall-ex-obihall-firenze-con-le-stelle-mondiali-del-nouveau-cirque-e-dal-cirque-du-soleil\/\" title=\"ALIS, dal 4 al 6 Gennaio @ TuscanyHall (ex Obihall) Firenze &#8211; con le stelle mondiali del Nouveau Cirque e dal Cirque du Soleil\">[&#8230;]<\/a><\/p>\n<\/div>","protected":false},"author":2,"featured_media":28676,"comment_status":"closed","ping_status":"closed","sticky":false,"template":"","format":"standard","meta":{"sfsi_plus_gutenberg_text_before_share":"","sfsi_plus_gutenberg_show_text_before_share":"","sfsi_plus_gutenberg_icon_type":"","sfsi_plus_gutenberg_icon_alignemt":"","sfsi_plus_gutenburg_max_per_row":"","footnotes":"","_links_to":"","_links_to_target":""},"categories":[729,5346,598,3],"tags":[5003,275,8499],"class_list":["post-42578","post","type-post","status-publish","format-standard","has-post-thumbnail","hentry","category-arte","category-danza","category-extra-pop","category-news","tag-alis","tag-firenze","tag-le-cirque-worlds-top-performers"],"aioseo_notices":[],"_links":{"self":[{"href":"https:\/\/www.piuomenopop.it\/index.php\/wp-json\/wp\/v2\/posts\/42578","targetHints":{"allow":["GET"]}}],"collection":[{"href":"https:\/\/www.piuomenopop.it\/index.php\/wp-json\/wp\/v2\/posts"}],"about":[{"href":"https:\/\/www.piuomenopop.it\/index.php\/wp-json\/wp\/v2\/types\/post"}],"author":[{"embeddable":true,"href":"https:\/\/www.piuomenopop.it\/index.php\/wp-json\/wp\/v2\/users\/2"}],"replies":[{"embeddable":true,"href":"https:\/\/www.piuomenopop.it\/index.php\/wp-json\/wp\/v2\/comments?post=42578"}],"version-history":[{"count":3,"href":"https:\/\/www.piuomenopop.it\/index.php\/wp-json\/wp\/v2\/posts\/42578\/revisions"}],"predecessor-version":[{"id":42582,"href":"https:\/\/www.piuomenopop.it\/index.php\/wp-json\/wp\/v2\/posts\/42578\/revisions\/42582"}],"wp:featuredmedia":[{"embeddable":true,"href":"https:\/\/www.piuomenopop.it\/index.php\/wp-json\/wp\/v2\/media\/28676"}],"wp:attachment":[{"href":"https:\/\/www.piuomenopop.it\/index.php\/wp-json\/wp\/v2\/media?parent=42578"}],"wp:term":[{"taxonomy":"category","embeddable":true,"href":"https:\/\/www.piuomenopop.it\/index.php\/wp-json\/wp\/v2\/categories?post=42578"},{"taxonomy":"post_tag","embeddable":true,"href":"https:\/\/www.piuomenopop.it\/index.php\/wp-json\/wp\/v2\/tags?post=42578"}],"curies":[{"name":"wp","href":"https:\/\/api.w.org\/{rel}","templated":true}]}}