{"id":42609,"date":"2019-01-07T11:42:19","date_gmt":"2019-01-07T10:42:19","guid":{"rendered":"http:\/\/www.piuomenopop.it\/?p=42609"},"modified":"2019-01-07T11:42:19","modified_gmt":"2019-01-07T10:42:19","slug":"praino-gelo-polare-il-nuovo-singolo-che-racconta-una-storia-damore","status":"publish","type":"post","link":"https:\/\/www.piuomenopop.it\/index.php\/2019\/01\/07\/praino-gelo-polare-il-nuovo-singolo-che-racconta-una-storia-damore\/","title":{"rendered":"PRAINO:  &#8220;Gelo Polare&#8221;, il nuovo singolo che racconta una storia d&#8217;amore"},"content":{"rendered":"<p style=\"text-align: center;\"><b>ABBRACCIATEVI SEMPRE D&#8217;INVERNO <\/b><b>PRAINO <\/b><\/p>\n<p style=\"text-align: center;\"><b>un <\/b><b>NUOVO SINGOLO <\/b><b>che racconta una storia d&#8217;amore che a poco a poco si consuma e il desiderio di recuperare l&#8217;affinit\u00e0 <\/b><b>GELO POLARE <\/b><b>in uscita il 4 GENNAIO 2019 per REC DISCHI INDIPENDENTI <\/b><b>SPOTIFY<\/b><\/p>\n<p>&nbsp;<\/p>\n<p><strong>GELO POLARE<\/strong> \u00e8 il freddo dei sentimenti, non esiste dimensione peggiore secondo me, non riesci pi\u00f9 a ricordare come si fa ad amare,credo poi che L\u2019inverno rappresenti perfettamente questo stato d\u2019animo, la vita scorre come sempre ma \u00e8 tutto pi\u00f9 gelido e maledettamente candido, bianco ghiaccio, il momento dell\u2019anno in cui dovremmo tutti restarci un po\u2019 pi\u00f9 accanto, dovremmo riuscire a \u201cpassare\u201d l\u2019inverno. Quando disimpari ad amare non te ne rendi mai conto, pu\u00f2 accadere per mille motivi, ma succede, e anche se l\u2019amore ti passa accanto non lo riconosci, lo schivi, vorresti, potresti, ma fuori c\u2019\u00e8 un gelo polare, meglio chiudersi dentro di se. (<a href=\"https:\/\/www.facebook.com\/FraPraino\/?__xts__[0]=68.ARD8zdjKnHfyX2Bz7OQQrChvmluEhK6qi2ycllimzB2lXq1hMXsdyc1nrYSm-uJY0GVl3tNodSR2n8QaLz6MeOuWh4OlJb8r8UqATTQhkVdqdVtd6B5K-MwwIGmhZz4XAoGhgUWcXXwU0Fy_ORaQIqrhN6dJ_k72Kdx7by6lVA4BdnCDtH9upNS0w_PLDm4Bw1s4KmostTkNcnul7s8IrZ0RIv_2R2ya1ZbWOLf0jqDVsFLmYfArAoz85gWfj-dDXyuFwLyw-bBCG_ZWBF73JICy0bf2xNsPIhDcwdeaZhOY6ddnmcjeFGNCl_u0vYREmcKK\" target=\"_blank\" rel=\"noopener\">PRAINO<\/a>)<\/p>\n<p style=\"text-align: center;\"><iframe loading=\"lazy\" src=\"https:\/\/open.spotify.com\/embed\/album\/0OgaGY44BWsoULg1G0s64A\" width=\"300\" height=\"380\" frameborder=\"0\"><\/iframe><\/p>\n<p><strong>Francesco Praino<\/strong> \u00e8 un cantautore, classe 89, nato in Calabria e trasferitosi a Bologna a 18 anni, dove vive tutt\u2019ora. Dopo anni di esperienze come batterista decide di dedicarsi al suo progetto da solista: nel tempo la passione per la scrittura diventa il suo punto di forza. Praino si \u00e8 fatto strada sulla scena indipendente italiana con il progetto \u201cIl Disco Di Praino\u201d uscito per la REC Dischi Indipendenti l\u20198 giugno scorso: 7 brani e due videoclip che raccontano storie di amori non corrisposti e dei momenti belli ma anche difficili della vita universitaria, soprattutto per gli studenti fuori sede, adottando un modo di comunicare molto personale, particolare, attuale ed empatico. Su Spotify, si registra l\u2019apprezzamento da parte del pubblico superando i 50.000 ascolti, in pochi mesi; un buon risultato considerando che la promozione dell\u2019LP \u00e8 avvenuta soprattutto tramite canali indipendenti e social media. Praino, questa estate, ha presentato con la band \u201cIl Disco di Praino\u201d durante un minitour di quattro date: tre in Calabria e una a Bologna, riscontrando un buon successo anche dal vivo e ricevendo richieste di concerti in giro per L\u2019Italia, da parte dei suoi fans. Per questo motivo a novembre \u00e8 iniziata la collaborazione con la BeAlternative Eventi, di Cosenza, che si \u00e8 appassionata al progetto e ha deciso di curare il management e il booking. In programma ci sono gi\u00e0 delle date live, delle aperture a concerti di musicisti gi\u00e0 affermati e un tour primaverile, che serviranno a far crescere la visibilit\u00e0 dell\u2019artista. Contemporaneamente Praino ha ultimato i lavori ad un nuovo singolo dal titolo \u201cGelo Polare\u201d nel quale racconta la storia di un amore che a poco a poco si consuma e il desiderio di recuperare l\u2019affinit\u00e0 perduta: questo brano anticipa un altro album composto da 7 brani inediti.<\/p>\n<p style=\"text-align: center;\"><strong>TOUR (DATE IN AGGIORNAMENTO)<\/strong><\/p>\n<p style=\"text-align: center;\">10 GENNAIO &#8211; CAFF\u00c9 RETR\u00d3, LAMEZIA TERME<br \/>\n11 GENNAIO &#8211; MOOD SOCIAL CLUB, RENDE (CS) &#8211; w\/ Postino<br \/>\n12 GENNAIO &#8211; TIRABUSCI\u00d3, COSENZA<br \/>\n22 FEBBRAIO &#8211; INK CLUB &#8211; BERGAMO<\/p>\n","protected":false},"excerpt":{"rendered":"<div class=\"mh-excerpt\"><p>ABBRACCIATEVI SEMPRE D&#8217;INVERNO PRAINO un NUOVO SINGOLO che racconta una storia d&#8217;amore che a poco a poco si consuma e il desiderio di recuperare l&#8217;affinit\u00e0 <a class=\"mh-excerpt-more\" href=\"https:\/\/www.piuomenopop.it\/index.php\/2019\/01\/07\/praino-gelo-polare-il-nuovo-singolo-che-racconta-una-storia-damore\/\" title=\"PRAINO:  &#8220;Gelo Polare&#8221;, il nuovo singolo che racconta una storia d&#8217;amore\">[&#8230;]<\/a><\/p>\n<\/div>","protected":false},"author":2,"featured_media":42610,"comment_status":"closed","ping_status":"closed","sticky":false,"template":"","format":"standard","meta":{"sfsi_plus_gutenberg_text_before_share":"","sfsi_plus_gutenberg_show_text_before_share":"","sfsi_plus_gutenberg_icon_type":"","sfsi_plus_gutenberg_icon_alignemt":"","sfsi_plus_gutenburg_max_per_row":"","footnotes":"","_links_to":"","_links_to_target":""},"categories":[5184,3,8],"tags":[],"class_list":["post-42609","post","type-post","status-publish","format-standard","has-post-thumbnail","hentry","category-calendario-concerti","category-news","category-uscite"],"aioseo_notices":[],"_links":{"self":[{"href":"https:\/\/www.piuomenopop.it\/index.php\/wp-json\/wp\/v2\/posts\/42609","targetHints":{"allow":["GET"]}}],"collection":[{"href":"https:\/\/www.piuomenopop.it\/index.php\/wp-json\/wp\/v2\/posts"}],"about":[{"href":"https:\/\/www.piuomenopop.it\/index.php\/wp-json\/wp\/v2\/types\/post"}],"author":[{"embeddable":true,"href":"https:\/\/www.piuomenopop.it\/index.php\/wp-json\/wp\/v2\/users\/2"}],"replies":[{"embeddable":true,"href":"https:\/\/www.piuomenopop.it\/index.php\/wp-json\/wp\/v2\/comments?post=42609"}],"version-history":[{"count":1,"href":"https:\/\/www.piuomenopop.it\/index.php\/wp-json\/wp\/v2\/posts\/42609\/revisions"}],"predecessor-version":[{"id":42611,"href":"https:\/\/www.piuomenopop.it\/index.php\/wp-json\/wp\/v2\/posts\/42609\/revisions\/42611"}],"wp:featuredmedia":[{"embeddable":true,"href":"https:\/\/www.piuomenopop.it\/index.php\/wp-json\/wp\/v2\/media\/42610"}],"wp:attachment":[{"href":"https:\/\/www.piuomenopop.it\/index.php\/wp-json\/wp\/v2\/media?parent=42609"}],"wp:term":[{"taxonomy":"category","embeddable":true,"href":"https:\/\/www.piuomenopop.it\/index.php\/wp-json\/wp\/v2\/categories?post=42609"},{"taxonomy":"post_tag","embeddable":true,"href":"https:\/\/www.piuomenopop.it\/index.php\/wp-json\/wp\/v2\/tags?post=42609"}],"curies":[{"name":"wp","href":"https:\/\/api.w.org\/{rel}","templated":true}]}}