{"id":42717,"date":"2019-01-09T18:17:44","date_gmt":"2019-01-09T17:17:44","guid":{"rendered":"http:\/\/www.piuomenopop.it\/?p=42717"},"modified":"2019-01-09T18:26:51","modified_gmt":"2019-01-09T17:26:51","slug":"dove-bisogna-stare-il-film-documentario-su-di-noi-sulla-nostra-capacita-di-confrontarci-con-il-mondo-e-di-condividerne-il-destino","status":"publish","type":"post","link":"https:\/\/www.piuomenopop.it\/index.php\/2019\/01\/09\/dove-bisogna-stare-il-film-documentario-su-di-noi-sulla-nostra-capacita-di-confrontarci-con-il-mondo-e-di-condividerne-il-destino\/","title":{"rendered":"&#8220;Dove Bisogna Stare&#8221; il film-documentario su di noi, sulla nostra capacit\u00e0 di confrontarci con il mondo e di condividerne il destino"},"content":{"rendered":"<p><span style=\"font-weight: 400;\"><a href=\"https:\/\/www.facebook.com\/dovebisognastare\/?ref=page_internal\" target=\"_blank\" rel=\"noopener\"><em><strong>Dove Bisogna Stare<\/strong><\/em><\/a> il film-documentario diretto da <a href=\"https:\/\/www.facebook.com\/Daniele-Gaglianone-527087567376010\/?ref=page_internal\" target=\"_blank\" rel=\"noopener\">Daniele Gaglianone<\/a>, scritto con <a href=\"https:\/\/www.facebook.com\/stefano.collizzolli?lst=100007011706788%3A1048135389%3A1547053495\" target=\"_blank\" rel=\"noopener\">Stefano Collizzoli<\/a>, prodotto da <a href=\"https:\/\/www.facebook.com\/zaLab\/\" target=\"_blank\" rel=\"noopener\">ZaLab<\/a> in collaborazione con <a href=\"https:\/\/www.facebook.com\/msf.italiano\/\" target=\"_blank\" rel=\"noopener\">Medici Senza Frontiere<\/a> (MSF), dopo essere stato presentato alla 36ma edizione del <a href=\"https:\/\/www.facebook.com\/torinofilmfestival\/?ref=page_internal\" target=\"_blank\" rel=\"noopener\">Torino Film Festival<\/a>, uscir\u00e0 nelle sale cinematografiche il 17 gennaio, con un tour di proiezioni \u201cevento\u201d organizzate in tutto il territorio nazionale.<\/span><\/p>\n<p><span style=\"font-weight: 400;\">La tourn\u00e9e di proiezioni sar\u00e0 accompagnata da presentazioni degli autori e delle protagoniste del film e da discussioni e dibattiti, grazie anche alla partnership con MSF.<\/span><\/p>\n<p><span style=\"font-weight: 400;\"><em><strong>Dove Bisogna Stare<\/strong><\/em>\u00a0segue quattro donne italiane che hanno deciso di impegnarsi spontaneamente e gratuitamente nella cura e nell\u2019accoglienza di persone migranti. Georgia, ventiseienne, faceva la segretaria. Un giorno stava andando a comprarsi le scarpe; ha trovato di fronte alla stazione della sua citt\u00e0, Como, un accampamento improvvisato con un centinaio di migranti: era la frontiera svizzera che si era chiusa. Ha pensato di fermarsi a dare una mano. Poi ha pensato di spendere una settimana delle sue ferie per dare una mano un po\u2019 pi\u00f9 sostanziosa. \u00c8 ancora l\u00ec.<br \/>\nLorena, una psicoterapeuta in pensione a Pordenone. Elena, che lavora a Bussoleno e vive ad Oulx, fra i monti dell\u2019alta Valsusa, e Jessica, studentessa a Cosenza, sono persone molto diverse; sono di et\u00e0 differenti, e vengono da mondi differenti. A tutte per\u00f2 \u00e8 successa la stessa cosa: si sono trovate di fronte, concretamente, a una situazione di marginalit\u00e0 e di esclusione e non si sono voltate dall\u2019altra parte. Sono rimaste l\u00ec, dove sentivano che bisognava stare.<\/span><\/p>\n<p><span style=\"font-weight: 400;\"> Dove Bisogna Stare, non racconta l\u2019immigrazione dal punto di vista di chi sceglie di partire o \u00e8 costretto a farlo: <\/span><\/p>\n<blockquote><p><i><span style=\"font-weight: 400;\">\u201c\u00c8 innanzitutto un film su di noi, sulla nostra capacit\u00e0 di confrontarci con il mondo e di condividerne il destino\u201d <\/span><\/i><\/p><\/blockquote>\n<p><i><span style=\"font-weight: 400;\"><br \/>\n<\/span><\/i><span style=\"font-weight: 400;\">afferma il regista Daniele Gaglianone<\/span><\/p>\n<p>&nbsp;<\/p>\n<p><i><span style=\"font-weight: 400;\">Le prime date del tour:<\/span><\/i><\/p>\n<p>&nbsp;<\/p>\n<p><i><span style=\"font-weight: 400;\">ANTEPRIME<\/span><\/i><\/p>\n<p><i><span style=\"font-weight: 400;\">Torino 15\/01 Cinema Massimo (presenta Daniele Gaglianone)<\/span><\/i><\/p>\n<p><i><span style=\"font-weight: 400;\">Roma 16\/01 \u00a0APOLLO 11 (presenta Daniele Gaglianone)<\/span><\/i><\/p>\n<p>&nbsp;<\/p>\n<p><i><span style=\"font-weight: 400;\">USCITA SALE 17\/01 <\/span><\/i><\/p>\n<p>&nbsp;<\/p>\n<p><i><span style=\"font-weight: 400;\">17\/01 Padova, Cinema Lux (presenta Stefano Collizzolli)<\/span><\/i><\/p>\n<p><i><span style=\"font-weight: 400;\">17\/01 Mantova, Cinema Mignon<\/span><\/i><\/p>\n<p><i><span style=\"font-weight: 400;\">18\/01 Milano, Cinema Beltrade ore 21.30 (presenta Daniele Gaglianone) e replica 1 febbraio ore 14.30<\/span><\/i><\/p>\n<p><i><span style=\"font-weight: 400;\">22\/01 Spoleto, Cinema Sala Pegasus \u00a0(presenta Daniele Gaglianone)<\/span><\/i><\/p>\n<p><i><span style=\"font-weight: 400;\">24\/01 \u00a0Senigallia, Gabbiano Multisala e Fano, Cinema Politeama \u00a0(presenta Daniele Gaglianone)<\/span><\/i><\/p>\n<p><i><span style=\"font-weight: 400;\">25\/01 Rovereto, auditorium del Mart (presenta Daniele Gaglianone)<\/span><\/i><\/p>\n<p><i><span style=\"font-weight: 400;\">01\/02 Como, Cinema Gloria (presenta Georgia, una delle protagoniste)<\/span><\/i><\/p>\n","protected":false},"excerpt":{"rendered":"<div class=\"mh-excerpt\"><p>Dove Bisogna Stare il film-documentario diretto da Daniele Gaglianone, scritto con Stefano Collizzoli, prodotto da ZaLab in collaborazione con Medici Senza Frontiere (MSF), dopo essere <a class=\"mh-excerpt-more\" href=\"https:\/\/www.piuomenopop.it\/index.php\/2019\/01\/09\/dove-bisogna-stare-il-film-documentario-su-di-noi-sulla-nostra-capacita-di-confrontarci-con-il-mondo-e-di-condividerne-il-destino\/\" title=\"&#8220;Dove Bisogna Stare&#8221; il film-documentario su di noi, sulla nostra capacit\u00e0 di confrontarci con il mondo e di condividerne il destino\">[&#8230;]<\/a><\/p>\n<\/div>","protected":false},"author":2,"featured_media":42718,"comment_status":"closed","ping_status":"closed","sticky":false,"template":"","format":"standard","meta":{"sfsi_plus_gutenberg_text_before_share":"","sfsi_plus_gutenberg_show_text_before_share":"","sfsi_plus_gutenberg_icon_type":"","sfsi_plus_gutenberg_icon_alignemt":"","sfsi_plus_gutenburg_max_per_row":"","footnotes":"","_links_to":"","_links_to_target":""},"categories":[7316,598,3],"tags":[8533,8532,8536,8534,8537,8535],"class_list":["post-42717","post","type-post","status-publish","format-standard","has-post-thumbnail","hentry","category-cinema","category-extra-pop","category-news","tag-daniele-gaglianone","tag-dove-bisogna-stare","tag-medici-senza-frontiere","tag-stefano-collizzoli","tag-torino-film-festival","tag-zalab"],"aioseo_notices":[],"_links":{"self":[{"href":"https:\/\/www.piuomenopop.it\/index.php\/wp-json\/wp\/v2\/posts\/42717","targetHints":{"allow":["GET"]}}],"collection":[{"href":"https:\/\/www.piuomenopop.it\/index.php\/wp-json\/wp\/v2\/posts"}],"about":[{"href":"https:\/\/www.piuomenopop.it\/index.php\/wp-json\/wp\/v2\/types\/post"}],"author":[{"embeddable":true,"href":"https:\/\/www.piuomenopop.it\/index.php\/wp-json\/wp\/v2\/users\/2"}],"replies":[{"embeddable":true,"href":"https:\/\/www.piuomenopop.it\/index.php\/wp-json\/wp\/v2\/comments?post=42717"}],"version-history":[{"count":2,"href":"https:\/\/www.piuomenopop.it\/index.php\/wp-json\/wp\/v2\/posts\/42717\/revisions"}],"predecessor-version":[{"id":42720,"href":"https:\/\/www.piuomenopop.it\/index.php\/wp-json\/wp\/v2\/posts\/42717\/revisions\/42720"}],"wp:featuredmedia":[{"embeddable":true,"href":"https:\/\/www.piuomenopop.it\/index.php\/wp-json\/wp\/v2\/media\/42718"}],"wp:attachment":[{"href":"https:\/\/www.piuomenopop.it\/index.php\/wp-json\/wp\/v2\/media?parent=42717"}],"wp:term":[{"taxonomy":"category","embeddable":true,"href":"https:\/\/www.piuomenopop.it\/index.php\/wp-json\/wp\/v2\/categories?post=42717"},{"taxonomy":"post_tag","embeddable":true,"href":"https:\/\/www.piuomenopop.it\/index.php\/wp-json\/wp\/v2\/tags?post=42717"}],"curies":[{"name":"wp","href":"https:\/\/api.w.org\/{rel}","templated":true}]}}