{"id":42977,"date":"2019-01-18T22:42:36","date_gmt":"2019-01-18T21:42:36","guid":{"rendered":"http:\/\/www.piuomenopop.it\/?p=42977"},"modified":"2019-01-18T22:44:27","modified_gmt":"2019-01-18T21:44:27","slug":"il-brancaleone-e-tornato","status":"publish","type":"post","link":"https:\/\/www.piuomenopop.it\/index.php\/2019\/01\/18\/il-brancaleone-e-tornato\/","title":{"rendered":"Il BRANCALEONE \u00e8 tornato!"},"content":{"rendered":"<p align=\"JUSTIFY\"><strong>Marted\u00ec 15 Gennaio il Municipio III, unitamente agli uffici tecnici del patrimonio, hanno dato seguito alla sentenza definitiva con la quale si sanciva l&#8217;illegalit\u00e0 del sequestro avvenuto ai danni del <a href=\"https:\/\/www.facebook.com\/BrancaleoneRoma\/\" target=\"_blank\" rel=\"noopener\">csa Brancaleone<\/a><\/strong>\u00a0ormai pi\u00f9 di due anni fa. Le chiavi sono di nuovo nelle mani dell&#8217;associazione legittima assegnataria dell&#8217;immobile.<\/p>\n<p align=\"JUSTIFY\">Due anni nei quali gli attivisti e le attiviste dello spazio hanno combattuto una battaglia per rivendicare la legittimit\u00e0 del proprio percorso associativo, sociale e culturale lungo oltre vent&#8217;anni.<\/p>\n<p align=\"JUSTIFY\">Due anni di abbandono forzato e di buio, di assenza di iniziative e eventi, senza servizi e spazi per il quartiere. Due anni che hanno ferito il centro sociale deteriorando la struttura e causando danni (fortunatamente non strutturali) alle attrezzature e a parte delle strutture faticosamente costruite. In queste ore, inoltre, ci giunge la notizia dell&#8217;arresto del giudice Nardi che firm\u00f2 l&#8217;ordine di sequestro; il nostro garantismo ci impone di rivendicare sempre la presunta innocenza ma le accuse di associazione a delinquere, corruzione e falso in atti giudiziari alimentano un&#8217;ombra importante sulla genuinit\u00e0 delle sentenze emesse. Anche alla luce, come nel nostro caso, della loro totale inesattezza.<\/p>\n<p align=\"JUSTIFY\">La lunga storia dell\u2019autogestione non merita di essere gestita come un problema di ordine pubblico o come un paragrafo del bilancio economico comunale. E&#8217;\u00a0una storia viva di riscatto sociale, di difesa dei beni comuni e anche di creazione di ricchezza per la collettivit\u00e0.<\/p>\n<p align=\"JUSTIFY\">Gli spazi sociali hanno rappresentato e rappresentano il riscatto di interi quartieri e intere comunit\u00e0.\u00a0Meritano rispetto e ascolto.<\/p>\n<p align=\"JUSTIFY\">Ora si apre una nuova storia con radici profonde che gi\u00e0 nelle prossime ore sar\u00e0 al lavoro per restituire lo spazio al quartiere. Invitiamo tutte e tutti a passare, a venire a vedere cosa \u00e8 successo in due anni di abbandono, a sostenere il percorso di autogestione e recupero che gi\u00e0 \u00e8 in corso. Abbiamo bisogno del protagonismo, delle idee e della voglia di tutte e tutti, perch\u00e9 oggi cominciamo a curare questa ferita ingiusta.<\/p>\n<p align=\"JUSTIFY\">Il Brancaleone \u00e8 tornato a casa.<\/p>\n<p style=\"text-align: center;\" align=\"JUSTIFY\"><a href=\"https:\/\/www.facebook.com\/events\/2126130177411863\/\" target=\"_blank\" rel=\"noopener\"><strong>22 Ottobre &#8211;\u00a0Assemblea Pubblica per la Riapertura del Brancaleone<\/strong><\/a><\/p>\n","protected":false},"excerpt":{"rendered":"<div class=\"mh-excerpt\"><p>Marted\u00ec 15 Gennaio il Municipio III, unitamente agli uffici tecnici del patrimonio, hanno dato seguito alla sentenza definitiva con la quale si sanciva l&#8217;illegalit\u00e0 del <a class=\"mh-excerpt-more\" href=\"https:\/\/www.piuomenopop.it\/index.php\/2019\/01\/18\/il-brancaleone-e-tornato\/\" title=\"Il BRANCALEONE \u00e8 tornato!\">[&#8230;]<\/a><\/p>\n<\/div>","protected":false},"author":2,"featured_media":42978,"comment_status":"closed","ping_status":"closed","sticky":false,"template":"","format":"standard","meta":{"sfsi_plus_gutenberg_text_before_share":"","sfsi_plus_gutenberg_show_text_before_share":"","sfsi_plus_gutenberg_icon_type":"","sfsi_plus_gutenberg_icon_alignemt":"","sfsi_plus_gutenburg_max_per_row":"","footnotes":"","_links_to":"","_links_to_target":""},"categories":[3],"tags":[8619,122],"class_list":["post-42977","post","type-post","status-publish","format-standard","has-post-thumbnail","hentry","category-news","tag-brancaleone","tag-roma"],"aioseo_notices":[],"_links":{"self":[{"href":"https:\/\/www.piuomenopop.it\/index.php\/wp-json\/wp\/v2\/posts\/42977","targetHints":{"allow":["GET"]}}],"collection":[{"href":"https:\/\/www.piuomenopop.it\/index.php\/wp-json\/wp\/v2\/posts"}],"about":[{"href":"https:\/\/www.piuomenopop.it\/index.php\/wp-json\/wp\/v2\/types\/post"}],"author":[{"embeddable":true,"href":"https:\/\/www.piuomenopop.it\/index.php\/wp-json\/wp\/v2\/users\/2"}],"replies":[{"embeddable":true,"href":"https:\/\/www.piuomenopop.it\/index.php\/wp-json\/wp\/v2\/comments?post=42977"}],"version-history":[{"count":3,"href":"https:\/\/www.piuomenopop.it\/index.php\/wp-json\/wp\/v2\/posts\/42977\/revisions"}],"predecessor-version":[{"id":42981,"href":"https:\/\/www.piuomenopop.it\/index.php\/wp-json\/wp\/v2\/posts\/42977\/revisions\/42981"}],"wp:featuredmedia":[{"embeddable":true,"href":"https:\/\/www.piuomenopop.it\/index.php\/wp-json\/wp\/v2\/media\/42978"}],"wp:attachment":[{"href":"https:\/\/www.piuomenopop.it\/index.php\/wp-json\/wp\/v2\/media?parent=42977"}],"wp:term":[{"taxonomy":"category","embeddable":true,"href":"https:\/\/www.piuomenopop.it\/index.php\/wp-json\/wp\/v2\/categories?post=42977"},{"taxonomy":"post_tag","embeddable":true,"href":"https:\/\/www.piuomenopop.it\/index.php\/wp-json\/wp\/v2\/tags?post=42977"}],"curies":[{"name":"wp","href":"https:\/\/api.w.org\/{rel}","templated":true}]}}