{"id":43286,"date":"2019-01-26T17:07:26","date_gmt":"2019-01-26T16:07:26","guid":{"rendered":"http:\/\/www.piuomenopop.it\/?p=43286"},"modified":"2019-01-26T17:07:26","modified_gmt":"2019-01-26T16:07:26","slug":"lincontro-con-marcello-fonte-al-macro-di-roma-tutte-le-foto","status":"publish","type":"post","link":"https:\/\/www.piuomenopop.it\/index.php\/2019\/01\/26\/lincontro-con-marcello-fonte-al-macro-di-roma-tutte-le-foto\/","title":{"rendered":"L&#8217;incontro con Marcello Fonte al MACRO di Roma &#8211; Tutte le foto"},"content":{"rendered":"<p style=\"text-align: center;\"><strong>Incontro con <a href=\"https:\/\/www.facebook.com\/marcello.fonte.5\" target=\"_blank\" rel=\"noopener\">Marcello Fonte<\/a><\/strong><\/p>\n<p><strong>venerd\u00ec 25 gennaio 2019<\/strong><br \/>\n<strong><a href=\"https:\/\/www.facebook.com\/macromuseoroma\/\" target=\"_blank\" rel=\"noopener\">MACRO &#8211; Museo d&#8217;Arte Contemporanea Roma<\/a><\/strong><\/p>\n<p style=\"text-align: left;\">\n<p>L\u2019\u00aberoe maldestro eppure pieno di candore\u00bb, protagonista del film \u201cDogman\u201d di Matteo Garrone, presenta la sua autobiografia \u201cNotti Stellate\u201d (Einaudi editore 2018): dalle baracche della periferia di Reggio Calabria, la vita di un ragazzino \u00abtroppo povero per sognare un riscatto, ma cos\u00ec capace di meraviglia che non pu\u00f2 non cercarlo con tutto s\u00e9 stesso\u00bb.<br \/>\nIntroduce l&#8217;incontro Stefania Ulivi.<\/p>\n<p>Photostory a cura di <a href=\"https:\/\/www.facebook.com\/gloriaimbrognoph\/\" target=\"_blank\" rel=\"noopener\"><strong>Gloria Imbrogno<\/strong><\/a><\/p>\n<style type=\"text\/css\">\n#foogallery-gallery-43267 .fg-image { width: 150px; }\n#foogallery-gallery-43267 { --fg-gutter: 10px; }<\/style>\n\t\t\t<style type=\"text\/css\">\n#foogallery-gallery-43267_1 .fg-image { width: 150px; }\n#foogallery-gallery-43267_1 { --fg-gutter: 10px; }<\/style>\n\t\t\t<div class=\"foogallery foogallery-container foogallery-default foogallery-lightbox-foobox fg-center fg-default fg-ready fg-light fg-border-thin fg-shadow-outline fg-loading-default fg-loaded-fade-in fg-caption-hover fg-hover-fade fg-hover-zoom\" id=\"foogallery-gallery-43267_1\" data-foogallery=\"{&quot;item&quot;:{&quot;showCaptionTitle&quot;:true,&quot;showCaptionDescription&quot;:true},&quot;lazy&quot;:true,&quot;src&quot;:&quot;src&quot;,&quot;srcset&quot;:&quot;srcset&quot;}\" style=\"--fg-title-line-clamp: 0; --fg-description-line-clamp: 0;\" >\n\t<div class=\"fg-item fg-type-image fg-loading\"><figure class=\"fg-item-inner\"><a href=\"https:\/\/www.piuomenopop.it\/wp-content\/uploads\/2019\/01\/Marcello-Fonte_Roma_Macro-Asilo_01.jpg\" data-attachment-id=\"43268\" data-type=\"image\" class=\"fg-thumb\"><span class=\"fg-image-wrap\"><img decoding=\"async\" src=\"https:\/\/www.piuomenopop.it\/wp-content\/uploads\/cache\/2019\/01\/Marcello-Fonte_Roma_Macro-Asilo_01\/1185765341.jpg\" width=\"150\" height=\"150\" class=\"skip-lazy fg-image\" loading=\"eager\"><\/span><span class=\"fg-image-overlay\"><\/span><\/a><\/figure><div class=\"fg-loader\"><\/div><\/div><div class=\"fg-item fg-type-image fg-loading\"><figure class=\"fg-item-inner\"><a href=\"https:\/\/www.piuomenopop.it\/wp-content\/uploads\/2019\/01\/Marcello-Fonte_Roma_Macro-Asilo_02.jpg\" data-attachment-id=\"43269\" data-type=\"image\" class=\"fg-thumb\"><span class=\"fg-image-wrap\"><img decoding=\"async\" src=\"https:\/\/www.piuomenopop.it\/wp-content\/uploads\/cache\/2019\/01\/Marcello-Fonte_Roma_Macro-Asilo_02\/2950022216.jpg\" width=\"150\" height=\"150\" class=\"skip-lazy fg-image\" loading=\"eager\"><\/span><span class=\"fg-image-overlay\"><\/span><\/a><\/figure><div class=\"fg-loader\"><\/div><\/div><div class=\"fg-item fg-type-image fg-loading\"><figure class=\"fg-item-inner\"><a href=\"https:\/\/www.piuomenopop.it\/wp-content\/uploads\/2019\/01\/Marcello-Fonte_Roma_Macro-Asilo_03.jpg\" data-attachment-id=\"43270\" data-type=\"image\" class=\"fg-thumb\"><span class=\"fg-image-wrap\"><img decoding=\"async\" src=\"https:\/\/www.piuomenopop.it\/wp-content\/uploads\/cache\/2019\/01\/Marcello-Fonte_Roma_Macro-Asilo_03\/886561807.jpg\" width=\"150\" height=\"150\" class=\"skip-lazy fg-image\" loading=\"eager\"><\/span><span class=\"fg-image-overlay\"><\/span><\/a><\/figure><div class=\"fg-loader\"><\/div><\/div><div class=\"fg-item fg-type-image fg-loading\"><figure class=\"fg-item-inner\"><a href=\"https:\/\/www.piuomenopop.it\/wp-content\/uploads\/2019\/01\/Marcello-Fonte_Roma_Macro-Asilo_04.jpg\" data-attachment-id=\"43271\" data-type=\"image\" class=\"fg-thumb\"><span class=\"fg-image-wrap\"><img decoding=\"async\" src=\"https:\/\/www.piuomenopop.it\/wp-content\/uploads\/cache\/2019\/01\/Marcello-Fonte_Roma_Macro-Asilo_04\/1508196704.jpg\" width=\"150\" height=\"150\" class=\"skip-lazy fg-image\" loading=\"eager\"><\/span><span class=\"fg-image-overlay\"><\/span><\/a><\/figure><div class=\"fg-loader\"><\/div><\/div><div class=\"fg-item fg-type-image fg-loading\"><figure class=\"fg-item-inner\"><a href=\"https:\/\/www.piuomenopop.it\/wp-content\/uploads\/2019\/01\/Marcello-Fonte_Roma_Macro-Asilo_05.jpg\" data-attachment-id=\"43272\" data-type=\"image\" class=\"fg-thumb\"><span class=\"fg-image-wrap\"><img decoding=\"async\" src=\"https:\/\/www.piuomenopop.it\/wp-content\/uploads\/cache\/2019\/01\/Marcello-Fonte_Roma_Macro-Asilo_05\/1029176676.jpg\" width=\"150\" height=\"150\" class=\"skip-lazy fg-image\" loading=\"eager\"><\/span><span class=\"fg-image-overlay\"><\/span><\/a><\/figure><div class=\"fg-loader\"><\/div><\/div><div class=\"fg-item fg-type-image fg-loading\"><figure class=\"fg-item-inner\"><a href=\"https:\/\/www.piuomenopop.it\/wp-content\/uploads\/2019\/01\/Marcello-Fonte_Roma_Macro-Asilo_06.jpg\" data-attachment-id=\"43273\" data-type=\"image\" class=\"fg-thumb\"><span class=\"fg-image-wrap\"><img decoding=\"async\" src=\"https:\/\/www.piuomenopop.it\/wp-content\/uploads\/cache\/2019\/01\/Marcello-Fonte_Roma_Macro-Asilo_06\/3559878385.jpg\" width=\"150\" height=\"150\" class=\"skip-lazy fg-image\" loading=\"eager\"><\/span><span class=\"fg-image-overlay\"><\/span><\/a><\/figure><div class=\"fg-loader\"><\/div><\/div><div class=\"fg-item fg-type-image fg-loading\"><figure class=\"fg-item-inner\"><a href=\"https:\/\/www.piuomenopop.it\/wp-content\/uploads\/2019\/01\/Marcello-Fonte_Roma_Macro-Asilo_07.jpg\" data-attachment-id=\"43274\" data-type=\"image\" class=\"fg-thumb\"><span class=\"fg-image-wrap\"><img decoding=\"async\" src=\"https:\/\/www.piuomenopop.it\/wp-content\/uploads\/cache\/2019\/01\/Marcello-Fonte_Roma_Macro-Asilo_07\/4096951660.jpg\" width=\"150\" height=\"150\" class=\"skip-lazy fg-image\" loading=\"eager\"><\/span><span class=\"fg-image-overlay\"><\/span><\/a><\/figure><div class=\"fg-loader\"><\/div><\/div><div class=\"fg-item fg-type-image fg-loading\"><figure class=\"fg-item-inner\"><a href=\"https:\/\/www.piuomenopop.it\/wp-content\/uploads\/2019\/01\/Marcello-Fonte_Roma_Macro-Asilo_08.jpg\" data-attachment-id=\"43275\" data-type=\"image\" class=\"fg-thumb\"><span class=\"fg-image-wrap\"><img decoding=\"async\" src=\"https:\/\/www.piuomenopop.it\/wp-content\/uploads\/cache\/2019\/01\/Marcello-Fonte_Roma_Macro-Asilo_08\/1256522678.jpg\" width=\"150\" height=\"150\" class=\"skip-lazy fg-image\" loading=\"eager\"><\/span><span class=\"fg-image-overlay\"><\/span><\/a><\/figure><div class=\"fg-loader\"><\/div><\/div><div class=\"fg-item fg-type-image fg-loading\"><figure class=\"fg-item-inner\"><a href=\"https:\/\/www.piuomenopop.it\/wp-content\/uploads\/2019\/01\/Marcello-Fonte_Roma_Macro-Asilo_09.jpg\" data-attachment-id=\"43276\" data-type=\"image\" class=\"fg-thumb\"><span class=\"fg-image-wrap\"><img decoding=\"async\" src=\"https:\/\/www.piuomenopop.it\/wp-content\/uploads\/cache\/2019\/01\/Marcello-Fonte_Roma_Macro-Asilo_09\/777502642.jpg\" width=\"150\" height=\"150\" class=\"skip-lazy fg-image\" loading=\"eager\"><\/span><span class=\"fg-image-overlay\"><\/span><\/a><\/figure><div class=\"fg-loader\"><\/div><\/div><div class=\"fg-item fg-type-image fg-loading\"><figure class=\"fg-item-inner\"><a href=\"https:\/\/www.piuomenopop.it\/wp-content\/uploads\/2019\/01\/Marcello-Fonte_Roma_Macro-Asilo_10.jpg\" data-attachment-id=\"43277\" data-type=\"image\" class=\"fg-thumb\"><span class=\"fg-image-wrap\"><img decoding=\"async\" src=\"https:\/\/www.piuomenopop.it\/wp-content\/uploads\/cache\/2019\/01\/Marcello-Fonte_Roma_Macro-Asilo_10\/1100227756.jpg\" width=\"150\" height=\"150\" class=\"skip-lazy fg-image\" loading=\"eager\"><\/span><span class=\"fg-image-overlay\"><\/span><\/a><\/figure><div class=\"fg-loader\"><\/div><\/div><div class=\"fg-item fg-type-image fg-loading\"><figure class=\"fg-item-inner\"><a href=\"https:\/\/www.piuomenopop.it\/wp-content\/uploads\/2019\/01\/Marcello-Fonte_Roma_Macro-Asilo_11.jpg\" data-attachment-id=\"43278\" data-type=\"image\" class=\"fg-thumb\"><span class=\"fg-image-wrap\"><img decoding=\"async\" src=\"https:\/\/www.piuomenopop.it\/wp-content\/uploads\/cache\/2019\/01\/Marcello-Fonte_Roma_Macro-Asilo_11\/3906428931.jpg\" width=\"150\" height=\"150\" class=\"skip-lazy fg-image\" loading=\"eager\"><\/span><span class=\"fg-image-overlay\"><\/span><\/a><\/figure><div class=\"fg-loader\"><\/div><\/div><div class=\"fg-item fg-type-image fg-loading\"><figure class=\"fg-item-inner\"><a href=\"https:\/\/www.piuomenopop.it\/wp-content\/uploads\/2019\/01\/Marcello-Fonte_Roma_Macro-Asilo_12.jpg\" data-attachment-id=\"43279\" data-type=\"image\" class=\"fg-thumb\"><span class=\"fg-image-wrap\"><img decoding=\"async\" src=\"https:\/\/www.piuomenopop.it\/wp-content\/uploads\/cache\/2019\/01\/Marcello-Fonte_Roma_Macro-Asilo_12\/28308374.jpg\" width=\"150\" height=\"150\" class=\"skip-lazy fg-image\" loading=\"eager\"><\/span><span class=\"fg-image-overlay\"><\/span><\/a><\/figure><div class=\"fg-loader\"><\/div><\/div><div class=\"fg-item fg-type-image fg-loading\"><figure class=\"fg-item-inner\"><a href=\"https:\/\/www.piuomenopop.it\/wp-content\/uploads\/2019\/01\/Marcello-Fonte_Roma_Macro-Asilo_13.jpg\" data-attachment-id=\"43280\" data-type=\"image\" class=\"fg-thumb\"><span class=\"fg-image-wrap\"><img decoding=\"async\" src=\"https:\/\/www.piuomenopop.it\/wp-content\/uploads\/cache\/2019\/01\/Marcello-Fonte_Roma_Macro-Asilo_13\/1914118450.jpg\" width=\"150\" height=\"150\" class=\"skip-lazy fg-image\" loading=\"eager\"><\/span><span class=\"fg-image-overlay\"><\/span><\/a><\/figure><div class=\"fg-loader\"><\/div><\/div><div class=\"fg-item fg-type-image fg-loading\"><figure class=\"fg-item-inner\"><a href=\"https:\/\/www.piuomenopop.it\/wp-content\/uploads\/2019\/01\/Marcello-Fonte_Roma_Macro-Asilo_14.jpg\" data-attachment-id=\"43281\" data-type=\"image\" class=\"fg-thumb\"><span class=\"fg-image-wrap\"><img decoding=\"async\" src=\"https:\/\/www.piuomenopop.it\/wp-content\/uploads\/cache\/2019\/01\/Marcello-Fonte_Roma_Macro-Asilo_14\/522566749.jpg\" width=\"150\" height=\"150\" class=\"skip-lazy fg-image\" loading=\"eager\"><\/span><span class=\"fg-image-overlay\"><\/span><\/a><\/figure><div class=\"fg-loader\"><\/div><\/div><div class=\"fg-item fg-type-image fg-loading\"><figure class=\"fg-item-inner\"><a href=\"https:\/\/www.piuomenopop.it\/wp-content\/uploads\/2019\/01\/Marcello-Fonte_Roma_Macro-Asilo_15.jpg\" data-attachment-id=\"43282\" data-type=\"image\" class=\"fg-thumb\"><span class=\"fg-image-wrap\"><img decoding=\"async\" src=\"https:\/\/www.piuomenopop.it\/wp-content\/uploads\/cache\/2019\/01\/Marcello-Fonte_Roma_Macro-Asilo_15\/2073493593.jpg\" width=\"150\" height=\"150\" class=\"skip-lazy fg-image\" loading=\"eager\"><\/span><span class=\"fg-image-overlay\"><\/span><\/a><\/figure><div class=\"fg-loader\"><\/div><\/div><div class=\"fg-item fg-type-image fg-loading\"><figure class=\"fg-item-inner\"><a href=\"https:\/\/www.piuomenopop.it\/wp-content\/uploads\/2019\/01\/Marcello-Fonte_Roma_Macro-Asilo_16.jpg\" data-attachment-id=\"43283\" data-type=\"image\" class=\"fg-thumb\"><span class=\"fg-image-wrap\"><img decoding=\"async\" src=\"https:\/\/www.piuomenopop.it\/wp-content\/uploads\/cache\/2019\/01\/Marcello-Fonte_Roma_Macro-Asilo_16\/2465174476.jpg\" width=\"150\" height=\"150\" class=\"skip-lazy fg-image\" loading=\"eager\"><\/span><span class=\"fg-image-overlay\"><\/span><\/a><\/figure><div class=\"fg-loader\"><\/div><\/div><div class=\"fg-item fg-type-image fg-loading\"><figure class=\"fg-item-inner\"><a href=\"https:\/\/www.piuomenopop.it\/wp-content\/uploads\/2019\/01\/Marcello-Fonte_Roma_Macro-Asilo_17.jpg\" data-attachment-id=\"43284\" data-type=\"image\" class=\"fg-thumb\"><span class=\"fg-image-wrap\"><img decoding=\"async\" src=\"https:\/\/www.piuomenopop.it\/wp-content\/uploads\/cache\/2019\/01\/Marcello-Fonte_Roma_Macro-Asilo_17\/3002234961.jpg\" width=\"150\" height=\"150\" class=\"skip-lazy fg-image\" loading=\"eager\"><\/span><span class=\"fg-image-overlay\"><\/span><\/a><\/figure><div class=\"fg-loader\"><\/div><\/div><div class=\"fg-item fg-type-image fg-loading\"><figure class=\"fg-item-inner\"><a href=\"https:\/\/www.piuomenopop.it\/wp-content\/uploads\/2019\/01\/Marcello-Fonte_Roma_Macro-Asilo_18.jpg\" data-attachment-id=\"43285\" data-type=\"image\" class=\"fg-thumb\"><span class=\"fg-image-wrap\"><img decoding=\"async\" src=\"https:\/\/www.piuomenopop.it\/wp-content\/uploads\/cache\/2019\/01\/Marcello-Fonte_Roma_Macro-Asilo_18\/203816587.jpg\" width=\"150\" height=\"150\" class=\"skip-lazy fg-image\" loading=\"eager\"><\/span><span class=\"fg-image-overlay\"><\/span><\/a><\/figure><div class=\"fg-loader\"><\/div><\/div><\/div>\n\n","protected":false},"excerpt":{"rendered":"<div class=\"mh-excerpt\"><p>Incontro con Marcello Fonte venerd\u00ec 25 gennaio 2019 MACRO &#8211; Museo d&#8217;Arte Contemporanea Roma L\u2019\u00aberoe maldestro eppure pieno di candore\u00bb, protagonista del film \u201cDogman\u201d di <a class=\"mh-excerpt-more\" href=\"https:\/\/www.piuomenopop.it\/index.php\/2019\/01\/26\/lincontro-con-marcello-fonte-al-macro-di-roma-tutte-le-foto\/\" title=\"L&#8217;incontro con Marcello Fonte al MACRO di Roma &#8211; Tutte le foto\">[&#8230;]<\/a><\/p>\n<\/div>","protected":false},"author":2,"featured_media":43276,"comment_status":"closed","ping_status":"closed","sticky":false,"template":"","format":"standard","meta":{"sfsi_plus_gutenberg_text_before_share":"","sfsi_plus_gutenberg_show_text_before_share":"","sfsi_plus_gutenberg_icon_type":"","sfsi_plus_gutenberg_icon_alignemt":"","sfsi_plus_gutenburg_max_per_row":"","footnotes":"","_links_to":"","_links_to_target":""},"categories":[7316,598,6],"tags":[8694,3342,8693,8692,8695,122],"class_list":["post-43286","post","type-post","status-publish","format-standard","has-post-thumbnail","hentry","category-cinema","category-extra-pop","category-foto","tag-dogman","tag-gloria-imbrogno","tag-macro-roma","tag-marcello-fonte","tag-notti-stellate","tag-roma"],"aioseo_notices":[],"aioseo_head":"\n\t\t<!-- All in One SEO 5.0.1.1 - aioseo.com -->\n\t<meta name=\"description\" content=\"Incontro con Marcello Fonte venerd\u00ec 25 gennaio 2019 MACRO - Museo d&#039;Arte Contemporanea Roma L\u2019\u00aberoe maldestro eppure pieno di candore\u00bb, protagonista del film \u201cDogman\u201d di Matteo Garrone, presenta la sua autobiografia \u201cNotti Stellate\u201d (Einaudi editore 2018): dalle baracche della periferia di Reggio Calabria, la vita di un ragazzino \u00abtroppo povero per sognare un riscatto, ma\" \/>\n\t<meta name=\"robots\" content=\"max-image-preview:large\" \/>\n\t<meta name=\"author\" content=\"redazione\"\/>\n\t<link rel=\"canonical\" href=\"https:\/\/www.piuomenopop.it\/index.php\/2019\/01\/26\/lincontro-con-marcello-fonte-al-macro-di-roma-tutte-le-foto\/\" \/>\n\t<meta name=\"generator\" content=\"All in One SEO (AIOSEO) 5.0.1.1\" \/>\n\t\t<meta property=\"og:locale\" content=\"it_IT\" \/>\n\t\t<meta property=\"og:site_name\" content=\"Piu o Meno POP - uno spazio di condivisione, che si occupa di passioni\" \/>\n\t\t<meta property=\"og:type\" content=\"article\" \/>\n\t\t<meta property=\"og:title\" content=\"L\u2019incontro con Marcello Fonte al MACRO di Roma \u2013 Tutte le foto - Piu o Meno POP\" \/>\n\t\t<meta property=\"og:description\" content=\"Incontro con Marcello Fonte venerd\u00ec 25 gennaio 2019 MACRO - Museo d&#039;Arte Contemporanea Roma L\u2019\u00aberoe maldestro eppure pieno di candore\u00bb, protagonista del film \u201cDogman\u201d di Matteo Garrone, presenta la sua autobiografia \u201cNotti Stellate\u201d (Einaudi editore 2018): dalle baracche della periferia di Reggio Calabria, la vita di un ragazzino \u00abtroppo povero per sognare un riscatto, ma\" \/>\n\t\t<meta property=\"og:url\" content=\"https:\/\/www.piuomenopop.it\/index.php\/2019\/01\/26\/lincontro-con-marcello-fonte-al-macro-di-roma-tutte-le-foto\/\" \/>\n\t\t<meta property=\"article:published_time\" content=\"2019-01-26T16:07:26+00:00\" \/>\n\t\t<meta property=\"article:modified_time\" content=\"2019-01-26T16:07:26+00:00\" \/>\n\t\t<meta name=\"twitter:card\" content=\"summary\" \/>\n\t\t<meta name=\"twitter:title\" content=\"L\u2019incontro con Marcello Fonte al MACRO di Roma \u2013 Tutte le foto - Piu o Meno POP\" \/>\n\t\t<meta name=\"twitter:description\" content=\"Incontro con Marcello Fonte venerd\u00ec 25 gennaio 2019 MACRO - Museo d&#039;Arte Contemporanea Roma L\u2019\u00aberoe maldestro eppure pieno di candore\u00bb, protagonista del film \u201cDogman\u201d di Matteo Garrone, presenta la sua autobiografia \u201cNotti Stellate\u201d (Einaudi editore 2018): dalle baracche della periferia di Reggio Calabria, la vita di un ragazzino \u00abtroppo povero per sognare un riscatto, ma\" \/>\n\t\t<script type=\"application\/ld+json\" class=\"aioseo-schema\">\n\t\t\t{\"@context\":\"https:\\\/\\\/schema.org\",\"@graph\":[{\"@type\":\"BlogPosting\",\"@id\":\"https:\\\/\\\/www.piuomenopop.it\\\/index.php\\\/2019\\\/01\\\/26\\\/lincontro-con-marcello-fonte-al-macro-di-roma-tutte-le-foto\\\/#blogposting\",\"name\":\"L\\u2019incontro con Marcello Fonte al MACRO di Roma \\u2013 Tutte le foto - Piu o Meno POP\",\"headline\":\"L&#8217;incontro con Marcello Fonte al MACRO di Roma &#8211; Tutte le foto\",\"author\":{\"@id\":\"https:\\\/\\\/www.piuomenopop.it\\\/index.php\\\/author\\\/sonia\\\/#author\"},\"publisher\":{\"@id\":\"https:\\\/\\\/www.piuomenopop.it\\\/#organization\"},\"image\":{\"@type\":\"ImageObject\",\"url\":\"https:\\\/\\\/www.piuomenopop.it\\\/wp-content\\\/uploads\\\/2019\\\/01\\\/Marcello-Fonte_Roma_Macro-Asilo_09.jpg\",\"width\":1200,\"height\":801},\"datePublished\":\"2019-01-26T17:07:26+01:00\",\"dateModified\":\"2019-01-26T17:07:26+01:00\",\"inLanguage\":\"it-IT\",\"mainEntityOfPage\":{\"@id\":\"https:\\\/\\\/www.piuomenopop.it\\\/index.php\\\/2019\\\/01\\\/26\\\/lincontro-con-marcello-fonte-al-macro-di-roma-tutte-le-foto\\\/#webpage\"},\"isPartOf\":{\"@id\":\"https:\\\/\\\/www.piuomenopop.it\\\/index.php\\\/2019\\\/01\\\/26\\\/lincontro-con-marcello-fonte-al-macro-di-roma-tutte-le-foto\\\/#webpage\"},\"articleSection\":\"cinema, Extra POP, Foto storie, Dogman, Gloria Imbrogno, Macro Roma, Marcello Fonte, Notti Stellate, Roma\"},{\"@type\":\"BreadcrumbList\",\"@id\":\"https:\\\/\\\/www.piuomenopop.it\\\/index.php\\\/2019\\\/01\\\/26\\\/lincontro-con-marcello-fonte-al-macro-di-roma-tutte-le-foto\\\/#breadcrumblist\",\"itemListElement\":[{\"@type\":\"ListItem\",\"@id\":\"https:\\\/\\\/www.piuomenopop.it#listItem\",\"position\":1,\"name\":\"Home\",\"item\":\"https:\\\/\\\/www.piuomenopop.it\",\"nextItem\":{\"@type\":\"ListItem\",\"@id\":\"https:\\\/\\\/www.piuomenopop.it\\\/index.php\\\/category\\\/foto\\\/#listItem\",\"name\":\"Foto storie\"}},{\"@type\":\"ListItem\",\"@id\":\"https:\\\/\\\/www.piuomenopop.it\\\/index.php\\\/category\\\/foto\\\/#listItem\",\"position\":2,\"name\":\"Foto storie\",\"item\":\"https:\\\/\\\/www.piuomenopop.it\\\/index.php\\\/category\\\/foto\\\/\",\"nextItem\":{\"@type\":\"ListItem\",\"@id\":\"https:\\\/\\\/www.piuomenopop.it\\\/index.php\\\/2019\\\/01\\\/26\\\/lincontro-con-marcello-fonte-al-macro-di-roma-tutte-le-foto\\\/#listItem\",\"name\":\"L&#8217;incontro con Marcello Fonte al MACRO di Roma &#8211; Tutte le foto\"},\"previousItem\":{\"@type\":\"ListItem\",\"@id\":\"https:\\\/\\\/www.piuomenopop.it#listItem\",\"name\":\"Home\"}},{\"@type\":\"ListItem\",\"@id\":\"https:\\\/\\\/www.piuomenopop.it\\\/index.php\\\/2019\\\/01\\\/26\\\/lincontro-con-marcello-fonte-al-macro-di-roma-tutte-le-foto\\\/#listItem\",\"position\":3,\"name\":\"L&#8217;incontro con Marcello Fonte al MACRO di Roma &#8211; Tutte le foto\",\"previousItem\":{\"@type\":\"ListItem\",\"@id\":\"https:\\\/\\\/www.piuomenopop.it\\\/index.php\\\/category\\\/foto\\\/#listItem\",\"name\":\"Foto storie\"}}]},{\"@type\":\"Organization\",\"@id\":\"https:\\\/\\\/www.piuomenopop.it\\\/#organization\",\"name\":\"Piu o Meno POP\",\"description\":\"uno spazio di condivisione, che si occupa di passioni\",\"url\":\"https:\\\/\\\/www.piuomenopop.it\\\/\"},{\"@type\":\"Person\",\"@id\":\"https:\\\/\\\/www.piuomenopop.it\\\/index.php\\\/author\\\/sonia\\\/#author\",\"url\":\"https:\\\/\\\/www.piuomenopop.it\\\/index.php\\\/author\\\/sonia\\\/\",\"name\":\"redazione\",\"image\":{\"@type\":\"ImageObject\",\"@id\":\"https:\\\/\\\/www.piuomenopop.it\\\/index.php\\\/2019\\\/01\\\/26\\\/lincontro-con-marcello-fonte-al-macro-di-roma-tutte-le-foto\\\/#authorImage\",\"url\":\"https:\\\/\\\/secure.gravatar.com\\\/avatar\\\/5a2feb58192bb409d31bb30564805c9ab4588e2df3a00e7e57648d81c2cc138a?s=96&d=mm&r=g\",\"width\":96,\"height\":96,\"caption\":\"redazione\"}},{\"@type\":\"WebPage\",\"@id\":\"https:\\\/\\\/www.piuomenopop.it\\\/index.php\\\/2019\\\/01\\\/26\\\/lincontro-con-marcello-fonte-al-macro-di-roma-tutte-le-foto\\\/#webpage\",\"url\":\"https:\\\/\\\/www.piuomenopop.it\\\/index.php\\\/2019\\\/01\\\/26\\\/lincontro-con-marcello-fonte-al-macro-di-roma-tutte-le-foto\\\/\",\"name\":\"L\\u2019incontro con Marcello Fonte al MACRO di Roma \\u2013 Tutte le foto - Piu o Meno POP\",\"description\":\"Incontro con Marcello Fonte venerd\\u00ec 25 gennaio 2019 MACRO - Museo d'Arte Contemporanea Roma L\\u2019\\u00aberoe maldestro eppure pieno di candore\\u00bb, protagonista del film \\u201cDogman\\u201d di Matteo Garrone, presenta la sua autobiografia \\u201cNotti Stellate\\u201d (Einaudi editore 2018): dalle baracche della periferia di Reggio Calabria, la vita di un ragazzino \\u00abtroppo povero per sognare un riscatto, ma\",\"inLanguage\":\"it-IT\",\"isPartOf\":{\"@id\":\"https:\\\/\\\/www.piuomenopop.it\\\/#website\"},\"breadcrumb\":{\"@id\":\"https:\\\/\\\/www.piuomenopop.it\\\/index.php\\\/2019\\\/01\\\/26\\\/lincontro-con-marcello-fonte-al-macro-di-roma-tutte-le-foto\\\/#breadcrumblist\"},\"author\":{\"@id\":\"https:\\\/\\\/www.piuomenopop.it\\\/index.php\\\/author\\\/sonia\\\/#author\"},\"creator\":{\"@id\":\"https:\\\/\\\/www.piuomenopop.it\\\/index.php\\\/author\\\/sonia\\\/#author\"},\"image\":{\"@type\":\"ImageObject\",\"url\":\"https:\\\/\\\/www.piuomenopop.it\\\/wp-content\\\/uploads\\\/2019\\\/01\\\/Marcello-Fonte_Roma_Macro-Asilo_09.jpg\",\"@id\":\"https:\\\/\\\/www.piuomenopop.it\\\/index.php\\\/2019\\\/01\\\/26\\\/lincontro-con-marcello-fonte-al-macro-di-roma-tutte-le-foto\\\/#mainImage\",\"width\":1200,\"height\":801},\"primaryImageOfPage\":{\"@id\":\"https:\\\/\\\/www.piuomenopop.it\\\/index.php\\\/2019\\\/01\\\/26\\\/lincontro-con-marcello-fonte-al-macro-di-roma-tutte-le-foto\\\/#mainImage\"},\"datePublished\":\"2019-01-26T17:07:26+01:00\",\"dateModified\":\"2019-01-26T17:07:26+01:00\"},{\"@type\":\"WebSite\",\"@id\":\"https:\\\/\\\/www.piuomenopop.it\\\/#website\",\"url\":\"https:\\\/\\\/www.piuomenopop.it\\\/\",\"name\":\"Piu o Meno POP\",\"description\":\"uno spazio di condivisione, che si occupa di passioni\",\"inLanguage\":\"it-IT\",\"publisher\":{\"@id\":\"https:\\\/\\\/www.piuomenopop.it\\\/#organization\"}}]}\n\t\t<\/script>\n\t\t<!-- All in One SEO -->\n\n","aioseo_head_json":{"title":"L\u2019incontro con Marcello Fonte al MACRO di Roma \u2013 Tutte le foto - Piu o Meno POP","description":"Incontro con Marcello Fonte venerd\u00ec 25 gennaio 2019 MACRO - Museo d'Arte Contemporanea Roma L\u2019\u00aberoe maldestro eppure pieno di candore\u00bb, protagonista del film \u201cDogman\u201d di Matteo Garrone, presenta la sua autobiografia \u201cNotti Stellate\u201d (Einaudi editore 2018): dalle baracche della periferia di Reggio Calabria, la vita di un ragazzino \u00abtroppo povero per sognare un riscatto, ma","canonical_url":"https:\/\/www.piuomenopop.it\/index.php\/2019\/01\/26\/lincontro-con-marcello-fonte-al-macro-di-roma-tutte-le-foto\/","robots":"max-image-preview:large","keywords":"","webmasterTools":{"miscellaneous":""},"schema":{"@context":"https:\/\/schema.org","@graph":[{"@type":"BlogPosting","@id":"https:\/\/www.piuomenopop.it\/index.php\/2019\/01\/26\/lincontro-con-marcello-fonte-al-macro-di-roma-tutte-le-foto\/#blogposting","name":"L\u2019incontro con Marcello Fonte al MACRO di Roma \u2013 Tutte le foto - Piu o Meno POP","headline":"L&#8217;incontro con Marcello Fonte al MACRO di Roma &#8211; Tutte le foto","author":{"@id":"https:\/\/www.piuomenopop.it\/index.php\/author\/sonia\/#author"},"publisher":{"@id":"https:\/\/www.piuomenopop.it\/#organization"},"image":{"@type":"ImageObject","url":"https:\/\/www.piuomenopop.it\/wp-content\/uploads\/2019\/01\/Marcello-Fonte_Roma_Macro-Asilo_09.jpg","width":1200,"height":801},"datePublished":"2019-01-26T17:07:26+01:00","dateModified":"2019-01-26T17:07:26+01:00","inLanguage":"it-IT","mainEntityOfPage":{"@id":"https:\/\/www.piuomenopop.it\/index.php\/2019\/01\/26\/lincontro-con-marcello-fonte-al-macro-di-roma-tutte-le-foto\/#webpage"},"isPartOf":{"@id":"https:\/\/www.piuomenopop.it\/index.php\/2019\/01\/26\/lincontro-con-marcello-fonte-al-macro-di-roma-tutte-le-foto\/#webpage"},"articleSection":"cinema, Extra POP, Foto storie, Dogman, Gloria Imbrogno, Macro Roma, Marcello Fonte, Notti Stellate, Roma"},{"@type":"BreadcrumbList","@id":"https:\/\/www.piuomenopop.it\/index.php\/2019\/01\/26\/lincontro-con-marcello-fonte-al-macro-di-roma-tutte-le-foto\/#breadcrumblist","itemListElement":[{"@type":"ListItem","@id":"https:\/\/www.piuomenopop.it#listItem","position":1,"name":"Home","item":"https:\/\/www.piuomenopop.it","nextItem":{"@type":"ListItem","@id":"https:\/\/www.piuomenopop.it\/index.php\/category\/foto\/#listItem","name":"Foto storie"}},{"@type":"ListItem","@id":"https:\/\/www.piuomenopop.it\/index.php\/category\/foto\/#listItem","position":2,"name":"Foto storie","item":"https:\/\/www.piuomenopop.it\/index.php\/category\/foto\/","nextItem":{"@type":"ListItem","@id":"https:\/\/www.piuomenopop.it\/index.php\/2019\/01\/26\/lincontro-con-marcello-fonte-al-macro-di-roma-tutte-le-foto\/#listItem","name":"L&#8217;incontro con Marcello Fonte al MACRO di Roma &#8211; Tutte le foto"},"previousItem":{"@type":"ListItem","@id":"https:\/\/www.piuomenopop.it#listItem","name":"Home"}},{"@type":"ListItem","@id":"https:\/\/www.piuomenopop.it\/index.php\/2019\/01\/26\/lincontro-con-marcello-fonte-al-macro-di-roma-tutte-le-foto\/#listItem","position":3,"name":"L&#8217;incontro con Marcello Fonte al MACRO di Roma &#8211; Tutte le foto","previousItem":{"@type":"ListItem","@id":"https:\/\/www.piuomenopop.it\/index.php\/category\/foto\/#listItem","name":"Foto storie"}}]},{"@type":"Organization","@id":"https:\/\/www.piuomenopop.it\/#organization","name":"Piu o Meno POP","description":"uno spazio di condivisione, che si occupa di passioni","url":"https:\/\/www.piuomenopop.it\/"},{"@type":"Person","@id":"https:\/\/www.piuomenopop.it\/index.php\/author\/sonia\/#author","url":"https:\/\/www.piuomenopop.it\/index.php\/author\/sonia\/","name":"redazione","image":{"@type":"ImageObject","@id":"https:\/\/www.piuomenopop.it\/index.php\/2019\/01\/26\/lincontro-con-marcello-fonte-al-macro-di-roma-tutte-le-foto\/#authorImage","url":"https:\/\/secure.gravatar.com\/avatar\/5a2feb58192bb409d31bb30564805c9ab4588e2df3a00e7e57648d81c2cc138a?s=96&d=mm&r=g","width":96,"height":96,"caption":"redazione"}},{"@type":"WebPage","@id":"https:\/\/www.piuomenopop.it\/index.php\/2019\/01\/26\/lincontro-con-marcello-fonte-al-macro-di-roma-tutte-le-foto\/#webpage","url":"https:\/\/www.piuomenopop.it\/index.php\/2019\/01\/26\/lincontro-con-marcello-fonte-al-macro-di-roma-tutte-le-foto\/","name":"L\u2019incontro con Marcello Fonte al MACRO di Roma \u2013 Tutte le foto - Piu o Meno POP","description":"Incontro con Marcello Fonte venerd\u00ec 25 gennaio 2019 MACRO - Museo d'Arte Contemporanea Roma L\u2019\u00aberoe maldestro eppure pieno di candore\u00bb, protagonista del film \u201cDogman\u201d di Matteo Garrone, presenta la sua autobiografia \u201cNotti Stellate\u201d (Einaudi editore 2018): dalle baracche della periferia di Reggio Calabria, la vita di un ragazzino \u00abtroppo povero per sognare un riscatto, ma","inLanguage":"it-IT","isPartOf":{"@id":"https:\/\/www.piuomenopop.it\/#website"},"breadcrumb":{"@id":"https:\/\/www.piuomenopop.it\/index.php\/2019\/01\/26\/lincontro-con-marcello-fonte-al-macro-di-roma-tutte-le-foto\/#breadcrumblist"},"author":{"@id":"https:\/\/www.piuomenopop.it\/index.php\/author\/sonia\/#author"},"creator":{"@id":"https:\/\/www.piuomenopop.it\/index.php\/author\/sonia\/#author"},"image":{"@type":"ImageObject","url":"https:\/\/www.piuomenopop.it\/wp-content\/uploads\/2019\/01\/Marcello-Fonte_Roma_Macro-Asilo_09.jpg","@id":"https:\/\/www.piuomenopop.it\/index.php\/2019\/01\/26\/lincontro-con-marcello-fonte-al-macro-di-roma-tutte-le-foto\/#mainImage","width":1200,"height":801},"primaryImageOfPage":{"@id":"https:\/\/www.piuomenopop.it\/index.php\/2019\/01\/26\/lincontro-con-marcello-fonte-al-macro-di-roma-tutte-le-foto\/#mainImage"},"datePublished":"2019-01-26T17:07:26+01:00","dateModified":"2019-01-26T17:07:26+01:00"},{"@type":"WebSite","@id":"https:\/\/www.piuomenopop.it\/#website","url":"https:\/\/www.piuomenopop.it\/","name":"Piu o Meno POP","description":"uno spazio di condivisione, che si occupa di passioni","inLanguage":"it-IT","publisher":{"@id":"https:\/\/www.piuomenopop.it\/#organization"}}]},"og:locale":"it_IT","og:site_name":"Piu o Meno POP - uno spazio di condivisione, che si occupa di passioni","og:type":"article","og:title":"L\u2019incontro con Marcello Fonte al MACRO di Roma \u2013 Tutte le foto - Piu o Meno POP","og:description":"Incontro con Marcello Fonte venerd\u00ec 25 gennaio 2019 MACRO - Museo d'Arte Contemporanea Roma L\u2019\u00aberoe maldestro eppure pieno di candore\u00bb, protagonista del film \u201cDogman\u201d di Matteo Garrone, presenta la sua autobiografia \u201cNotti Stellate\u201d (Einaudi editore 2018): dalle baracche della periferia di Reggio Calabria, la vita di un ragazzino \u00abtroppo povero per sognare un riscatto, ma","og:url":"https:\/\/www.piuomenopop.it\/index.php\/2019\/01\/26\/lincontro-con-marcello-fonte-al-macro-di-roma-tutte-le-foto\/","article:published_time":"2019-01-26T16:07:26+00:00","article:modified_time":"2019-01-26T16:07:26+00:00","twitter:card":"summary","twitter:title":"L\u2019incontro con Marcello Fonte al MACRO di Roma \u2013 Tutte le foto - Piu o Meno POP","twitter:description":"Incontro con Marcello Fonte venerd\u00ec 25 gennaio 2019 MACRO - Museo d'Arte Contemporanea Roma L\u2019\u00aberoe maldestro eppure pieno di candore\u00bb, protagonista del film \u201cDogman\u201d di Matteo Garrone, presenta la sua autobiografia \u201cNotti Stellate\u201d (Einaudi editore 2018): dalle baracche della periferia di Reggio Calabria, la vita di un ragazzino \u00abtroppo povero per sognare un riscatto, ma"},"aioseo_meta_data":{"post_id":"43286","title":null,"description":null,"keywords":null,"keyphrases":null,"primary_term":null,"canonical_url":null,"og_title":null,"og_description":null,"og_object_type":"default","og_image_type":"default","og_image_url":null,"og_image_width":null,"og_image_height":null,"og_image_custom_url":null,"og_image_custom_fields":null,"og_video":null,"og_custom_url":null,"og_article_section":null,"og_article_tags":null,"twitter_use_og":false,"twitter_card":"default","twitter_image_type":"default","twitter_image_url":null,"twitter_image_custom_url":null,"twitter_image_custom_fields":null,"twitter_title":null,"twitter_description":null,"schema":{"blockGraphs":[],"customGraphs":[],"default":{"data":{"Article":[],"Course":[],"Dataset":[],"FAQPage":[],"Movie":[],"Person":[],"Product":[],"ProductReview":[],"Car":[],"Recipe":[],"Service":[],"SoftwareApplication":[],"WebPage":[]},"graphName":"BlogPosting","isEnabled":true},"graphs":[]},"schema_type":"default","schema_type_options":null,"pillar_content":false,"robots_default":true,"robots_noindex":false,"robots_noarchive":false,"robots_nosnippet":false,"robots_nofollow":false,"robots_noimageindex":false,"robots_noodp":false,"robots_notranslate":false,"robots_max_snippet":null,"robots_max_videopreview":null,"robots_max_imagepreview":"large","priority":null,"frequency":null,"local_seo":null,"limit_modified_date":false,"created":"2022-06-22 20:27:09","updated":"2026-06-22 10:51:50","ai":null,"breadcrumb_settings":null,"seo_analyzer_scan_date":null,"focus_keyword":null,"additional_keywords":null,"truseo_locale":null},"aioseo_breadcrumb":"<div class=\"aioseo-breadcrumbs\"><span class=\"aioseo-breadcrumb\">\n\t\t\t<a href=\"https:\/\/www.piuomenopop.it\" title=\"Home\">Home<\/a>\n\t\t<\/span><span class=\"aioseo-breadcrumb-separator\">&raquo;<\/span><span class=\"aioseo-breadcrumb\">\n\t\t\t<a href=\"https:\/\/www.piuomenopop.it\/index.php\/category\/foto\/\" title=\"Foto storie\">Foto storie<\/a>\n\t\t<\/span><span class=\"aioseo-breadcrumb-separator\">&raquo;<\/span><span class=\"aioseo-breadcrumb\">\n\t\t\tL\u2019incontro con Marcello Fonte al MACRO di Roma \u2013 Tutte le foto\n\t\t<\/span><\/div>","aioseo_breadcrumb_json":[{"label":"Home","link":"https:\/\/www.piuomenopop.it"},{"label":"Foto storie","link":"https:\/\/www.piuomenopop.it\/index.php\/category\/foto\/"},{"label":"L&#8217;incontro con Marcello Fonte al MACRO di Roma &#8211; Tutte le foto","link":"https:\/\/www.piuomenopop.it\/index.php\/2019\/01\/26\/lincontro-con-marcello-fonte-al-macro-di-roma-tutte-le-foto\/"}],"_links":{"self":[{"href":"https:\/\/www.piuomenopop.it\/index.php\/wp-json\/wp\/v2\/posts\/43286","targetHints":{"allow":["GET"]}}],"collection":[{"href":"https:\/\/www.piuomenopop.it\/index.php\/wp-json\/wp\/v2\/posts"}],"about":[{"href":"https:\/\/www.piuomenopop.it\/index.php\/wp-json\/wp\/v2\/types\/post"}],"author":[{"embeddable":true,"href":"https:\/\/www.piuomenopop.it\/index.php\/wp-json\/wp\/v2\/users\/2"}],"replies":[{"embeddable":true,"href":"https:\/\/www.piuomenopop.it\/index.php\/wp-json\/wp\/v2\/comments?post=43286"}],"version-history":[{"count":1,"href":"https:\/\/www.piuomenopop.it\/index.php\/wp-json\/wp\/v2\/posts\/43286\/revisions"}],"predecessor-version":[{"id":43288,"href":"https:\/\/www.piuomenopop.it\/index.php\/wp-json\/wp\/v2\/posts\/43286\/revisions\/43288"}],"wp:featuredmedia":[{"embeddable":true,"href":"https:\/\/www.piuomenopop.it\/index.php\/wp-json\/wp\/v2\/media\/43276"}],"wp:attachment":[{"href":"https:\/\/www.piuomenopop.it\/index.php\/wp-json\/wp\/v2\/media?parent=43286"}],"wp:term":[{"taxonomy":"category","embeddable":true,"href":"https:\/\/www.piuomenopop.it\/index.php\/wp-json\/wp\/v2\/categories?post=43286"},{"taxonomy":"post_tag","embeddable":true,"href":"https:\/\/www.piuomenopop.it\/index.php\/wp-json\/wp\/v2\/tags?post=43286"}],"curies":[{"name":"wp","href":"https:\/\/api.w.org\/{rel}","templated":true}]}}