{"id":43905,"date":"2019-02-12T20:18:01","date_gmt":"2019-02-12T19:18:01","guid":{"rendered":"http:\/\/www.piuomenopop.it\/?p=43905"},"modified":"2019-02-12T20:18:01","modified_gmt":"2019-02-12T19:18:01","slug":"semstenn-dal-vivo-il-15-02-a-modena-e-il-16-2-a-milano","status":"publish","type":"post","link":"https:\/\/www.piuomenopop.it\/index.php\/2019\/02\/12\/semstenn-dal-vivo-il-15-02-a-modena-e-il-16-2-a-milano\/","title":{"rendered":"SEM&#038;ST\u00c8NN | dal vivo il 15\/02 a Modena e il 16\/2 a Milano"},"content":{"rendered":"<p class=\"m_2599368607504573414MsoNormalCxSpMiddle\" align=\"center\"><b>SEM&amp;ST\u00c8NN<u><\/u><u><\/u><\/b><b>\u00a0<\/b><\/p>\n<p class=\"m_2599368607504573414MsoNormalCxSpMiddle\" align=\"center\"><b>DAL VIVO VENERD\u00cc 15 FEBBRAIO A MODENA E SABATO 16 A MILANO<u><\/u><u><\/u><\/b><\/p>\n<p class=\"m_2599368607504573414MsoNormalCxSpMiddle\"><b>\u00a0<\/b><\/p>\n<p class=\"m_2599368607504573414MsoNormalCxSpMiddle\"><b>Sem&amp;St\u00e8nn,\u00a0<\/b>la coppia glam pop pi\u00f9 discussa della musica, arriva in concerto venerd\u00ec 15 febbraio a Il Baluardo della Cittadella di Modena e sabato 16 febbraio al Circolo Ohib\u00f2 di Milano (ingresso con tessera ARCI).<u><\/u><u><\/u><\/p>\n<p class=\"m_2599368607504573414MsoNormalCxSpMiddle\"><b>Sem&amp;St\u00e8nn<\/b>\u00a0sono Salvatore Puglisi e Stefano Ramero, due amici che si sono conosciuti online nel 2007 in un blog di musica in cui condividono passioni e desideri. Decidono poi di incontrarsi nel 2011 e l\u2019anno successivo la loro unione si trasforma in una reale collaborazione artistica. Frequentano un corso di produzione di musica elettronica e cominciano a lavorare in diversi club milanesi e dal 2015 iniziano a dedicarsi solo a proprie produzioni, contaminate da sonorit\u00e0 di artisti quali Pet Shop Boys, Beastie Boys, Depeche Mode, Robyn, MGMT, Goldfrapp, Justice, Basement Jaxx e moli altri.<u><\/u><u><\/u><\/p>\n<p class=\"m_2599368607504573414MsoNormalCxSpMiddle\">Nel 2017 partecipano a X Factor Italia, in squadra con Manuel Agnelli\u00a0 e a seguire pubblicano The Fair, l\u2019inedito dalle sonorit\u00e0 electropop\/darkwave presentato alle audition di X Factor.<\/p>\n<p>&nbsp;<\/p>\n<p style=\"font-weight: 400;\"><strong>SEM&amp;ST\u00c8NN<\/strong><\/p>\n<p style=\"font-weight: 400;\"><strong>15 febbraio\u00a0<\/strong>\u2013 Il Baluardo della Cittadella \u2013\u00a0<strong>Modena<\/strong><\/p>\n<p style=\"font-weight: 400;\"><strong>Biglietto:\u00a0<\/strong>\u20ac 8,00 + prev.<\/p>\n<p style=\"font-weight: 400;\">\n<p style=\"font-weight: 400;\"><strong>16 febbraio<\/strong>\u00a0\u2013 Circolo Ohib\u00f2 \u2013\u00a0<strong>Milano<\/strong><\/p>\n<p style=\"font-weight: 400;\">Biglietto: \u20ac 8,00 in cassa la sera del concerto<\/p>\n<p style=\"font-weight: 400;\">Ingresso con tessera ARCI<\/p>\n<figure id=\"attachment_33538\" aria-describedby=\"caption-attachment-33538\" style=\"width: 1024px\" class=\"wp-caption aligncenter\"><img loading=\"lazy\" decoding=\"async\" class=\"wp-image-33538 size-large\" src=\"http:\/\/www.piuomenopop.it\/wp-content\/uploads\/2018\/05\/Sem_Stenn_LatteriaMolloy_Brescia1-1024x684.jpg\" alt=\"\" width=\"1024\" height=\"684\" srcset=\"https:\/\/www.piuomenopop.it\/wp-content\/uploads\/2018\/05\/Sem_Stenn_LatteriaMolloy_Brescia1-1024x684.jpg 1024w, https:\/\/www.piuomenopop.it\/wp-content\/uploads\/2018\/05\/Sem_Stenn_LatteriaMolloy_Brescia1-300x200.jpg 300w, https:\/\/www.piuomenopop.it\/wp-content\/uploads\/2018\/05\/Sem_Stenn_LatteriaMolloy_Brescia1-768x513.jpg 768w, https:\/\/www.piuomenopop.it\/wp-content\/uploads\/2018\/05\/Sem_Stenn_LatteriaMolloy_Brescia1.jpg 1200w\" sizes=\"auto, (max-width: 1024px) 100vw, 1024px\" \/><figcaption id=\"caption-attachment-33538\" class=\"wp-caption-text\">\u00a9 Silvia Rivetti<\/figcaption><\/figure>\n","protected":false},"excerpt":{"rendered":"<div class=\"mh-excerpt\"><p>SEM&amp;ST\u00c8NN\u00a0 DAL VIVO VENERD\u00cc 15 FEBBRAIO A MODENA E SABATO 16 A MILANO \u00a0 Sem&amp;St\u00e8nn,\u00a0la coppia glam pop pi\u00f9 discussa della musica, arriva in concerto <a class=\"mh-excerpt-more\" href=\"https:\/\/www.piuomenopop.it\/index.php\/2019\/02\/12\/semstenn-dal-vivo-il-15-02-a-modena-e-il-16-2-a-milano\/\" title=\"SEM&#038;ST\u00c8NN | dal vivo il 15\/02 a Modena e il 16\/2 a Milano\">[&#8230;]<\/a><\/p>\n<\/div>","protected":false},"author":2,"featured_media":43906,"comment_status":"closed","ping_status":"closed","sticky":false,"template":"","format":"standard","meta":{"sfsi_plus_gutenberg_text_before_share":"","sfsi_plus_gutenberg_show_text_before_share":"","sfsi_plus_gutenberg_icon_type":"","sfsi_plus_gutenberg_icon_alignemt":"","sfsi_plus_gutenburg_max_per_row":"","footnotes":"","_links_to":"","_links_to_target":""},"categories":[5184,3],"tags":[146,5617],"class_list":["post-43905","post","type-post","status-publish","format-standard","has-post-thumbnail","hentry","category-calendario-concerti","category-news","tag-bpm-concerti","tag-semstenn"],"aioseo_notices":[],"_links":{"self":[{"href":"https:\/\/www.piuomenopop.it\/index.php\/wp-json\/wp\/v2\/posts\/43905","targetHints":{"allow":["GET"]}}],"collection":[{"href":"https:\/\/www.piuomenopop.it\/index.php\/wp-json\/wp\/v2\/posts"}],"about":[{"href":"https:\/\/www.piuomenopop.it\/index.php\/wp-json\/wp\/v2\/types\/post"}],"author":[{"embeddable":true,"href":"https:\/\/www.piuomenopop.it\/index.php\/wp-json\/wp\/v2\/users\/2"}],"replies":[{"embeddable":true,"href":"https:\/\/www.piuomenopop.it\/index.php\/wp-json\/wp\/v2\/comments?post=43905"}],"version-history":[{"count":1,"href":"https:\/\/www.piuomenopop.it\/index.php\/wp-json\/wp\/v2\/posts\/43905\/revisions"}],"predecessor-version":[{"id":43907,"href":"https:\/\/www.piuomenopop.it\/index.php\/wp-json\/wp\/v2\/posts\/43905\/revisions\/43907"}],"wp:featuredmedia":[{"embeddable":true,"href":"https:\/\/www.piuomenopop.it\/index.php\/wp-json\/wp\/v2\/media\/43906"}],"wp:attachment":[{"href":"https:\/\/www.piuomenopop.it\/index.php\/wp-json\/wp\/v2\/media?parent=43905"}],"wp:term":[{"taxonomy":"category","embeddable":true,"href":"https:\/\/www.piuomenopop.it\/index.php\/wp-json\/wp\/v2\/categories?post=43905"},{"taxonomy":"post_tag","embeddable":true,"href":"https:\/\/www.piuomenopop.it\/index.php\/wp-json\/wp\/v2\/tags?post=43905"}],"curies":[{"name":"wp","href":"https:\/\/api.w.org\/{rel}","templated":true}]}}