{"id":44652,"date":"2019-02-20T22:29:14","date_gmt":"2019-02-20T21:29:14","guid":{"rendered":"http:\/\/www.piuomenopop.it\/?p=44652"},"modified":"2019-02-20T22:29:14","modified_gmt":"2019-02-20T21:29:14","slug":"carroponte-2019-presentati-oggi-in-conferenza-stampa-i-primi-eventi-confermati-per-la-location-di-sesto-san-giovanni-mi","status":"publish","type":"post","link":"https:\/\/www.piuomenopop.it\/index.php\/2019\/02\/20\/carroponte-2019-presentati-oggi-in-conferenza-stampa-i-primi-eventi-confermati-per-la-location-di-sesto-san-giovanni-mi\/","title":{"rendered":"CARROPONTE 2019 &#8211; presentati oggi in conferenza stampa i primi eventi confermati per la location di Sesto San Giovanni (MI)"},"content":{"rendered":"<p>A cura di <a href=\"https:\/\/www.facebook.com\/profile.php?id=100013386037424\" target=\"_blank\" rel=\"noopener\"><strong>Lucia Filardi<\/strong><\/a><\/p>\n<blockquote><p><em><span style=\"font-weight: 400;\">\u201cSiamo veramente orgogliosi di iniziare questa nuova avventura per rendere il Carroponte un luogo ancora pi\u00f9 attrattivo e famoso\u201d<\/span><\/em><\/p><\/blockquote>\n<p><span style=\"font-weight: 400;\">Annuncia cos\u00ec il sindaco di Sesto San Giovanni, Roberto Di Stefano, la collaborazione con <a href=\"https:\/\/www.facebook.com\/hubmusicfactory\/\" target=\"_blank\" rel=\"noopener\">Hub Music Factory<\/a> per la nuova gestione e direzione artistica del <a href=\"https:\/\/www.facebook.com\/carroponte\/\" target=\"_blank\" rel=\"noopener\"><strong>Carroponte<\/strong><\/a>.<br \/>\nInfatti per un periodo di due anni (dal 1\u00b0 gennaio 2019 al 31 dicembre 2020) sar\u00e0 l\u2019agenzia specializzata nell\u2019organizzazione di concerti ed eventi in tutto il territorio italiano a gestire tutti gli eventi musicali e culturali che si terranno al Carroponte, alle porte di Milano.<br \/>\nIl programma \u00e8 gi\u00e0 molto ampio e vario, sono gi\u00e0 in prevendita infatti i biglietti per i concerti estivi di <strong>SKA-P (27 giugno)<\/strong>, <strong>BASTILLE (3 luglio)<\/strong>,<strong> GEMITAIZ (11 luglio)<\/strong>, <strong>THE WHITE BUFFALO (16 luglio)<\/strong>, <strong>THE DARKNESS (20 luglio)<\/strong> e <strong>SICK OF IT ALL (11 agosto)<\/strong>, artisti internazionali ai quali si aggiungono <strong>FLOGGING MOLLY + DESCENDENTS (25 giugno)<\/strong> e <strong>GRUPO COMPANY SEGUNDO<\/strong> <strong>de<\/strong> <strong>BUENA VISTA SOCIAL CLUB (24 luglio)<\/strong>.<br \/>\nMa Hub Music Factory non si \u00e8 mai concentrata solo sul lato musicale dell\u2019intrattenimento, ha sviluppato anche format legati al food and beverage che sono considerati dei veri e propri appuntamenti culturali.\u00a0Forti di uno staff articolato capace di gestire tutte le fasi dalla creazione all\u2019esecuzione di spettacoli dal vivo, di una direzione artistica aggiornata sulle nuove tendenze e di uno staff<br \/>\ndi produzione capace di organizzare tutto nei minimi dettagli, <strong>Alessandro Fabbro<\/strong> e\u00a0<strong>Tiziana Seregni<\/strong>, amministratori di Hub Music Factory, intendono offrire al pubblico del Carroponte una programmazione di alta qualit\u00e0 e di forte richiamo.<\/span><\/p>\n<p><span style=\"font-weight: 400;\"> L\u2019amministratrice di Hub Music Factory, Tiziana Seregni, afferma infatti: <\/span><\/p>\n<blockquote><p><em><span style=\"font-weight: 400;\">\u201cVorremmo consacrare il Carroponte come una location dove poter vedere ottimi show e vivere un\u2019ampia variet\u00e0 di manifestazioni che coinvolgeranno molti e importanti partner a livello nazionale ed internazionale\u201d. <\/span><\/em><\/p><\/blockquote>\n<p><span style=\"font-weight: 400;\">Con gli eventi si partir\u00e0 gi\u00e0 da marzo con l\u2019<a href=\"http:\/\/www.piuomenopop.it\/index.php\/2019\/02\/03\/st-patricks-irish-fest-milano-la-magia-dellirlanda-al-carroponte\/\" target=\"_blank\" rel=\"noopener\">IRISH FEST<\/a> il 15-16-17, dove si potranno degustare cibi e bevande tipici irlandesi, tutto ci\u00f2 accompagnato da una ricca serie di iniziative. Per tutti gli eventi enogastronomici che precedono e seguono la stagione dei concerti, Hub Music Factory collaborer\u00e0 con un\u2019altra realt\u00e0 che si occupa dell\u2019organizzazione di fiere ed eventi, ovvero Saten. Quindi per gli amanti del buon cibo il 28-29-30-31 marzo appuntamento con il Festival Internazionale della Polpetta, con un contest serale che premier\u00e0 i partecipanti pi\u00f9 affamati. Il 5-6-7 aprile ci sar\u00e0 il festival dedicato allo street food. Subito dopo l\u2019estate ricca di concerti, a settembre per due week-end, in concomitanza con il famosissimo evento di Monaco, appuntamento con l\u2019Oktoberfest tra birre, crauti, bratwurst, schnitzel e molto altro. Dal 19 al 26 settembre il Carroponte sar\u00e0 teatro del terzo campionato mondiale delle forze di polizia, provenienti da tutto il mondo che si sfideranno in svariate discipline sportive. Ultimo evento tra quelli annunciati per ora il Carrowine il 4-5-6 ottobre, che avr\u00e0 l\u2019obiettivo di promuovere il Made in Italy.<\/span><\/p>\n<p><img loading=\"lazy\" decoding=\"async\" class=\"aligncenter wp-image-44654 size-full\" src=\"http:\/\/www.piuomenopop.it\/wp-content\/uploads\/2019\/02\/Invito_conferenza-stampa_Carroponte-Small.jpg\" alt=\"\" width=\"479\" height=\"854\" srcset=\"https:\/\/www.piuomenopop.it\/wp-content\/uploads\/2019\/02\/Invito_conferenza-stampa_Carroponte-Small.jpg 479w, https:\/\/www.piuomenopop.it\/wp-content\/uploads\/2019\/02\/Invito_conferenza-stampa_Carroponte-Small-168x300.jpg 168w\" sizes=\"auto, (max-width: 479px) 100vw, 479px\" \/><\/p>\n","protected":false},"excerpt":{"rendered":"<div class=\"mh-excerpt\"><p>A cura di Lucia Filardi \u201cSiamo veramente orgogliosi di iniziare questa nuova avventura per rendere il Carroponte un luogo ancora pi\u00f9 attrattivo e famoso\u201d Annuncia <a class=\"mh-excerpt-more\" href=\"https:\/\/www.piuomenopop.it\/index.php\/2019\/02\/20\/carroponte-2019-presentati-oggi-in-conferenza-stampa-i-primi-eventi-confermati-per-la-location-di-sesto-san-giovanni-mi\/\" title=\"CARROPONTE 2019 &#8211; presentati oggi in conferenza stampa i primi eventi confermati per la location di Sesto San Giovanni (MI)\">[&#8230;]<\/a><\/p>\n<\/div>","protected":false},"author":2,"featured_media":44653,"comment_status":"closed","ping_status":"closed","sticky":false,"template":"","format":"standard","meta":{"sfsi_plus_gutenberg_text_before_share":"","sfsi_plus_gutenberg_show_text_before_share":"","sfsi_plus_gutenberg_icon_type":"","sfsi_plus_gutenberg_icon_alignemt":"","sfsi_plus_gutenburg_max_per_row":"","footnotes":"","_links_to":"","_links_to_target":""},"categories":[5184,3],"tags":[8981,409,8982],"class_list":["post-44652","post","type-post","status-publish","format-standard","has-post-thumbnail","hentry","category-calendario-concerti","category-news","tag-carroponte-2019","tag-hub-music-factory","tag-lucia-filardi"],"aioseo_notices":[],"_links":{"self":[{"href":"https:\/\/www.piuomenopop.it\/index.php\/wp-json\/wp\/v2\/posts\/44652","targetHints":{"allow":["GET"]}}],"collection":[{"href":"https:\/\/www.piuomenopop.it\/index.php\/wp-json\/wp\/v2\/posts"}],"about":[{"href":"https:\/\/www.piuomenopop.it\/index.php\/wp-json\/wp\/v2\/types\/post"}],"author":[{"embeddable":true,"href":"https:\/\/www.piuomenopop.it\/index.php\/wp-json\/wp\/v2\/users\/2"}],"replies":[{"embeddable":true,"href":"https:\/\/www.piuomenopop.it\/index.php\/wp-json\/wp\/v2\/comments?post=44652"}],"version-history":[{"count":4,"href":"https:\/\/www.piuomenopop.it\/index.php\/wp-json\/wp\/v2\/posts\/44652\/revisions"}],"predecessor-version":[{"id":44658,"href":"https:\/\/www.piuomenopop.it\/index.php\/wp-json\/wp\/v2\/posts\/44652\/revisions\/44658"}],"wp:featuredmedia":[{"embeddable":true,"href":"https:\/\/www.piuomenopop.it\/index.php\/wp-json\/wp\/v2\/media\/44653"}],"wp:attachment":[{"href":"https:\/\/www.piuomenopop.it\/index.php\/wp-json\/wp\/v2\/media?parent=44652"}],"wp:term":[{"taxonomy":"category","embeddable":true,"href":"https:\/\/www.piuomenopop.it\/index.php\/wp-json\/wp\/v2\/categories?post=44652"},{"taxonomy":"post_tag","embeddable":true,"href":"https:\/\/www.piuomenopop.it\/index.php\/wp-json\/wp\/v2\/tags?post=44652"}],"curies":[{"name":"wp","href":"https:\/\/api.w.org\/{rel}","templated":true}]}}