{"id":44945,"date":"2019-03-01T17:08:46","date_gmt":"2019-03-01T16:08:46","guid":{"rendered":"http:\/\/www.piuomenopop.it\/?p=44945"},"modified":"2019-03-01T17:08:46","modified_gmt":"2019-03-01T16:08:46","slug":"woody-allen-the-eddy-davis-new-orleans-jazz-band-30-giugno-2019-a-firenze","status":"publish","type":"post","link":"https:\/\/www.piuomenopop.it\/index.php\/2019\/03\/01\/woody-allen-the-eddy-davis-new-orleans-jazz-band-30-giugno-2019-a-firenze\/","title":{"rendered":"WOODY ALLEN &#038; The Eddy Davis New Orleans Jazz Band &#8211; 30 Giugno 2019 A FIRENZE"},"content":{"rendered":"<div><span style=\"font-family: tahoma, sans-serif;\">A grande richiesta, dopo l\u2019annuncio della data al Teatro degli Arcimboldi di Milano, WOODY ALLEN &amp; The Eddy Davis New Orleans Jazz Band aggiungono una seconda data in Italia: alla Cavea del Teatro del Maggio Musicale Fiorentino di Firenze il 30 giugno prossimo.<\/span><\/div>\n<div><span style=\"font-family: tahoma, sans-serif;\">\u00a0<\/span><\/div>\n<div><span style=\"font-family: tahoma, sans-serif;\">I biglietti della data di Firenze saranno in vendita a partire dalle ore 10.00 del 28 febbraio su\u00a0<a href=\"http:\/\/ticketone.it\/\" target=\"_blank\" rel=\"noopener noreferrer\" data-saferedirecturl=\"https:\/\/www.google.com\/url?q=http:\/\/ticketone.it&amp;source=gmail&amp;ust=1551542795863000&amp;usg=AFQjCNETlq9TpO9q8-gBvPAYam3DWpDJAg\">ticketone.it<\/a><\/span><\/div>\n<div><span style=\"font-family: tahoma, sans-serif;\">\u00a0<\/span><\/div>\n<div>\n<div><span style=\"font-family: tahoma, sans-serif;\">Lo show sar\u00e0 come sempre totalmente improvvisato, non ci sar\u00e0 alcuna scaletta programmata ma la selezione dei pezzi sar\u00e0 tutta incentrata su brani di inizio secolo che prendono ispirazione da Sidney Bechet, George Lewis, Johnny Dodds, Jimmie Noone e Louis Armstrong.<\/span><\/div>\n<div><span style=\"font-family: tahoma, sans-serif;\">\u00a0<\/span><\/div>\n<div><span style=\"font-family: tahoma, sans-serif;\">Il progetto WOODY ALLEN AND THE EDDY DAVIS NEW ORLEANS JAZZ BAND da 36 anni stupisce il pubblico con un mix inedito ispirato alle sonorit\u00e0 di New Orleans. Il primo tour risale al 1996, quando suonarono in Europa per 19 concerti in 21 giorni. Il documentario \u201cWild Man Sings The Blues\u201d, girato da Katherine Bigelow, vincitrice di un Oscar, riprende in maniera precise Woody Allen in tour con la band&#8230;<\/span><\/div>\n<\/div>\n<div><span style=\"font-family: tahoma, sans-serif;\">\u00a0<\/span><\/div>\n<div><span style=\"font-family: tahoma, sans-serif;\">Ecco di seguito il riepilogo delle tappe italiane<\/span><\/div>\n<div><span style=\"font-family: tahoma, sans-serif;\">\u00a0<\/span><\/div>\n<div><b><span style=\"font-family: tahoma, sans-serif;\">WOODY ALLEN &amp; The Eddy Davis New Orleans Jazz Band<\/span><\/b><\/div>\n<div><b><span style=\"font-family: tahoma, sans-serif;\">\u00a0<\/span><\/b><\/div>\n<div><b><span style=\"font-family: tahoma, sans-serif;\">28.06 MILANO, Teatro degli Arcimboldi<\/span><\/b><\/div>\n<div><b><span style=\"font-family: tahoma, sans-serif;\">30.06 FIRENZE,\u00a0Cavea del Teatro del Maggio Musicale Fiorentino\u00a0<span style=\"color: #ff0000;\">(NUOVA DATA!)<\/span><\/span><\/b><\/div>\n<div><span style=\"font-family: tahoma, sans-serif;\">\u00a0<\/span><\/div>\n<div><span style=\"font-family: tahoma, sans-serif;\">Apertura porte: ore 19.30<\/span><\/div>\n<div><span style=\"font-family: tahoma, sans-serif;\">Inizio concerto: ore 21.00<\/span><\/div>\n<div><span style=\"font-family: tahoma, sans-serif;\">\u00a0<\/span><\/div>\n<div><span style=\"font-family: tahoma, sans-serif;\">I biglietti della data di Firenze saranno in vendita a partire dalle ore 10.00 del 28 febbraio su\u00a0<a href=\"http:\/\/ticketone.it\/\" target=\"_blank\" rel=\"noopener noreferrer\" data-saferedirecturl=\"https:\/\/www.google.com\/url?q=http:\/\/ticketone.it&amp;source=gmail&amp;ust=1551542795863000&amp;usg=AFQjCNETlq9TpO9q8-gBvPAYam3DWpDJAg\">ticketone.it<\/a><\/span><\/div>\n<div><span style=\"font-family: tahoma, sans-serif;\">I biglietti di Milano sono in vendita su\u00a0<a href=\"http:\/\/ticketone.it\/\" target=\"_blank\" rel=\"noopener noreferrer\" data-saferedirecturl=\"https:\/\/www.google.com\/url?q=http:\/\/ticketone.it&amp;source=gmail&amp;ust=1551542795863000&amp;usg=AFQjCNETlq9TpO9q8-gBvPAYam3DWpDJAg\">ticketone.it<\/a><\/span><\/div>\n","protected":false},"excerpt":{"rendered":"<div class=\"mh-excerpt\"><p>A grande richiesta, dopo l\u2019annuncio della data al Teatro degli Arcimboldi di Milano, WOODY ALLEN &amp; The Eddy Davis New Orleans Jazz Band aggiungono una <a class=\"mh-excerpt-more\" href=\"https:\/\/www.piuomenopop.it\/index.php\/2019\/03\/01\/woody-allen-the-eddy-davis-new-orleans-jazz-band-30-giugno-2019-a-firenze\/\" title=\"WOODY ALLEN &#038; The Eddy Davis New Orleans Jazz Band &#8211; 30 Giugno 2019 A FIRENZE\">[&#8230;]<\/a><\/p>\n<\/div>","protected":false},"author":2,"featured_media":44946,"comment_status":"closed","ping_status":"closed","sticky":false,"template":"","format":"standard","meta":{"sfsi_plus_gutenberg_text_before_share":"","sfsi_plus_gutenberg_show_text_before_share":"","sfsi_plus_gutenberg_icon_type":"","sfsi_plus_gutenberg_icon_alignemt":"","sfsi_plus_gutenburg_max_per_row":"","footnotes":"","_links_to":"","_links_to_target":""},"categories":[5184,3],"tags":[],"class_list":["post-44945","post","type-post","status-publish","format-standard","has-post-thumbnail","hentry","category-calendario-concerti","category-news"],"aioseo_notices":[],"aioseo_head":"\n\t\t<!-- All in One SEO 5.0.1.1 - aioseo.com -->\n\t<meta name=\"description\" content=\"A grande richiesta, dopo l\u2019annuncio della data al Teatro degli Arcimboldi di Milano, WOODY ALLEN &amp; The Eddy Davis New Orleans Jazz Band aggiungono una seconda data in Italia: alla Cavea del Teatro del Maggio Musicale Fiorentino di Firenze il 30 giugno prossimo. I biglietti della data di Firenze saranno in vendita a partire\" \/>\n\t<meta name=\"robots\" content=\"max-image-preview:large\" \/>\n\t<meta name=\"author\" content=\"redazione\"\/>\n\t<link rel=\"canonical\" href=\"https:\/\/www.piuomenopop.it\/index.php\/2019\/03\/01\/woody-allen-the-eddy-davis-new-orleans-jazz-band-30-giugno-2019-a-firenze\/\" \/>\n\t<meta name=\"generator\" content=\"All in One SEO (AIOSEO) 5.0.1.1\" \/>\n\t\t<meta property=\"og:locale\" content=\"it_IT\" \/>\n\t\t<meta property=\"og:site_name\" content=\"Piu o Meno POP - uno spazio di condivisione, che si occupa di passioni\" \/>\n\t\t<meta property=\"og:type\" content=\"article\" \/>\n\t\t<meta property=\"og:title\" content=\"WOODY ALLEN &amp; The Eddy Davis New Orleans Jazz Band \u2013 30 Giugno 2019 A FIRENZE - Piu o Meno POP\" \/>\n\t\t<meta property=\"og:description\" content=\"A grande richiesta, dopo l\u2019annuncio della data al Teatro degli Arcimboldi di Milano, WOODY ALLEN &amp; The Eddy Davis New Orleans Jazz Band aggiungono una seconda data in Italia: alla Cavea del Teatro del Maggio Musicale Fiorentino di Firenze il 30 giugno prossimo. I biglietti della data di Firenze saranno in vendita a partire\" \/>\n\t\t<meta property=\"og:url\" content=\"https:\/\/www.piuomenopop.it\/index.php\/2019\/03\/01\/woody-allen-the-eddy-davis-new-orleans-jazz-band-30-giugno-2019-a-firenze\/\" \/>\n\t\t<meta property=\"article:published_time\" content=\"2019-03-01T16:08:46+00:00\" \/>\n\t\t<meta property=\"article:modified_time\" content=\"2019-03-01T16:08:46+00:00\" \/>\n\t\t<meta name=\"twitter:card\" content=\"summary\" \/>\n\t\t<meta name=\"twitter:title\" content=\"WOODY ALLEN &amp; The Eddy Davis New Orleans Jazz Band \u2013 30 Giugno 2019 A FIRENZE - Piu o Meno POP\" \/>\n\t\t<meta name=\"twitter:description\" content=\"A grande richiesta, dopo l\u2019annuncio della data al Teatro degli Arcimboldi di Milano, WOODY ALLEN &amp; The Eddy Davis New Orleans Jazz Band aggiungono una seconda data in Italia: alla Cavea del Teatro del Maggio Musicale Fiorentino di Firenze il 30 giugno prossimo. I biglietti della data di Firenze saranno in vendita a partire\" \/>\n\t\t<script type=\"application\/ld+json\" class=\"aioseo-schema\">\n\t\t\t{\"@context\":\"https:\\\/\\\/schema.org\",\"@graph\":[{\"@type\":\"BlogPosting\",\"@id\":\"https:\\\/\\\/www.piuomenopop.it\\\/index.php\\\/2019\\\/03\\\/01\\\/woody-allen-the-eddy-davis-new-orleans-jazz-band-30-giugno-2019-a-firenze\\\/#blogposting\",\"name\":\"WOODY ALLEN & The Eddy Davis New Orleans Jazz Band \\u2013 30 Giugno 2019 A FIRENZE - Piu o Meno POP\",\"headline\":\"WOODY ALLEN &#038; The Eddy Davis New Orleans Jazz Band &#8211; 30 Giugno 2019 A FIRENZE\",\"author\":{\"@id\":\"https:\\\/\\\/www.piuomenopop.it\\\/index.php\\\/author\\\/sonia\\\/#author\"},\"publisher\":{\"@id\":\"https:\\\/\\\/www.piuomenopop.it\\\/#organization\"},\"image\":{\"@type\":\"ImageObject\",\"url\":\"https:\\\/\\\/www.piuomenopop.it\\\/wp-content\\\/uploads\\\/2019\\\/03\\\/WA_sito_manifesto-Small.jpeg\",\"width\":480,\"height\":686},\"datePublished\":\"2019-03-01T17:08:46+01:00\",\"dateModified\":\"2019-03-01T17:08:46+01:00\",\"inLanguage\":\"it-IT\",\"mainEntityOfPage\":{\"@id\":\"https:\\\/\\\/www.piuomenopop.it\\\/index.php\\\/2019\\\/03\\\/01\\\/woody-allen-the-eddy-davis-new-orleans-jazz-band-30-giugno-2019-a-firenze\\\/#webpage\"},\"isPartOf\":{\"@id\":\"https:\\\/\\\/www.piuomenopop.it\\\/index.php\\\/2019\\\/03\\\/01\\\/woody-allen-the-eddy-davis-new-orleans-jazz-band-30-giugno-2019-a-firenze\\\/#webpage\"},\"articleSection\":\"calendario concerti, Notizie\"},{\"@type\":\"BreadcrumbList\",\"@id\":\"https:\\\/\\\/www.piuomenopop.it\\\/index.php\\\/2019\\\/03\\\/01\\\/woody-allen-the-eddy-davis-new-orleans-jazz-band-30-giugno-2019-a-firenze\\\/#breadcrumblist\",\"itemListElement\":[{\"@type\":\"ListItem\",\"@id\":\"https:\\\/\\\/www.piuomenopop.it#listItem\",\"position\":1,\"name\":\"Home\",\"item\":\"https:\\\/\\\/www.piuomenopop.it\",\"nextItem\":{\"@type\":\"ListItem\",\"@id\":\"https:\\\/\\\/www.piuomenopop.it\\\/index.php\\\/category\\\/news\\\/#listItem\",\"name\":\"Notizie\"}},{\"@type\":\"ListItem\",\"@id\":\"https:\\\/\\\/www.piuomenopop.it\\\/index.php\\\/category\\\/news\\\/#listItem\",\"position\":2,\"name\":\"Notizie\",\"item\":\"https:\\\/\\\/www.piuomenopop.it\\\/index.php\\\/category\\\/news\\\/\",\"nextItem\":{\"@type\":\"ListItem\",\"@id\":\"https:\\\/\\\/www.piuomenopop.it\\\/index.php\\\/2019\\\/03\\\/01\\\/woody-allen-the-eddy-davis-new-orleans-jazz-band-30-giugno-2019-a-firenze\\\/#listItem\",\"name\":\"WOODY ALLEN &#038; The Eddy Davis New Orleans Jazz Band &#8211; 30 Giugno 2019 A FIRENZE\"},\"previousItem\":{\"@type\":\"ListItem\",\"@id\":\"https:\\\/\\\/www.piuomenopop.it#listItem\",\"name\":\"Home\"}},{\"@type\":\"ListItem\",\"@id\":\"https:\\\/\\\/www.piuomenopop.it\\\/index.php\\\/2019\\\/03\\\/01\\\/woody-allen-the-eddy-davis-new-orleans-jazz-band-30-giugno-2019-a-firenze\\\/#listItem\",\"position\":3,\"name\":\"WOODY ALLEN &#038; The Eddy Davis New Orleans Jazz Band &#8211; 30 Giugno 2019 A FIRENZE\",\"previousItem\":{\"@type\":\"ListItem\",\"@id\":\"https:\\\/\\\/www.piuomenopop.it\\\/index.php\\\/category\\\/news\\\/#listItem\",\"name\":\"Notizie\"}}]},{\"@type\":\"Organization\",\"@id\":\"https:\\\/\\\/www.piuomenopop.it\\\/#organization\",\"name\":\"Piu o Meno POP\",\"description\":\"uno spazio di condivisione, che si occupa di passioni\",\"url\":\"https:\\\/\\\/www.piuomenopop.it\\\/\"},{\"@type\":\"Person\",\"@id\":\"https:\\\/\\\/www.piuomenopop.it\\\/index.php\\\/author\\\/sonia\\\/#author\",\"url\":\"https:\\\/\\\/www.piuomenopop.it\\\/index.php\\\/author\\\/sonia\\\/\",\"name\":\"redazione\",\"image\":{\"@type\":\"ImageObject\",\"@id\":\"https:\\\/\\\/www.piuomenopop.it\\\/index.php\\\/2019\\\/03\\\/01\\\/woody-allen-the-eddy-davis-new-orleans-jazz-band-30-giugno-2019-a-firenze\\\/#authorImage\",\"url\":\"https:\\\/\\\/secure.gravatar.com\\\/avatar\\\/5a2feb58192bb409d31bb30564805c9ab4588e2df3a00e7e57648d81c2cc138a?s=96&d=mm&r=g\",\"width\":96,\"height\":96,\"caption\":\"redazione\"}},{\"@type\":\"WebPage\",\"@id\":\"https:\\\/\\\/www.piuomenopop.it\\\/index.php\\\/2019\\\/03\\\/01\\\/woody-allen-the-eddy-davis-new-orleans-jazz-band-30-giugno-2019-a-firenze\\\/#webpage\",\"url\":\"https:\\\/\\\/www.piuomenopop.it\\\/index.php\\\/2019\\\/03\\\/01\\\/woody-allen-the-eddy-davis-new-orleans-jazz-band-30-giugno-2019-a-firenze\\\/\",\"name\":\"WOODY ALLEN & The Eddy Davis New Orleans Jazz Band \\u2013 30 Giugno 2019 A FIRENZE - Piu o Meno POP\",\"description\":\"A grande richiesta, dopo l\\u2019annuncio della data al Teatro degli Arcimboldi di Milano, WOODY ALLEN & The Eddy Davis New Orleans Jazz Band aggiungono una seconda data in Italia: alla Cavea del Teatro del Maggio Musicale Fiorentino di Firenze il 30 giugno prossimo. I biglietti della data di Firenze saranno in vendita a partire\",\"inLanguage\":\"it-IT\",\"isPartOf\":{\"@id\":\"https:\\\/\\\/www.piuomenopop.it\\\/#website\"},\"breadcrumb\":{\"@id\":\"https:\\\/\\\/www.piuomenopop.it\\\/index.php\\\/2019\\\/03\\\/01\\\/woody-allen-the-eddy-davis-new-orleans-jazz-band-30-giugno-2019-a-firenze\\\/#breadcrumblist\"},\"author\":{\"@id\":\"https:\\\/\\\/www.piuomenopop.it\\\/index.php\\\/author\\\/sonia\\\/#author\"},\"creator\":{\"@id\":\"https:\\\/\\\/www.piuomenopop.it\\\/index.php\\\/author\\\/sonia\\\/#author\"},\"image\":{\"@type\":\"ImageObject\",\"url\":\"https:\\\/\\\/www.piuomenopop.it\\\/wp-content\\\/uploads\\\/2019\\\/03\\\/WA_sito_manifesto-Small.jpeg\",\"@id\":\"https:\\\/\\\/www.piuomenopop.it\\\/index.php\\\/2019\\\/03\\\/01\\\/woody-allen-the-eddy-davis-new-orleans-jazz-band-30-giugno-2019-a-firenze\\\/#mainImage\",\"width\":480,\"height\":686},\"primaryImageOfPage\":{\"@id\":\"https:\\\/\\\/www.piuomenopop.it\\\/index.php\\\/2019\\\/03\\\/01\\\/woody-allen-the-eddy-davis-new-orleans-jazz-band-30-giugno-2019-a-firenze\\\/#mainImage\"},\"datePublished\":\"2019-03-01T17:08:46+01:00\",\"dateModified\":\"2019-03-01T17:08:46+01:00\"},{\"@type\":\"WebSite\",\"@id\":\"https:\\\/\\\/www.piuomenopop.it\\\/#website\",\"url\":\"https:\\\/\\\/www.piuomenopop.it\\\/\",\"name\":\"Piu o Meno POP\",\"description\":\"uno spazio di condivisione, che si occupa di passioni\",\"inLanguage\":\"it-IT\",\"publisher\":{\"@id\":\"https:\\\/\\\/www.piuomenopop.it\\\/#organization\"}}]}\n\t\t<\/script>\n\t\t<!-- All in One SEO -->\n\n","aioseo_head_json":{"title":"WOODY ALLEN & The Eddy Davis New Orleans Jazz Band \u2013 30 Giugno 2019 A FIRENZE - Piu o Meno POP","description":"A grande richiesta, dopo l\u2019annuncio della data al Teatro degli Arcimboldi di Milano, WOODY ALLEN & The Eddy Davis New Orleans Jazz Band aggiungono una seconda data in Italia: alla Cavea del Teatro del Maggio Musicale Fiorentino di Firenze il 30 giugno prossimo. I biglietti della data di Firenze saranno in vendita a partire","canonical_url":"https:\/\/www.piuomenopop.it\/index.php\/2019\/03\/01\/woody-allen-the-eddy-davis-new-orleans-jazz-band-30-giugno-2019-a-firenze\/","robots":"max-image-preview:large","keywords":"","webmasterTools":{"miscellaneous":""},"schema":{"@context":"https:\/\/schema.org","@graph":[{"@type":"BlogPosting","@id":"https:\/\/www.piuomenopop.it\/index.php\/2019\/03\/01\/woody-allen-the-eddy-davis-new-orleans-jazz-band-30-giugno-2019-a-firenze\/#blogposting","name":"WOODY ALLEN & The Eddy Davis New Orleans Jazz Band \u2013 30 Giugno 2019 A FIRENZE - Piu o Meno POP","headline":"WOODY ALLEN &#038; The Eddy Davis New Orleans Jazz Band &#8211; 30 Giugno 2019 A FIRENZE","author":{"@id":"https:\/\/www.piuomenopop.it\/index.php\/author\/sonia\/#author"},"publisher":{"@id":"https:\/\/www.piuomenopop.it\/#organization"},"image":{"@type":"ImageObject","url":"https:\/\/www.piuomenopop.it\/wp-content\/uploads\/2019\/03\/WA_sito_manifesto-Small.jpeg","width":480,"height":686},"datePublished":"2019-03-01T17:08:46+01:00","dateModified":"2019-03-01T17:08:46+01:00","inLanguage":"it-IT","mainEntityOfPage":{"@id":"https:\/\/www.piuomenopop.it\/index.php\/2019\/03\/01\/woody-allen-the-eddy-davis-new-orleans-jazz-band-30-giugno-2019-a-firenze\/#webpage"},"isPartOf":{"@id":"https:\/\/www.piuomenopop.it\/index.php\/2019\/03\/01\/woody-allen-the-eddy-davis-new-orleans-jazz-band-30-giugno-2019-a-firenze\/#webpage"},"articleSection":"calendario concerti, Notizie"},{"@type":"BreadcrumbList","@id":"https:\/\/www.piuomenopop.it\/index.php\/2019\/03\/01\/woody-allen-the-eddy-davis-new-orleans-jazz-band-30-giugno-2019-a-firenze\/#breadcrumblist","itemListElement":[{"@type":"ListItem","@id":"https:\/\/www.piuomenopop.it#listItem","position":1,"name":"Home","item":"https:\/\/www.piuomenopop.it","nextItem":{"@type":"ListItem","@id":"https:\/\/www.piuomenopop.it\/index.php\/category\/news\/#listItem","name":"Notizie"}},{"@type":"ListItem","@id":"https:\/\/www.piuomenopop.it\/index.php\/category\/news\/#listItem","position":2,"name":"Notizie","item":"https:\/\/www.piuomenopop.it\/index.php\/category\/news\/","nextItem":{"@type":"ListItem","@id":"https:\/\/www.piuomenopop.it\/index.php\/2019\/03\/01\/woody-allen-the-eddy-davis-new-orleans-jazz-band-30-giugno-2019-a-firenze\/#listItem","name":"WOODY ALLEN &#038; The Eddy Davis New Orleans Jazz Band &#8211; 30 Giugno 2019 A FIRENZE"},"previousItem":{"@type":"ListItem","@id":"https:\/\/www.piuomenopop.it#listItem","name":"Home"}},{"@type":"ListItem","@id":"https:\/\/www.piuomenopop.it\/index.php\/2019\/03\/01\/woody-allen-the-eddy-davis-new-orleans-jazz-band-30-giugno-2019-a-firenze\/#listItem","position":3,"name":"WOODY ALLEN &#038; The Eddy Davis New Orleans Jazz Band &#8211; 30 Giugno 2019 A FIRENZE","previousItem":{"@type":"ListItem","@id":"https:\/\/www.piuomenopop.it\/index.php\/category\/news\/#listItem","name":"Notizie"}}]},{"@type":"Organization","@id":"https:\/\/www.piuomenopop.it\/#organization","name":"Piu o Meno POP","description":"uno spazio di condivisione, che si occupa di passioni","url":"https:\/\/www.piuomenopop.it\/"},{"@type":"Person","@id":"https:\/\/www.piuomenopop.it\/index.php\/author\/sonia\/#author","url":"https:\/\/www.piuomenopop.it\/index.php\/author\/sonia\/","name":"redazione","image":{"@type":"ImageObject","@id":"https:\/\/www.piuomenopop.it\/index.php\/2019\/03\/01\/woody-allen-the-eddy-davis-new-orleans-jazz-band-30-giugno-2019-a-firenze\/#authorImage","url":"https:\/\/secure.gravatar.com\/avatar\/5a2feb58192bb409d31bb30564805c9ab4588e2df3a00e7e57648d81c2cc138a?s=96&d=mm&r=g","width":96,"height":96,"caption":"redazione"}},{"@type":"WebPage","@id":"https:\/\/www.piuomenopop.it\/index.php\/2019\/03\/01\/woody-allen-the-eddy-davis-new-orleans-jazz-band-30-giugno-2019-a-firenze\/#webpage","url":"https:\/\/www.piuomenopop.it\/index.php\/2019\/03\/01\/woody-allen-the-eddy-davis-new-orleans-jazz-band-30-giugno-2019-a-firenze\/","name":"WOODY ALLEN & The Eddy Davis New Orleans Jazz Band \u2013 30 Giugno 2019 A FIRENZE - Piu o Meno POP","description":"A grande richiesta, dopo l\u2019annuncio della data al Teatro degli Arcimboldi di Milano, WOODY ALLEN & The Eddy Davis New Orleans Jazz Band aggiungono una seconda data in Italia: alla Cavea del Teatro del Maggio Musicale Fiorentino di Firenze il 30 giugno prossimo. I biglietti della data di Firenze saranno in vendita a partire","inLanguage":"it-IT","isPartOf":{"@id":"https:\/\/www.piuomenopop.it\/#website"},"breadcrumb":{"@id":"https:\/\/www.piuomenopop.it\/index.php\/2019\/03\/01\/woody-allen-the-eddy-davis-new-orleans-jazz-band-30-giugno-2019-a-firenze\/#breadcrumblist"},"author":{"@id":"https:\/\/www.piuomenopop.it\/index.php\/author\/sonia\/#author"},"creator":{"@id":"https:\/\/www.piuomenopop.it\/index.php\/author\/sonia\/#author"},"image":{"@type":"ImageObject","url":"https:\/\/www.piuomenopop.it\/wp-content\/uploads\/2019\/03\/WA_sito_manifesto-Small.jpeg","@id":"https:\/\/www.piuomenopop.it\/index.php\/2019\/03\/01\/woody-allen-the-eddy-davis-new-orleans-jazz-band-30-giugno-2019-a-firenze\/#mainImage","width":480,"height":686},"primaryImageOfPage":{"@id":"https:\/\/www.piuomenopop.it\/index.php\/2019\/03\/01\/woody-allen-the-eddy-davis-new-orleans-jazz-band-30-giugno-2019-a-firenze\/#mainImage"},"datePublished":"2019-03-01T17:08:46+01:00","dateModified":"2019-03-01T17:08:46+01:00"},{"@type":"WebSite","@id":"https:\/\/www.piuomenopop.it\/#website","url":"https:\/\/www.piuomenopop.it\/","name":"Piu o Meno POP","description":"uno spazio di condivisione, che si occupa di passioni","inLanguage":"it-IT","publisher":{"@id":"https:\/\/www.piuomenopop.it\/#organization"}}]},"og:locale":"it_IT","og:site_name":"Piu o Meno POP - uno spazio di condivisione, che si occupa di passioni","og:type":"article","og:title":"WOODY ALLEN &amp; The Eddy Davis New Orleans Jazz Band \u2013 30 Giugno 2019 A FIRENZE - Piu o Meno POP","og:description":"A grande richiesta, dopo l\u2019annuncio della data al Teatro degli Arcimboldi di Milano, WOODY ALLEN &amp; The Eddy Davis New Orleans Jazz Band aggiungono una seconda data in Italia: alla Cavea del Teatro del Maggio Musicale Fiorentino di Firenze il 30 giugno prossimo. I biglietti della data di Firenze saranno in vendita a partire","og:url":"https:\/\/www.piuomenopop.it\/index.php\/2019\/03\/01\/woody-allen-the-eddy-davis-new-orleans-jazz-band-30-giugno-2019-a-firenze\/","article:published_time":"2019-03-01T16:08:46+00:00","article:modified_time":"2019-03-01T16:08:46+00:00","twitter:card":"summary","twitter:title":"WOODY ALLEN &amp; The Eddy Davis New Orleans Jazz Band \u2013 30 Giugno 2019 A FIRENZE - Piu o Meno POP","twitter:description":"A grande richiesta, dopo l\u2019annuncio della data al Teatro degli Arcimboldi di Milano, WOODY ALLEN &amp; The Eddy Davis New Orleans Jazz Band aggiungono una seconda data in Italia: alla Cavea del Teatro del Maggio Musicale Fiorentino di Firenze il 30 giugno prossimo. I biglietti della data di Firenze saranno in vendita a partire"},"aioseo_meta_data":{"post_id":"44945","title":null,"description":null,"keywords":null,"keyphrases":null,"primary_term":null,"canonical_url":null,"og_title":null,"og_description":null,"og_object_type":"default","og_image_type":"default","og_image_url":null,"og_image_width":null,"og_image_height":null,"og_image_custom_url":null,"og_image_custom_fields":null,"og_video":null,"og_custom_url":null,"og_article_section":null,"og_article_tags":null,"twitter_use_og":false,"twitter_card":"default","twitter_image_type":"default","twitter_image_url":null,"twitter_image_custom_url":null,"twitter_image_custom_fields":null,"twitter_title":null,"twitter_description":null,"schema":{"blockGraphs":[],"customGraphs":[],"default":{"data":{"Article":[],"Course":[],"Dataset":[],"FAQPage":[],"Movie":[],"Person":[],"Product":[],"ProductReview":[],"Car":[],"Recipe":[],"Service":[],"SoftwareApplication":[],"WebPage":[]},"graphName":"BlogPosting","isEnabled":true},"graphs":[]},"schema_type":"default","schema_type_options":null,"pillar_content":false,"robots_default":true,"robots_noindex":false,"robots_noarchive":false,"robots_nosnippet":false,"robots_nofollow":false,"robots_noimageindex":false,"robots_noodp":false,"robots_notranslate":false,"robots_max_snippet":null,"robots_max_videopreview":null,"robots_max_imagepreview":"large","priority":null,"frequency":null,"local_seo":null,"limit_modified_date":false,"created":"2022-06-22 20:44:08","updated":"2026-06-22 11:23:44","ai":null,"breadcrumb_settings":null,"seo_analyzer_scan_date":null,"focus_keyword":null,"additional_keywords":null,"truseo_locale":null},"aioseo_breadcrumb":"<div class=\"aioseo-breadcrumbs\"><span class=\"aioseo-breadcrumb\">\n\t\t\t<a href=\"https:\/\/www.piuomenopop.it\" title=\"Home\">Home<\/a>\n\t\t<\/span><span class=\"aioseo-breadcrumb-separator\">&raquo;<\/span><span class=\"aioseo-breadcrumb\">\n\t\t\t<a href=\"https:\/\/www.piuomenopop.it\/index.php\/category\/news\/\" title=\"Notizie\">Notizie<\/a>\n\t\t<\/span><span class=\"aioseo-breadcrumb-separator\">&raquo;<\/span><span class=\"aioseo-breadcrumb\">\n\t\t\tWOODY ALLEN &amp; The Eddy Davis New Orleans Jazz Band \u2013 30 Giugno 2019 A FIRENZE\n\t\t<\/span><\/div>","aioseo_breadcrumb_json":[{"label":"Home","link":"https:\/\/www.piuomenopop.it"},{"label":"Notizie","link":"https:\/\/www.piuomenopop.it\/index.php\/category\/news\/"},{"label":"WOODY ALLEN &#038; The Eddy Davis New Orleans Jazz Band &#8211; 30 Giugno 2019 A FIRENZE","link":"https:\/\/www.piuomenopop.it\/index.php\/2019\/03\/01\/woody-allen-the-eddy-davis-new-orleans-jazz-band-30-giugno-2019-a-firenze\/"}],"_links":{"self":[{"href":"https:\/\/www.piuomenopop.it\/index.php\/wp-json\/wp\/v2\/posts\/44945","targetHints":{"allow":["GET"]}}],"collection":[{"href":"https:\/\/www.piuomenopop.it\/index.php\/wp-json\/wp\/v2\/posts"}],"about":[{"href":"https:\/\/www.piuomenopop.it\/index.php\/wp-json\/wp\/v2\/types\/post"}],"author":[{"embeddable":true,"href":"https:\/\/www.piuomenopop.it\/index.php\/wp-json\/wp\/v2\/users\/2"}],"replies":[{"embeddable":true,"href":"https:\/\/www.piuomenopop.it\/index.php\/wp-json\/wp\/v2\/comments?post=44945"}],"version-history":[{"count":1,"href":"https:\/\/www.piuomenopop.it\/index.php\/wp-json\/wp\/v2\/posts\/44945\/revisions"}],"predecessor-version":[{"id":44947,"href":"https:\/\/www.piuomenopop.it\/index.php\/wp-json\/wp\/v2\/posts\/44945\/revisions\/44947"}],"wp:featuredmedia":[{"embeddable":true,"href":"https:\/\/www.piuomenopop.it\/index.php\/wp-json\/wp\/v2\/media\/44946"}],"wp:attachment":[{"href":"https:\/\/www.piuomenopop.it\/index.php\/wp-json\/wp\/v2\/media?parent=44945"}],"wp:term":[{"taxonomy":"category","embeddable":true,"href":"https:\/\/www.piuomenopop.it\/index.php\/wp-json\/wp\/v2\/categories?post=44945"},{"taxonomy":"post_tag","embeddable":true,"href":"https:\/\/www.piuomenopop.it\/index.php\/wp-json\/wp\/v2\/tags?post=44945"}],"curies":[{"name":"wp","href":"https:\/\/api.w.org\/{rel}","templated":true}]}}