{"id":44948,"date":"2019-03-01T17:20:51","date_gmt":"2019-03-01T16:20:51","guid":{"rendered":"http:\/\/www.piuomenopop.it\/?p=44948"},"modified":"2019-03-01T17:20:51","modified_gmt":"2019-03-01T16:20:51","slug":"frac-festival-2019-annunciate-le-date-e-la-location-della-v-edizione","status":"publish","type":"post","link":"https:\/\/www.piuomenopop.it\/index.php\/2019\/03\/01\/frac-festival-2019-annunciate-le-date-e-la-location-della-v-edizione\/","title":{"rendered":"FRAC FESTIVAL 2019 &#8211; annunciate le date e la location della V edizione"},"content":{"rendered":"<div style=\"text-align: center;\"><span style=\"font-size: 18pt;\"><b>FRAC FESTIVAL 2019<\/b><\/span><\/div>\n<div style=\"text-align: center;\"><span style=\"font-size: 18pt;\"><b>9-10-11 Agosto &#8211; Catanzaro<\/b><\/span><\/div>\n<div style=\"text-align: center;\"><span style=\"font-size: 18pt;\"><b><i>MEMORIE DAL FUTURO<\/i><\/b><\/span><\/div>\n<div><\/div>\n<div style=\"text-align: center;\"><span style=\"font-size: 12pt;\"><b>TICKET: <\/b><b><a href=\"https:\/\/bit.ly\/2H1ghSB\" target=\"_blank\" rel=\"noopener noreferrer\" data-saferedirecturl=\"https:\/\/www.google.com\/url?q=https:\/\/bit.ly\/2H1ghSB&amp;source=gmail&amp;ust=1551543132414000&amp;usg=AFQjCNHtEAJpofW7u9C-DilMuDAyZAOJzA\">https:\/\/bit.ly\/2H1ghSB<\/a><\/b><\/span><\/div>\n<div><\/div>\n<div>\n<div><a href=\"http:\/\/www.fracfestival.com\/frac-2019\/\" target=\"_blank\" rel=\"noopener noreferrer\"><b>FRAC &#8211; Festival di Ricerca per le Arti Contemporanee<\/b><\/a>\u00a0torna per la sua\u00a0<b>V edizione<\/b>, annunciando le date e una nuova location, che accoglier\u00e0 una lineup come sempre ricca e composita, capace di spaziare tra gli ambiti della musica e delle arti visive. Il\u00a0<b>9, 10 e 11 Agosto<\/b>\u00a0lo scenario che ospiter\u00e0 il festival sar\u00e0 il\u00a0<b>Complesso Monumentale del San Giovanni di Catanzaro<\/b>, monumento nazionale che sorge sull\u2019area dell\u2019antico Castello Normanno, nel pieno centro della citt\u00e0.<\/div>\n<div><\/div>\n<div><b><i>MEMORIE DAL FUTURO<\/i><\/b>\u00a0\u00e8 il titolo che accompagna questa edizione 2019 di FRAC, una riflessione sulla trasformazione personale attraverso i nostri percorsi e le nostre esperienze di vita. Sin da bambini il nostro immaginario \u00e8 pervaso da simboli e immagini che con il \u00a0passare degli anni rimangono impresse dentro di noi, espandendosi e contaminandosi fino a codificare una sorta di alfabeto personale, attraverso il quale inconsapevolmente associamo dei concetti ad alcuni oggetti.<b>\u00a0\u00c8 il passato che influenza ogni nostro pensiero ed ogni azione presente e futura<\/b>. E cos\u00ec ritorniamo al passato con consapevolezza, scavando nelle radici della nostra identit\u00e0, senza deturparle, utilizzando questo spleen come anelito verso una conoscenza e una realt\u00e0 altra non ancora realizzata, una nostalgia del futuro che ci accompagna nel nostro itinerario creativo.<\/div>\n<div><\/div>\n<div>L\u2019immagine del festival \u2013 curata dall\u2019artista\u00a0<b>Cecilia Sammarco<\/b>\u00a0\u2013 nasce proprio da una ricerca sul concetto di identit\u00e0. Una raccolta di simboli legati alla cultura calabrese per riscoprire, rielaborare ci\u00f2 che abbiamo ereditato.\u00a0<b>Musica, Arte, Territorio e Simbolo come espressione identitaria<\/b>.<\/div>\n<div><\/div>\n<div><b>Nelle prossime settimane in arrivo i nomi dei primi artisti in lineup<\/b>, che spazieranno tra gli ambiti della musica elettronica pop e d\u2019avanguardia, abbracciando le arti visive, la performing art ed il teatro danza di ricerca.<\/div>\n<\/div>\n<div><\/div>\n<div>\n<figure id=\"attachment_36682\" aria-describedby=\"caption-attachment-36682\" style=\"width: 1200px\" class=\"wp-caption aligncenter\"><img loading=\"lazy\" decoding=\"async\" class=\"wp-image-36682 size-full\" src=\"http:\/\/www.piuomenopop.it\/wp-content\/uploads\/2018\/08\/frac-1.jpg\" alt=\"\" width=\"1200\" height=\"800\" srcset=\"https:\/\/www.piuomenopop.it\/wp-content\/uploads\/2018\/08\/frac-1.jpg 1200w, https:\/\/www.piuomenopop.it\/wp-content\/uploads\/2018\/08\/frac-1-300x200.jpg 300w, https:\/\/www.piuomenopop.it\/wp-content\/uploads\/2018\/08\/frac-1-768x512.jpg 768w, https:\/\/www.piuomenopop.it\/wp-content\/uploads\/2018\/08\/frac-1-1024x683.jpg 1024w\" sizes=\"auto, (max-width: 1200px) 100vw, 1200px\" \/><figcaption id=\"caption-attachment-36682\" class=\"wp-caption-text\">\u00a9 Sonia Golemme<\/figcaption><\/figure>\n<\/div>\n<div><\/div>\n<div><\/div>\n<div>Leggi anche: <a href=\"http:\/\/www.piuomenopop.it\/index.php\/2018\/08\/15\/lunga-vita-al-frac-festival-perche-la-musica-elettronica-e-cultura-tutte-le-foto-della-seconda-serata\/\" target=\"_blank\" rel=\"noopener noreferrer\">Lunga vita al FRAC Festival! Perch\u00e9 la musica elettronica \u00e8 cultura \u2013 Tutte le foto della seconda serata<\/a><\/div>\n","protected":false},"excerpt":{"rendered":"<div class=\"mh-excerpt\"><p>FRAC FESTIVAL 2019 9-10-11 Agosto &#8211; Catanzaro MEMORIE DAL FUTURO TICKET: https:\/\/bit.ly\/2H1ghSB FRAC &#8211; Festival di Ricerca per le Arti Contemporanee\u00a0torna per la sua\u00a0V edizione, <a class=\"mh-excerpt-more\" href=\"https:\/\/www.piuomenopop.it\/index.php\/2019\/03\/01\/frac-festival-2019-annunciate-le-date-e-la-location-della-v-edizione\/\" title=\"FRAC FESTIVAL 2019 &#8211; annunciate le date e la location della V edizione\">[&#8230;]<\/a><\/p>\n<\/div>","protected":false},"author":2,"featured_media":44949,"comment_status":"closed","ping_status":"closed","sticky":false,"template":"","format":"standard","meta":{"sfsi_plus_gutenberg_text_before_share":"","sfsi_plus_gutenberg_show_text_before_share":"","sfsi_plus_gutenberg_icon_type":"","sfsi_plus_gutenberg_icon_alignemt":"","sfsi_plus_gutenburg_max_per_row":"","footnotes":"","_links_to":"","_links_to_target":""},"categories":[5184,3],"tags":[3010,9056,9055],"class_list":["post-44948","post","type-post","status-publish","format-standard","has-post-thumbnail","hentry","category-calendario-concerti","category-news","tag-catanzaro","tag-frac-festival-di-ricerca-per-le-arti-contemporanee","tag-frac-festival-2019"],"aioseo_notices":[],"_links":{"self":[{"href":"https:\/\/www.piuomenopop.it\/index.php\/wp-json\/wp\/v2\/posts\/44948","targetHints":{"allow":["GET"]}}],"collection":[{"href":"https:\/\/www.piuomenopop.it\/index.php\/wp-json\/wp\/v2\/posts"}],"about":[{"href":"https:\/\/www.piuomenopop.it\/index.php\/wp-json\/wp\/v2\/types\/post"}],"author":[{"embeddable":true,"href":"https:\/\/www.piuomenopop.it\/index.php\/wp-json\/wp\/v2\/users\/2"}],"replies":[{"embeddable":true,"href":"https:\/\/www.piuomenopop.it\/index.php\/wp-json\/wp\/v2\/comments?post=44948"}],"version-history":[{"count":1,"href":"https:\/\/www.piuomenopop.it\/index.php\/wp-json\/wp\/v2\/posts\/44948\/revisions"}],"predecessor-version":[{"id":44950,"href":"https:\/\/www.piuomenopop.it\/index.php\/wp-json\/wp\/v2\/posts\/44948\/revisions\/44950"}],"wp:featuredmedia":[{"embeddable":true,"href":"https:\/\/www.piuomenopop.it\/index.php\/wp-json\/wp\/v2\/media\/44949"}],"wp:attachment":[{"href":"https:\/\/www.piuomenopop.it\/index.php\/wp-json\/wp\/v2\/media?parent=44948"}],"wp:term":[{"taxonomy":"category","embeddable":true,"href":"https:\/\/www.piuomenopop.it\/index.php\/wp-json\/wp\/v2\/categories?post=44948"},{"taxonomy":"post_tag","embeddable":true,"href":"https:\/\/www.piuomenopop.it\/index.php\/wp-json\/wp\/v2\/tags?post=44948"}],"curies":[{"name":"wp","href":"https:\/\/api.w.org\/{rel}","templated":true}]}}