{"id":44964,"date":"2019-03-01T22:07:15","date_gmt":"2019-03-01T21:07:15","guid":{"rendered":"http:\/\/www.piuomenopop.it\/?p=44964"},"modified":"2019-03-01T22:07:15","modified_gmt":"2019-03-01T21:07:15","slug":"alosi-il-12-aprile-esce-lesordio-solista-1985","status":"publish","type":"post","link":"https:\/\/www.piuomenopop.it\/index.php\/2019\/03\/01\/alosi-il-12-aprile-esce-lesordio-solista-1985\/","title":{"rendered":"ALOSI: il 12 aprile esce l&#8217;esordio solista &#8220;1985&#8221;"},"content":{"rendered":"<p style=\"text-align: center;\"><strong>ALOSI<\/strong><\/p>\n<p style=\"text-align: center;\"><em><strong>IL 12 APRILE ESCE L\u2019ALBUM D\u2019ESORDIO SOLISTA \u201c1985\u201d<\/strong><\/em><\/p>\n<p><strong>ALOSI<\/strong>\u00a0(al secolo Pietro Alessandro Alosi) annuncia\u00a0<strong>\u201c1985\u201d,<\/strong>\u00a0il nuovo album in uscita il\u00a0<strong>12 aprile<\/strong>\u00a0per\u00a0<em>La Tempesta Dischi \/ Khalisa Dischi.<\/em>\u00a0Per la voce e penna de\u00a0<u>IL PAN DEL DIAVOLO<\/u>\u00a0si tratta dell\u2019esordio da solista, e si candida ad essere uno dei lavori indipendenti pi\u00f9 rilevanti dell\u2019anno.<\/p>\n<div>Prodotto dallo stesso Alosi, \u201c1985\u201d \u00e8 ripreso quasi interamente in presa diretta, scelta che rispecchia la volont\u00e0 di dare maggiore enfasi emotiva alla performance dei musicisti in studio di registrazione.<\/div>\n<blockquote>\n<div>\n<p><em>\u201c1985 \u00e8 un viaggio musicale viscerale e intenso, un portale dimensionale attraverso quello che siamo, quello che saremmo potuti essere e quello che saremo.<\/em><br \/>\n<em>La voce narrante \u00e8 quella di un pioniere che torna da un lungo viaggio con la propria storia da raccontare fatta di fragilit\u00e0, tenacia ed un finale ancora da scrivere. La musica \u00e8 ispirata a sonorit\u00e0 rock, punk e new wave.\u201d<\/em><\/div>\n<div><strong><em>Alosi<\/em><\/strong><\/div>\n<\/blockquote>\n<div><img loading=\"lazy\" decoding=\"async\" class=\"size-medium wp-image-44966 aligncenter\" src=\"http:\/\/www.piuomenopop.it\/wp-content\/uploads\/2019\/03\/alosi1985-Small-300x300.jpg\" alt=\"\" width=\"300\" height=\"300\" srcset=\"https:\/\/www.piuomenopop.it\/wp-content\/uploads\/2019\/03\/alosi1985-Small-300x300.jpg 300w, https:\/\/www.piuomenopop.it\/wp-content\/uploads\/2019\/03\/alosi1985-Small-150x150.jpg 150w, https:\/\/www.piuomenopop.it\/wp-content\/uploads\/2019\/03\/alosi1985-Small.jpg 480w\" sizes=\"auto, (max-width: 300px) 100vw, 300px\" \/><\/div>\n<div><strong>BIO<\/strong><br \/>\nPietro Alessandro Alosi nasce a Palermo. \u00c8 cantautore, musicista e produttore.<\/p>\n<p>Penna visionaria e voce del duo\u00a0<strong>Il Pan del Diavolo,<\/strong>\u00a0coautore e collaboratore di vari artisti della scena rock e indipendente.<\/p>\n<p>Dopo 10 anni di carriera e centinaia di concerti all&#8217;attivo si presenta alla linea di partenza dell&#8217;esordio solista<br \/>\ncon un disco scritto e prodotto da lui stesso, che rimette\u00a0completamente in gioco la propria personalit\u00e0 artistica, lasciando da parte il folk delle origini a favore di un rock rumoroso, viscerale e dai testi profondi.<\/p>\n<p>Con Il Pan del Diavolo esordisce nel 2009 e pubblica quattro album, lavorando con musicisti e produttori di fama nazionale e internazionale come\u00a0<u>JD Foster, Craig Schumacher, Fabrizio Simoncioni, Piero Pel\u00f9, Motta, Vincenzo Vasi, Zen Circus, Tre allegri ragazzi Morti, Fabio Rizzo e molti altri.<\/u><\/p>\n<p>Nel 2015 \u00e8 coautore di \u201cSe continuiamo a correre\u201d, brano contenuto ne &#8220;La fine dei Vent&#8217;anni&#8221;, disco di esordio di Motta che vince il Premio Tenco come\u00a0<em>Migliore opera prima.<\/em><\/p>\n<p>Nello stesso anno cura la produzione artistica dell&#8217;album di Cappadonia &#8220;Orecchie da elefante&#8221;.<br \/>\nI\u00a0<u>Tre allegri ragazzi morti<\/u>\u00a0hanno inserito nel loro repertorio la cover del suo brano &#8220;Vivere fuggendo&#8221;.<\/div>\n","protected":false},"excerpt":{"rendered":"<div class=\"mh-excerpt\"><p>ALOSI IL 12 APRILE ESCE L\u2019ALBUM D\u2019ESORDIO SOLISTA \u201c1985\u201d ALOSI\u00a0(al secolo Pietro Alessandro Alosi) annuncia\u00a0\u201c1985\u201d,\u00a0il nuovo album in uscita il\u00a012 aprile\u00a0per\u00a0La Tempesta Dischi \/ Khalisa <a class=\"mh-excerpt-more\" href=\"https:\/\/www.piuomenopop.it\/index.php\/2019\/03\/01\/alosi-il-12-aprile-esce-lesordio-solista-1985\/\" title=\"ALOSI: il 12 aprile esce l&#8217;esordio solista &#8220;1985&#8221;\">[&#8230;]<\/a><\/p>\n<\/div>","protected":false},"author":2,"featured_media":44965,"comment_status":"closed","ping_status":"closed","sticky":false,"template":"","format":"standard","meta":{"sfsi_plus_gutenberg_text_before_share":"","sfsi_plus_gutenberg_show_text_before_share":"","sfsi_plus_gutenberg_icon_type":"","sfsi_plus_gutenberg_icon_alignemt":"","sfsi_plus_gutenburg_max_per_row":"","footnotes":"","_links_to":"","_links_to_target":""},"categories":[3,8],"tags":[9062,9060,4139,9061],"class_list":["post-44964","post","type-post","status-publish","format-standard","has-post-thumbnail","hentry","category-news","category-uscite","tag-9062","tag-alosi","tag-il-pan-del-diavolo","tag-pietro-alessandro-alosi"],"aioseo_notices":[],"_links":{"self":[{"href":"https:\/\/www.piuomenopop.it\/index.php\/wp-json\/wp\/v2\/posts\/44964","targetHints":{"allow":["GET"]}}],"collection":[{"href":"https:\/\/www.piuomenopop.it\/index.php\/wp-json\/wp\/v2\/posts"}],"about":[{"href":"https:\/\/www.piuomenopop.it\/index.php\/wp-json\/wp\/v2\/types\/post"}],"author":[{"embeddable":true,"href":"https:\/\/www.piuomenopop.it\/index.php\/wp-json\/wp\/v2\/users\/2"}],"replies":[{"embeddable":true,"href":"https:\/\/www.piuomenopop.it\/index.php\/wp-json\/wp\/v2\/comments?post=44964"}],"version-history":[{"count":1,"href":"https:\/\/www.piuomenopop.it\/index.php\/wp-json\/wp\/v2\/posts\/44964\/revisions"}],"predecessor-version":[{"id":44967,"href":"https:\/\/www.piuomenopop.it\/index.php\/wp-json\/wp\/v2\/posts\/44964\/revisions\/44967"}],"wp:featuredmedia":[{"embeddable":true,"href":"https:\/\/www.piuomenopop.it\/index.php\/wp-json\/wp\/v2\/media\/44965"}],"wp:attachment":[{"href":"https:\/\/www.piuomenopop.it\/index.php\/wp-json\/wp\/v2\/media?parent=44964"}],"wp:term":[{"taxonomy":"category","embeddable":true,"href":"https:\/\/www.piuomenopop.it\/index.php\/wp-json\/wp\/v2\/categories?post=44964"},{"taxonomy":"post_tag","embeddable":true,"href":"https:\/\/www.piuomenopop.it\/index.php\/wp-json\/wp\/v2\/tags?post=44964"}],"curies":[{"name":"wp","href":"https:\/\/api.w.org\/{rel}","templated":true}]}}