{"id":45124,"date":"2019-03-07T16:20:03","date_gmt":"2019-03-07T15:20:03","guid":{"rendered":"http:\/\/www.piuomenopop.it\/?p=45124"},"modified":"2019-03-07T20:42:42","modified_gmt":"2019-03-07T19:42:42","slug":"marlene-kuntz-annunciato-il-tour-estivo-30-20-10-mk2","status":"publish","type":"post","link":"https:\/\/www.piuomenopop.it\/index.php\/2019\/03\/07\/marlene-kuntz-annunciato-il-tour-estivo-30-20-10-mk2\/","title":{"rendered":"MARLENE KUNTZ: annunciato il tour  estivo &#8220;30 : 20 : 10 MK2&#8221;"},"content":{"rendered":"<p style=\"text-align: center;\"><strong><span style=\"color: #000000;\">MARLENE KUNTZ<\/span><\/strong><\/p>\n<p style=\"text-align: center;\"><strong><em>NEL 2019 I MARLENE KUNTZ COMPIONO TRENT&#8217;ANNI DI ATTIVIT\u00c0, FESTEGGIANO IL VENTENNALE DEL LORO TERZO DISCO -&#8221; HO UCCISO PARANOIA&#8221; &#8211; E LO FANNO IN DIECI CONCERTI DOPPI<\/em><\/strong><\/p>\n<p><em>Ecco perch\u00e9 30 : 20 : 10 MK al quadrato<\/em><\/p>\n<p>&nbsp;<\/p>\n<p><strong>11.07 PARMA<\/strong>, Parma Music Park<\/p>\n<p><strong>12.07 ROMA<\/strong>, Teatro Romano di Ostia Antica &#8211; Rock in Roma<\/p>\n<p><strong>14.07 FIRENZE<\/strong>, Cavea del Teatro del Maggio Musicale Fiorentino<\/p>\n<p><strong>16.07 NICHELINO (To)<\/strong>, Stupinigi Sonic Park c\/o Palazzina di Caccia<\/p>\n<p><strong>18.07 MILANO<\/strong>, Carroponte<\/p>\n<p><strong>19.07 UDINE<\/strong>, Castello<\/p>\n<p><strong>20.07 VILLAFRANCA (VR)<\/strong>, Castello Scaligero<\/p>\n<p><strong>22.07 BOLOGNA<\/strong>, Botanique<\/p>\n<p><strong>24.07 PESCARA<\/strong>, Teatro Gabriele D\u2019Annunzio<\/p>\n<p><strong>26.07 RAGUSA<\/strong>, Castello di Donnafugata<\/p>\n<p>&nbsp;<\/p>\n<p>\u00ab\u00a0<em>Partiamo dai concerti doppi, da MK al quadrato. Due concerti per ogni serata: un primo tutto acustico e un secondo tutto elettrico.\u00a0<\/em><strong><em>Per un totale di quasi tre ore di spettacolo<\/em><\/strong><em>. Abbiamo deciso di portare avanti l\u2019esperimento fatto lo scorso ottobre a Milano, quando un pubblico attento ed emozionato ci segu\u00ec in queste due nostre dimensioni. Allora fu un esperimento, ora sar\u00e0 una conferma, assecondando il desiderio di portare in giro per l\u2019Italia la doppia anima che \u00e8 insita nel nostro stesso nome.<\/em><\/p>\n<p><em>Laddove il concerto acustico sar\u00e0 un percorso intrigante nell\u2019ambito della nostra intera discografia, pescando fra i pezzi che pi\u00f9 si prestano a una rivisitazione di tale natura, nell\u2019elettrico celebreremo il <\/em><strong><em>ventennale del nostro terzo disco, Ho ucciso paranoia<\/em><\/strong><em>, suonandolo per intero. Le celebrazioni dei dischi del passato stanno acquisendo per noi un fascino del tutto particolare: \u00e8 estremamente piacevole e stimolante re-immergersi nelle atmosfere di composizioni pensate e suonate venti anni prima, scoprendo di essere sempre gli stessi musicisti accesi da passioni elettriche mai sopite e mai dimenticate. Un viaggio a ritroso ricco di emozioni che per qualcuno possono anche trasformarsi in nostalgia, ma una nostalgia densa di vitalit\u00e0 positiva e rigenerante.\u00a0<\/em><\/p>\n<p><strong><em>A seguire&#8230; 30 anni di attivit\u00e0<\/em><\/strong><em>. E\u2019 una cifra ragguardevole: quando da giovani inizi\u00f2 la nostra avventura, pi\u00f9 o meno 30 anni fa per l\u2019appunto, mai avremmo osato sperare di incamminarci in un percorso cos\u00ec lungo e duraturo: quello che volevamo fare era un rock urticante e ben poco adatto a molti palati. Ma sapemmo conquistare una fetta di pubblico pi\u00f9 grossa del prevedibile, e con essa e grazie a essa siamo arrivati fin qua, orgogliosamente convinti delle nostre visioni, pure e poetiche.<\/em><\/p>\n<p><em>Infine:\u00a0<\/em><strong><em>dieci date in dieci luoghi particolarmente suggestivi<\/em><\/strong><em>, scelti apposta per nobilitare l\u2019atmosfera spesso magica e densamente poetica che si verr\u00e0 a creare. Location estremamente affascinanti, come mai finora abbiamo avuto modo di beneficiarne, in grado di fare da ottima cornice.<\/em><\/p>\n<p><em>Sar\u00e0 parte essenziale dello spettacolo un corredo di ingredienti fatto di tante piccole-grandi sorprese, raccontando per immagini e visual a cura di\u00a0<\/em><strong><em>Bruno d\u2019Elia<\/em><\/strong><em>\u00a0la nostra storia, per la soddisfazione della vista e non solo dell\u2019udito; e ci avvarremo per questo scopo di un regista proveniente dal mondo del teatro sperimentale:\u00a0<\/em><strong><em>Fabrizio Arcuri<\/em><\/strong><em>, con cui abbiamo portato in giro per l\u2019Italia il fortunato \u201cIl castello di Vogel\u00f6d\u201d insieme a Claudio Santamaria.\u00a0<\/em><strong><em>Vogliamo che il concerto sia qualcosa di pi\u00f9 di un semplice concerto<\/em><\/strong><em>: vogliamo sia una esperienza unica, e cercheremo di ottenere ci\u00f2 alla nostra maniera, ovvero con un approccio genuinamente artistico e ricco di stimoli.<\/em><\/p>\n<p><em>Con questo tour iniziamo una nuova collaborazione con\u00a0<strong>Vertigo<\/strong>, che ci sta aiutando non poco ad organizzare questi spettacoli. Spettacoli che saranno pi\u00f9 articolati e densi rispetto ai soliti nostri: proveremo a far gioire con noi il nostro pubblico, che speriamo arrivi numeroso per giustificare e legittimare le nostre volont\u00e0 di far qualcosa di bellissimo e ricco di energie profuse.<\/em>\u00bb.<\/p>\n<p><strong>Marlene Kuntz<\/strong><\/p>\n<p><img loading=\"lazy\" decoding=\"async\" class=\"aligncenter wp-image-45125 size-full\" src=\"http:\/\/www.piuomenopop.it\/wp-content\/uploads\/2019\/03\/marlene-Small.jpg\" alt=\"\" width=\"480\" height=\"686\" srcset=\"https:\/\/www.piuomenopop.it\/wp-content\/uploads\/2019\/03\/marlene-Small.jpg 480w, https:\/\/www.piuomenopop.it\/wp-content\/uploads\/2019\/03\/marlene-Small-210x300.jpg 210w\" sizes=\"auto, (max-width: 480px) 100vw, 480px\" \/><\/p>\n<p>&nbsp;<\/p>\n<p><strong>PREVENDITE:<\/strong><\/p>\n<ul>\n<li><strong>Prevendita in anteprima esclusiva\u00a0<\/strong>per gli iscritti alla Mailing List dei MARLENE KUNTZ (<a href=\"https:\/\/facebook.us3.list-manage.com\/track\/click?u=92820de9abd45b4d23c2811e8&amp;id=206d3b6bca&amp;e=f9649f7fa0\" target=\"_blank\" rel=\"noopener noreferrer\" data-saferedirecturl=\"https:\/\/www.google.com\/url?q=https:\/\/facebook.us3.list-manage.com\/track\/click?u%3D92820de9abd45b4d23c2811e8%26id%3D206d3b6bca%26e%3Df9649f7fa0&amp;source=gmail&amp;ust=1552050149489000&amp;usg=AFQjCNGCwP_NJXfZIBnvPInu0EF7mzqreQ\"><strong>Iscriviti QUI<\/strong><\/a>) a partire dalle ore 14 di gioved\u00ec 7 marzo fino alle 13.59 del 8 marzo**N.B.: Il ticket link della prevendita esclusiva verr\u00e0 mandato via mail agli iscritti alle 12 del 7 marzo e verr\u00e0 inserito nella pagina di conferma iscrizione alla mailing list in modo da essere fruibile anche da chi si iscrive nelle 24 ore in cui il link sar\u00e0 attivo.<\/li>\n<li><strong>Prevendita generale su TicketOne<\/strong>\u00a0dalle ore 14:00 di venerd\u00ec 8 marzo:\u00a0<a href=\"https:\/\/facebook.us3.list-manage.com\/track\/click?u=92820de9abd45b4d23c2811e8&amp;id=6aa9731820&amp;e=f9649f7fa0\" target=\"_blank\" rel=\"noopener noreferrer\" data-saferedirecturl=\"https:\/\/www.google.com\/url?q=https:\/\/facebook.us3.list-manage.com\/track\/click?u%3D92820de9abd45b4d23c2811e8%26id%3D6aa9731820%26e%3Df9649f7fa0&amp;source=gmail&amp;ust=1552050149489000&amp;usg=AFQjCNF_magcCIhthh-wK0q0LuQQ2_3VcA\">https:\/\/explo.link\/<wbr \/>MarleneKuntz302010Mk2<\/a><\/li>\n<\/ul>\n<ul>\n<li><strong>Prevendita nei punti vendita<\/strong>\u00a0abituali dalle ore 10 di luned\u00ec11 marzo (punti vendita Ticketone)<\/li>\n<li><\/li>\n<\/ul>\n<p>Leggi tutti i <a href=\"http:\/\/www.piuomenopop.it\/?s=marlene+kuntz\" target=\"_blank\" rel=\"noopener noreferrer\">nostri articoli sui Marlene Kuntz<\/a><\/p>\n","protected":false},"excerpt":{"rendered":"<div class=\"mh-excerpt\"><p>MARLENE KUNTZ NEL 2019 I MARLENE KUNTZ COMPIONO TRENT&#8217;ANNI DI ATTIVIT\u00c0, FESTEGGIANO IL VENTENNALE DEL LORO TERZO DISCO -&#8221; HO UCCISO PARANOIA&#8221; &#8211; E LO <a class=\"mh-excerpt-more\" href=\"https:\/\/www.piuomenopop.it\/index.php\/2019\/03\/07\/marlene-kuntz-annunciato-il-tour-estivo-30-20-10-mk2\/\" title=\"MARLENE KUNTZ: annunciato il tour  estivo &#8220;30 : 20 : 10 MK2&#8221;\">[&#8230;]<\/a><\/p>\n<\/div>","protected":false},"author":2,"featured_media":45126,"comment_status":"closed","ping_status":"closed","sticky":false,"template":"","format":"standard","meta":{"sfsi_plus_gutenberg_text_before_share":"","sfsi_plus_gutenberg_show_text_before_share":"","sfsi_plus_gutenberg_icon_type":"","sfsi_plus_gutenberg_icon_alignemt":"","sfsi_plus_gutenburg_max_per_row":"","footnotes":"","_links_to":"","_links_to_target":""},"categories":[5184,3],"tags":[9093,1206],"class_list":["post-45124","post","type-post","status-publish","format-standard","has-post-thumbnail","hentry","category-calendario-concerti","category-news","tag-30-20-10-mk2","tag-marlene-kuntz"],"aioseo_notices":[],"_links":{"self":[{"href":"https:\/\/www.piuomenopop.it\/index.php\/wp-json\/wp\/v2\/posts\/45124","targetHints":{"allow":["GET"]}}],"collection":[{"href":"https:\/\/www.piuomenopop.it\/index.php\/wp-json\/wp\/v2\/posts"}],"about":[{"href":"https:\/\/www.piuomenopop.it\/index.php\/wp-json\/wp\/v2\/types\/post"}],"author":[{"embeddable":true,"href":"https:\/\/www.piuomenopop.it\/index.php\/wp-json\/wp\/v2\/users\/2"}],"replies":[{"embeddable":true,"href":"https:\/\/www.piuomenopop.it\/index.php\/wp-json\/wp\/v2\/comments?post=45124"}],"version-history":[{"count":2,"href":"https:\/\/www.piuomenopop.it\/index.php\/wp-json\/wp\/v2\/posts\/45124\/revisions"}],"predecessor-version":[{"id":45128,"href":"https:\/\/www.piuomenopop.it\/index.php\/wp-json\/wp\/v2\/posts\/45124\/revisions\/45128"}],"wp:featuredmedia":[{"embeddable":true,"href":"https:\/\/www.piuomenopop.it\/index.php\/wp-json\/wp\/v2\/media\/45126"}],"wp:attachment":[{"href":"https:\/\/www.piuomenopop.it\/index.php\/wp-json\/wp\/v2\/media?parent=45124"}],"wp:term":[{"taxonomy":"category","embeddable":true,"href":"https:\/\/www.piuomenopop.it\/index.php\/wp-json\/wp\/v2\/categories?post=45124"},{"taxonomy":"post_tag","embeddable":true,"href":"https:\/\/www.piuomenopop.it\/index.php\/wp-json\/wp\/v2\/tags?post=45124"}],"curies":[{"name":"wp","href":"https:\/\/api.w.org\/{rel}","templated":true}]}}