{"id":45481,"date":"2019-03-14T21:10:03","date_gmt":"2019-03-14T20:10:03","guid":{"rendered":"http:\/\/www.piuomenopop.it\/?p=45481"},"modified":"2019-03-14T21:14:16","modified_gmt":"2019-03-14T20:14:16","slug":"carl-brave-notti-brave-summer-tour-nuove-date","status":"publish","type":"post","link":"https:\/\/www.piuomenopop.it\/index.php\/2019\/03\/14\/carl-brave-notti-brave-summer-tour-nuove-date\/","title":{"rendered":"Carl Brave \/\/ Notti Brave Summer Tour nuove date"},"content":{"rendered":"<p style=\"font-weight: 400; text-align: center;\"><strong>CARL<\/strong><strong>\u00a0BRAVE<\/strong><\/p>\n<p style=\"font-weight: 400; text-align: center;\"><strong>NOTTI\u00a0BRAVE<\/strong><\/p>\n<p style=\"font-weight: 400; text-align: center;\"><strong><em>Summer Tour<\/em><\/strong><\/p>\n<p style=\"font-weight: 400; text-align: center;\"><strong><em>\u00a0<\/em><\/strong><\/p>\n<p style=\"font-weight: 400; text-align: center;\"><strong><em>DA ROCK IN ROMA A COLLISIONI, DALL\u2019 INDIEGENO ALLO SHERWOOD<\/em><\/strong><\/p>\n<p style=\"font-weight: 400; text-align: center;\"><strong><em>CARL BRAVE APPRODA CON IL &#8220;NOTTI BRAVE SUMMER TOUR&#8221; NEI PIU&#8217; GRANDI FESTIVAL ESTIVI D&#8217;ITALIA<\/em><\/strong><\/p>\n<p style=\"font-weight: 400;\"><strong>8 giugno &#8211; Barzio (LC) &#8211; Nameless<\/strong><\/p>\n<p style=\"font-weight: 400;\"><strong>21 giugno- Padova &#8211; Sherwood Festival<\/strong><\/p>\n<p style=\"font-weight: 400;\"><strong>22 giugno- Ancona &#8211; Spilla Festival<\/strong><\/p>\n<p style=\"font-weight: 400;\"><strong>28 giugno- Cervia (RA) &#8211; Piazza Garibaldi<\/strong><\/p>\n<p style=\"font-weight: 400;\"><strong>5 luglio- Barolo (CN) &#8211; Collisioni Festival<\/strong><\/p>\n<p style=\"font-weight: 400;\"><strong>9 gluglio- Arezzo &#8211; Men\/Go Music Fest<\/strong><\/p>\n<p style=\"font-weight: 400;\"><strong>13 luglio &#8211; Roma &#8211; RockinRoma<\/strong><\/p>\n<p style=\"font-weight: 400;\"><strong>18 luglio- Genova &#8211; Goa Boa<\/strong><\/p>\n<p style=\"font-weight: 400;\"><strong>24 luglio- Molfetta (BA) &#8211; Luce Music Festival<\/strong><\/p>\n<p style=\"font-weight: 400;\"><strong>27 luglio &#8211; Riola Sardo &#8211; Parco dei Suoni<\/strong><\/p>\n<p style=\"font-weight: 400;\"><strong>28 luglio- Sant&#8217;Antioco (CI) \u2013 Arena Fenicia<\/strong><\/p>\n<p style=\"font-weight: 400;\"><strong>3 \u00a0agosto &#8211; Patti Marina (ME) &#8211; Indiegeno Fest<\/strong><\/p>\n<p style=\"font-weight: 400;\"><strong>6 agosto \u00a0&#8211; Reggio Calabria &#8211; Piazza Castello<\/strong><\/p>\n<p style=\"font-weight: 400;\"><strong>10 agosto &#8211; Pescara &#8211; Zoo Music Festival<\/strong><\/p>\n<p style=\"font-weight: 400;\"><strong>11 agosto &#8211; Follonica (GR) &#8211; Follonica Summer Fest<\/strong><\/p>\n<p style=\"font-weight: 400;\"><strong>13 agosto \u00a0&#8211; Lecce &#8211; Sottosopra Fest<\/strong><\/p>\n<p style=\"font-weight: 400;\"><strong>Calendario in\u00a0aggiornamento<\/strong><\/p>\n<p style=\"font-weight: 400;\"><strong>\u00a0<\/strong><\/p>\n<p style=\"font-weight: 400;\">Dopo aver tagliato il nastro di partenza di\u00a0<strong>Notti\u00a0Brave\u00a0a Teatro<\/strong>\u00a0con le prime date del tour indoor che ha registrato il\u00a0<strong>sold out<\/strong>\u00a0per tutti gli appuntamenti in calendario e ha gi\u00e0 guadagnato gli applausi di pubblico e critica, grazie allo spettacolo dinamico che\u00a0Carl\u00a0Brave\u00a0mette in scena, a una band affiatata, ai nuovi arrangiamenti dei brani e alla regia di\u00a0<strong>Giancarlo Sforza.<\/strong>\u00a0Ora\u00a0il produttore romano<strong>\u00a0<\/strong>annuncia le nuove date confermate del\u00a0<strong>NOTTI\u00a0BRAVE\u00a0<em>Summer<\/em><\/strong>\u00a0<strong><em>Tour.<\/em><\/strong>\u00a0Per i concerti outdoor\u00a0Carl\u00a0Brave\u00a0sar\u00e0 accompagnato ancora una volta dalla sua band: Simone Ciarocchi (batteria), Lucio Castagna (percussioni), Mattia Castagna(basso), Lorenzo Amoruso (chitarra), Massimiliano Turi (chitarra), Valerio D\u2019Ambrosio (tastiere), Adalberto Baldini (sax), Edoardo Impedovo (tromba), Gabriele Tamiri (tromba).<\/p>\n<p style=\"font-weight: 400;\"><strong>NOTTI\u00a0BRAVE\u00a0<em>Summer<\/em><\/strong>\u00a0<strong><em>Tour<\/em><\/strong>\u00a0\u00e8 prodotto da\u00a0<strong>OtrLive, i biglietti saranno disponibili su<\/strong><strong>\u00a0<\/strong><a href=\"http:\/\/ticketone.it\/\" data-saferedirecturl=\"https:\/\/www.google.com\/url?q=http:\/\/ticketone.it\/&amp;source=gmail&amp;ust=1552680299739000&amp;usg=AFQjCNGDzoMzvA7EiSJcTh6wtidgfqQCQA\"><strong>ticketone.it<\/strong><\/a><strong>.<\/strong><\/p>\n<p style=\"font-weight: 400;\">Carl\u00a0Brave\u00a0prosegue il tour dopo il suo ultimo lavoro discografico\u00a0<strong>\u201cNotti\u00a0Brave\u00a0(After)\u201d,<\/strong>\u00a0anticipato dal primo singolo estratto\u00a0<strong>\u201cPosso\u201d,\u00a0<\/strong>cantato con\u00a0<strong>Max Gazz\u00e8 (DISCO di Platino)<\/strong>. L\u2019album \u00e8 composto da sette tracce che sono il naturale sequel di\u00a0<strong>\u201cNotti\u00a0Brave\u201d,\u00a0<\/strong>pubblicato a maggio 2018, entrato al Primo posto della classifica dei dischi pi\u00f9 venduti e gi\u00e0\u00a0<strong>Disco di PLATINO (certificato Fimi\/GFK<\/strong>), mentre il brano \u201cFotografia\u201d, singolo di debutto, ha ottenuto la Certificazione\u00a0<strong>TRIPLO PLATINO.<\/strong><\/p>\n<figure id=\"attachment_45068\" aria-describedby=\"caption-attachment-45068\" style=\"width: 1200px\" class=\"wp-caption aligncenter\"><img loading=\"lazy\" decoding=\"async\" class=\"wp-image-45068 size-full\" src=\"http:\/\/www.piuomenopop.it\/wp-content\/uploads\/2019\/03\/carl_brave_6.jpg\" alt=\"\" width=\"1200\" height=\"800\" srcset=\"https:\/\/www.piuomenopop.it\/wp-content\/uploads\/2019\/03\/carl_brave_6.jpg 1200w, https:\/\/www.piuomenopop.it\/wp-content\/uploads\/2019\/03\/carl_brave_6-300x200.jpg 300w, https:\/\/www.piuomenopop.it\/wp-content\/uploads\/2019\/03\/carl_brave_6-768x512.jpg 768w, https:\/\/www.piuomenopop.it\/wp-content\/uploads\/2019\/03\/carl_brave_6-1024x683.jpg 1024w\" sizes=\"auto, (max-width: 1200px) 100vw, 1200px\" \/><figcaption id=\"caption-attachment-45068\" class=\"wp-caption-text\">\u00a9 Cristian Fiori<\/figcaption><\/figure>\n<p style=\"font-weight: 400;\"><strong>CARL BRAVE BIO<\/strong><\/p>\n<p style=\"font-weight: 400;\">Carl Brave al secolo Carlo Luigi Coraggio, classe 1989, \u00e8 un produttore e paroliere romano. Istrionico e versatile, con il suo stile sta tracciando nuove coordinate nella canzone pop italiana.<\/p>\n<p style=\"font-weight: 400;\">Nel 2017 ha pubblicato \u201cPolaroid\u201d .Un disco emerso rapidamente e con forza dal tam tam del web per poi entrare stabilmente non solo nelle classifiche di vendita, ma anche e soprattutto nell\u2019immaginario collettivo contemporaneo. Un nuovo sound fresco e coinvolgente scaturito dall\u2019abile produzione di Brave che ha composto tutte le basi presenti nel disco.\u00a0 \u201cPolaroid\u201d ha conquistato tutta la penisola grazie anche alle decine di concerti sold-out messi a segno tra maggio 2017 e settembre 2018.<\/p>\n<p style=\"font-weight: 400;\">La prolifica capacit\u00e0 compositiva di Carl Brave \u00e8 sfociata nell\u2019esordio solista \u201cNotti Brave\u201d (Disco di Platino). L\u2019album, uscito a maggio 2018, \u00e8 entrato diretto al primo posto in classifica, restandoci per due settimane. Notti Brave \u00e8 senza dubbio un disco che ha colpito nel segno, trainato dal singolo \u201cFotografia\u201d(Triplo Platino) interpretato assieme a Fabri Fibra e Francesca Michielin. La produzione di Brave si sposa perfettamente con i due ospiti che colorano ulteriormente il pezzo con il loro stile inconfondibile. \u201cFotografia\u201d con la sua immediata freschezza e sincerit\u00e0 \u00e8 stato tra i pi\u00f9 trasmessi dalle radio. Molti altri sono stati gli artisti che hanno animato le \u201cNotti Brave\u201d di Carl. Le quindici tracce dell\u2019album vedono infatti altre collaborazioni eccellenti come Coez, Franco126, Emis Killa, Federica Abbate, Gemitaiz, Giorgio Poi, Pretty Solero, Frah Quintale, B e Ugo Borghetti.<\/p>\n<p style=\"font-weight: 400;\">Un caleidoscopio di generi e sfumature che, dal pop, all\u2019indie, al rap fa il paio con l\u2019instancabile verve di Carl Brave. Una continua ricerca di dettagli sonori che si riflette nei testi sempre densi di atmosfere e pratiche quotidiane in cui riconoscersi.<\/p>\n<p style=\"font-weight: 400;\">\u00a0A novembre 2018 esce\u00a0<strong>\u201cNotti Brave (After)\u201d,<\/strong>\u00a0presentato dal primo singolo estratto\u00a0<strong>\u201cPosso\u201d(Disco di Platino),\u00a0<\/strong>cantato con\u00a0<strong>Max Gazz\u00e8<\/strong>. L\u2019album \u00e8 composto da sette tracce che vanno a formare il naturale sequel di\u00a0<strong>\u201cNotti Brave.<\/strong><\/p>\n<p>Leggi anche: <a href=\"http:\/\/www.piuomenopop.it\/index.php\/2019\/03\/05\/buona-la-prima-per-carl-brave-al-teatro-degli-arcimboldi-di-milano-tutte-le-foto\/\" target=\"_blank\" rel=\"noopener noreferrer\">Buona la prima per Carl Brave al Teatro degli Arcimboldi di Milano \u2013 Tutte le foto<\/a><\/p>\n","protected":false},"excerpt":{"rendered":"<div class=\"mh-excerpt\"><p>CARL\u00a0BRAVE NOTTI\u00a0BRAVE Summer Tour \u00a0 DA ROCK IN ROMA A COLLISIONI, DALL\u2019 INDIEGENO ALLO SHERWOOD CARL BRAVE APPRODA CON IL &#8220;NOTTI BRAVE SUMMER TOUR&#8221; NEI <a class=\"mh-excerpt-more\" href=\"https:\/\/www.piuomenopop.it\/index.php\/2019\/03\/14\/carl-brave-notti-brave-summer-tour-nuove-date\/\" title=\"Carl Brave \/\/ Notti Brave Summer Tour nuove date\">[&#8230;]<\/a><\/p>\n<\/div>","protected":false},"author":2,"featured_media":45062,"comment_status":"closed","ping_status":"closed","sticky":false,"template":"","format":"standard","meta":{"sfsi_plus_gutenberg_text_before_share":"","sfsi_plus_gutenberg_show_text_before_share":"","sfsi_plus_gutenberg_icon_type":"","sfsi_plus_gutenberg_icon_alignemt":"","sfsi_plus_gutenburg_max_per_row":"","footnotes":"","_links_to":"","_links_to_target":""},"categories":[5184,3],"tags":[8390,8777],"class_list":["post-45481","post","type-post","status-publish","format-standard","has-post-thumbnail","hentry","category-calendario-concerti","category-news","tag-carl-brave","tag-notti-brave-summer-tour"],"aioseo_notices":[],"_links":{"self":[{"href":"https:\/\/www.piuomenopop.it\/index.php\/wp-json\/wp\/v2\/posts\/45481","targetHints":{"allow":["GET"]}}],"collection":[{"href":"https:\/\/www.piuomenopop.it\/index.php\/wp-json\/wp\/v2\/posts"}],"about":[{"href":"https:\/\/www.piuomenopop.it\/index.php\/wp-json\/wp\/v2\/types\/post"}],"author":[{"embeddable":true,"href":"https:\/\/www.piuomenopop.it\/index.php\/wp-json\/wp\/v2\/users\/2"}],"replies":[{"embeddable":true,"href":"https:\/\/www.piuomenopop.it\/index.php\/wp-json\/wp\/v2\/comments?post=45481"}],"version-history":[{"count":3,"href":"https:\/\/www.piuomenopop.it\/index.php\/wp-json\/wp\/v2\/posts\/45481\/revisions"}],"predecessor-version":[{"id":45484,"href":"https:\/\/www.piuomenopop.it\/index.php\/wp-json\/wp\/v2\/posts\/45481\/revisions\/45484"}],"wp:featuredmedia":[{"embeddable":true,"href":"https:\/\/www.piuomenopop.it\/index.php\/wp-json\/wp\/v2\/media\/45062"}],"wp:attachment":[{"href":"https:\/\/www.piuomenopop.it\/index.php\/wp-json\/wp\/v2\/media?parent=45481"}],"wp:term":[{"taxonomy":"category","embeddable":true,"href":"https:\/\/www.piuomenopop.it\/index.php\/wp-json\/wp\/v2\/categories?post=45481"},{"taxonomy":"post_tag","embeddable":true,"href":"https:\/\/www.piuomenopop.it\/index.php\/wp-json\/wp\/v2\/tags?post=45481"}],"curies":[{"name":"wp","href":"https:\/\/api.w.org\/{rel}","templated":true}]}}