{"id":45506,"date":"2019-03-16T15:33:30","date_gmt":"2019-03-16T14:33:30","guid":{"rendered":"http:\/\/www.piuomenopop.it\/?p=45506"},"modified":"2019-03-19T10:05:17","modified_gmt":"2019-03-19T09:05:17","slug":"bionda-e-disperata-emanuele-lapiana-ci-racconta-il-nuovo-disco-di-n-a-n-o","status":"publish","type":"post","link":"https:\/\/www.piuomenopop.it\/index.php\/2019\/03\/16\/bionda-e-disperata-emanuele-lapiana-ci-racconta-il-nuovo-disco-di-n-a-n-o\/","title":{"rendered":"Bionda e disperata: Emanuele Lapiana ci racconta il nuovo disco di N.A.N.O."},"content":{"rendered":"<p><strong>A cura di: <\/strong><strong><a href=\"http:\/\/www.piuomenopop.it\/index.php\/2017\/01\/03\/piuomenopopper-antonio-bastanza\/\">Antonio Bastanza<\/a><\/strong><\/p>\n<p>Il 2019 \u00e8 l&#8217;anno dei ritorni, pi\u00f9 o meno attesi. uno di quelli meno attesi e forse per questo pi\u00f9 graditi \u00e8 quello di <a href=\"https:\/\/www.facebook.com\/emanuele.lapiana\" target=\"_blank\" rel=\"noopener noreferrer\">Emanuele Lapiana<\/a> col suo progetto solista <strong><a href=\"https:\/\/www.facebook.com\/nanopuntato\/\" target=\"_blank\" rel=\"noopener noreferrer\">N.A.N.O.<\/a><\/strong>, la cui ultima uscita, &#8220;<em>I racconti dell&#8217;amore malvagio<\/em>&#8220;, risale al 2011.<\/p>\n<blockquote><p>Stare lontani dalla scena musicale per 9 anni \u00e8 come non andare al bar per un secolo. Eppure \u00e8 sempre pazzesco e stupefacente scoprire come ci siano persone che ti aspettavano al bancone, con il bicchiere in mano ed un sorriso in bocca.<\/p><\/blockquote>\n<p>La storia artistica di Lele parla per lui pi\u00f9 di quanto possano fare le mie parole per raccontarvi chi \u00e8 e cosa ha fatto. Io di lui posso parlar poco e in maniera poco obiettiva: \u00e8 stato ed \u00e8 per me, con le sue canzoni prima con i <strong><a href=\"https:\/\/www.facebook.com\/codmusic\/\" target=\"_blank\" rel=\"noopener noreferrer\">C|O|D<\/a><\/strong> e poi come N.A.N.O. un riferimento musicale imprescindibile e se vi va di saperne di pi\u00f9 (dai che vi va\u2026) c&#8217;\u00e8 <a href=\"http:\/\/www.piuomenopop.it\/index.php\/2016\/05\/20\/preparativi-per-un-nuovo-inizio-intervista-a-emanuele-lapiana\/\" target=\"_blank\" rel=\"noopener noreferrer\">questa intervista<\/a> di qualche anno fa che dovreste leggere.<br \/>\nMa oggi siamo qui per parlare del presente e del futuro e di un prossimo disco che, fin dalle premesse, apre un orizzonte nuovo per la carriera di un artista che ha sempre rivolto il suo sguardo avanti, verso esperienze inconsuete e gratificanti.<\/p>\n<p><strong>Sono passati otto anni da \u201cI racconti dell&#8217;amore malvagio\u201d: qual \u00e8 stato il percorso artistico che da quel disco ti ha portato a questo nuovo lavoro?<\/strong><\/p>\n<p><em>In questi anni \u00e8 successo tanto.<\/em><br \/>\n<em>Ho accompagnato Dennis (Pisetta ex chitarrrista dei C|O|D) nella fase terminale della sua malattia, ho cambiato prospettiva su un sacco di cose, ho cambiato lavoro, ho cambiato vita in sostanza.<\/em><br \/>\n<em>Ho smesso di andare in giro per il mondo a vendere prodotti alimentari italiani ed ho aperto un\u2019agenzia di comunicazione sonora.<\/em><br \/>\n<em>Queste cose mi hanno portato molto lontano dalla mia comfort zone, e sono inevitabilmente confluite in questo lavoro.<\/em><\/p>\n<p><strong><em>Bionda e disperata<\/em><\/strong><strong> \u00e8 la tua nuova \u201cdisca\u201d. Innanzitutto spiegaci, come mai \u00e8 donna?<\/strong><\/p>\n<p><em>\u00c8 donna perch\u00e9 negli ultimi anni ho cominciato ed imparato a conoscere la mia parte femminile, che \u00e8 sempre stata presente nella mia musica, ma della cui esistenza mi sono reso conto solo negli anni pi\u00f9 recenti\u2026<\/em><br \/>\n<em>In Bionda e disperata ci ho messo tutta la leggerezza ed insieme la concretezza femmina che ci sono in me. Mi ha permesso di guardare il mondo da una prospettiva nuova, e per me, completamente inedita.<\/em><\/p>\n<p><strong>\u201cI racconti\u201d era un disco pieno di suoni, di storie, di emozioni e anche di collaborazioni, alcune a dir poco sorprendenti, come Sara Mazo, la voce degli Scisma che ben poco si concede al mondo della musica. A Bionda e Disperata hai lavorato \u201cinsieme ad un sacco di persone pazzesche che non vedo l&#8217;ora di farvi conoscere\u201d.<\/strong><br \/>\n<strong>Bene secondo me l&#8217;ora \u00e8 arrivata ma se proprio vuoi mantenere ancora il segreto almeno dicci cosa dobbiamo aspettarci da queste collaborazioni che spaziano dalla musica alla fotografia.<\/strong><\/p>\n<p><em>Onestamente avrei preferito costruire questo disco insieme ad una band, ma per mille motivi non \u00e8 stato possibile. Allora ho deciso di realizzarlo da solo e di dare spazio a collaborazioni con musicisti stilisticamente molto lontani da me, ma che mi interessavano e con cui volevo collaborare da anni, aumentando la paletta sonora, e provando ad esprimermi in linguaggi musicali diversi. Cos\u00ec sono nate le collaborazioni con cantanti poco ortodossi come <\/em><em><strong>Gianfranco Baffato<\/strong><\/em><em>, ma anche con i <\/em><em><strong>Bastard Sons of Dioniso<\/strong><\/em><em>, o con <\/em><em><strong>Noireve<\/strong><\/em><em>, una giovane musicista elettronica cui ho dato molto spazio nella scelta degli arrangiamenti di alcuni brani. Queste nuove collaborazioni mi hanno aperto la finestra su altri artisti e su mondi per me sconosciuti e quindi molto stimolanti. Per la prima volta ho arrangiato dei fiati e registrato un brano da big band.<\/em><\/p>\n<p><strong>Hai scelto nuovamente Musicraiser dopo la positiva esperienza con il crowfunding che ha portato alla realizzazione della ristampa in Vinile di Preparativi Per La Fine. <\/strong><br \/>\n<strong>Stavolta anzich\u00e9 la realizzazione del progetto discografico in se la campagna (<\/strong><strong><a href=\"https:\/\/www.musicraiser.com\/it\/projects\/13960-bionda-e-disperata\" target=\"_blank\" rel=\"noopener noreferrer\">qui il link<\/a><\/strong><strong>) servir\u00e0 a finanziare le attivit\u00e0 di promozione della disca: quali progetti hai in mente per Bionda e disperata?<\/strong><\/p>\n<p><em>Vorrei promuoverlo bene, girare dei video, preparare un live bomba \ud83d\ude00<\/em><\/p>\n<p><strong>La raccolta fondi ha avuto un successo immediato, raggiungendo l&#8217;obiettivo previsto in poco tempo. Quanto sei soddisfatto di questo risultato?<\/strong><\/p>\n<p><em>Sono certamente molto felice. L&#8217;idea che qualcuno comperi la mia musica a scatola chiusa e che abbia voglia di spendere il suo tempo ed i suoi soldi per aiutare la mia musica mi riempie di bellezza. \u00c8 veramente una grande soddisfazione. Ma diciamo che l&#8217;obiettivo minimo \u00e8 stato raggiunto, ma che era a tutti gli effetti un obiettivo minimo, quindi sarebbe bello, visto che ci sono ancora una manciata di giorni disponibili, andare oltre.. Questo ci consentirebbe senza dubbio di avere pi\u00f9 risorse per la promozione del disco, che \u00e8 una cosa fondamentale per farlo arrivare a pi\u00f9 persone possibili&#8230;<\/em><\/p>\n<p><strong>Parliamo un attimo di un&#8217;altra cosa che ti riguarda: cos&#8217;\u00e8 <\/strong><strong><a href=\"https:\/\/www.facebook.com\/osuonomio\/\" target=\"_blank\" rel=\"noopener noreferrer\">oSuonoMio<\/a><\/strong><strong> e cosa bolle in pentola per il futuro?<\/strong><\/p>\n<p><em>oSuonoMio \u00e8 l\u2019agenzia di comunicazione sonora che ho fondato e che dirigo. Facciamo quello che si chiama Sound branding che si pu\u00f2 riassumere come l\u2019utilizzo del suono e della musica per comunicare i brand in modo inedito ma efficacissimo. Scriviamo colonne sonore e creiamo sound logos su misura, ideiamo campagne di marketing e di prodotto con al centro il suono (webradio, installazioni sonore, arredamento sonoro di spazi pubblici, sonorizzazione di app, compilazione di playlists per fare alcuni esempi)\u2026<\/em><\/p>\n<p><strong>Infine \u00e8 impossibile non chiederti di quello che \u00e8 accaduto a N.A.N.O il 23 febbraio nell&#8217; <\/strong><strong><a href=\"https:\/\/www.facebook.com\/icemusic.sweden\/?__tn__=K-R&amp;eid=ARCC_ydB1JYDag10FF-6d14oUjBCLBh4eV2ZQXv2Au1Sballv3VJNYVqcXPQ_8Q9uljoKgsppa0HvtHb&amp;fref=mentions\" target=\"_blank\" rel=\"noopener noreferrer\">ICE MUSIC Festival<\/a><\/strong><strong> del Passo del Tonale dove ti sei esibito rigorosamente suonando gli strumenti di ghiaccio dell\u2019artista americano Tim Linhart.<\/strong><\/p>\n<p><em>Quella \u00e8 stata una data molto importante per noi. Abbiamo suonato in un igloo a 2600 metri di altezza con una formazione tutta nuova, con un violoncello, lo xilofono, 3 voci, 2 chitarre, batteria. Abbiamo utilizzato questi incredibili strumenti di ghiaccio che hanno un suono speciale e suonato a -5C\u00b0. <\/em><em><i>La data \u00e8 andata benissimo nonostante la temperatura,  le dita intirizzite e gli strumenti oggettivamente ardui da suonare.. La musica e l&#8217;affetto delle persone hanno davvero scaldato l&#8217;atmosfera e ne sono usciti due concerti da ricordare&#8230;di cui presto pubblicheremo qualche estratto su Facebook ed Instagram. <\/i><\/em><em>Eravamo curiosissimi di come sarebbe stato il suono e ci siamo preparati con grande impegno. <\/em><em><i>Abbiamo cos\u00ec avuto modo anche di provare il setup nuovo della band. La formazione fissa \u00e8 composta da me pi\u00f9 3 polistrumentisti molto diversi per provenienza musicale, et\u00e0 e personalit\u00e0.<\/i><\/em><em>  Abbiamo suonato qualche pezzo del mio repertorio nanico e C|O|D completamente riarrangiato per l\u2019occasione, nudi come non mai in una cornice irripetibile (non credo ci capiter\u00e0 un\u2019altra occasione cos\u00ec speciale). Non abbiamo fatto canzoni di Bionda e Disperata a perch\u00e9 quelle le sentiranno in anteprima solo i Crowdfunders al secret concert previsto poco prima dell\u2019uscita del disco, i primi gi<\/em>orni di Maggio.<\/p>\n","protected":false},"excerpt":{"rendered":"<div class=\"mh-excerpt\"><p>A cura di: Antonio Bastanza Il 2019 \u00e8 l&#8217;anno dei ritorni, pi\u00f9 o meno attesi. uno di quelli meno attesi e forse per questo pi\u00f9 <a class=\"mh-excerpt-more\" href=\"https:\/\/www.piuomenopop.it\/index.php\/2019\/03\/16\/bionda-e-disperata-emanuele-lapiana-ci-racconta-il-nuovo-disco-di-n-a-n-o\/\" title=\"Bionda e disperata: Emanuele Lapiana ci racconta il nuovo disco di N.A.N.O.\">[&#8230;]<\/a><\/p>\n<\/div>","protected":false},"author":36,"featured_media":944,"comment_status":"closed","ping_status":"closed","sticky":false,"template":"","format":"standard","meta":{"sfsi_plus_gutenberg_text_before_share":"","sfsi_plus_gutenberg_show_text_before_share":"","sfsi_plus_gutenberg_icon_type":"","sfsi_plus_gutenberg_icon_alignemt":"","sfsi_plus_gutenburg_max_per_row":"","footnotes":"","_links_to":"","_links_to_target":""},"categories":[4,8],"tags":[214,213,9186],"class_list":["post-45506","post","type-post","status-publish","format-standard","has-post-thumbnail","hentry","category-interviste","category-uscite","tag-cod","tag-emanuele-lapiana","tag-n-a-n-o"],"aioseo_notices":[],"_links":{"self":[{"href":"https:\/\/www.piuomenopop.it\/index.php\/wp-json\/wp\/v2\/posts\/45506","targetHints":{"allow":["GET"]}}],"collection":[{"href":"https:\/\/www.piuomenopop.it\/index.php\/wp-json\/wp\/v2\/posts"}],"about":[{"href":"https:\/\/www.piuomenopop.it\/index.php\/wp-json\/wp\/v2\/types\/post"}],"author":[{"embeddable":true,"href":"https:\/\/www.piuomenopop.it\/index.php\/wp-json\/wp\/v2\/users\/36"}],"replies":[{"embeddable":true,"href":"https:\/\/www.piuomenopop.it\/index.php\/wp-json\/wp\/v2\/comments?post=45506"}],"version-history":[{"count":9,"href":"https:\/\/www.piuomenopop.it\/index.php\/wp-json\/wp\/v2\/posts\/45506\/revisions"}],"predecessor-version":[{"id":45654,"href":"https:\/\/www.piuomenopop.it\/index.php\/wp-json\/wp\/v2\/posts\/45506\/revisions\/45654"}],"wp:featuredmedia":[{"embeddable":true,"href":"https:\/\/www.piuomenopop.it\/index.php\/wp-json\/wp\/v2\/media\/944"}],"wp:attachment":[{"href":"https:\/\/www.piuomenopop.it\/index.php\/wp-json\/wp\/v2\/media?parent=45506"}],"wp:term":[{"taxonomy":"category","embeddable":true,"href":"https:\/\/www.piuomenopop.it\/index.php\/wp-json\/wp\/v2\/categories?post=45506"},{"taxonomy":"post_tag","embeddable":true,"href":"https:\/\/www.piuomenopop.it\/index.php\/wp-json\/wp\/v2\/tags?post=45506"}],"curies":[{"name":"wp","href":"https:\/\/api.w.org\/{rel}","templated":true}]}}