{"id":45651,"date":"2019-03-18T22:08:17","date_gmt":"2019-03-18T21:08:17","guid":{"rendered":"http:\/\/www.piuomenopop.it\/?p=45651"},"modified":"2019-03-18T22:08:17","modified_gmt":"2019-03-18T21:08:17","slug":"calexico-e-iron-wine-luglio-2019-a-firenze","status":"publish","type":"post","link":"https:\/\/www.piuomenopop.it\/index.php\/2019\/03\/18\/calexico-e-iron-wine-luglio-2019-a-firenze\/","title":{"rendered":"CALEXICO E IRON &#038; WINE,  luglio 2019 a Firenze"},"content":{"rendered":"<div align=\"center\"><span style=\"font-family: tahoma, sans-serif;\"><span style=\"color: #ff0000; font-size: 12pt;\"><b><i>Calexico e Iron &amp; Wine<\/i><\/b><b><i><br \/>\n<\/i><\/b><b><i>in concerto a Firenze<\/i><\/b><\/span><\/p>\n<p><span style=\"color: #ff0000; font-size: medium;\"><b>Calexico e Iron &amp; Wine<\/b><\/span><br \/>\n<u>Gioved\u00ec 25 luglio 2019 &#8211; ore 21\u00a0\u00a0<\/u><u><br \/>\n<\/u><u>Cavea del Teatro del Maggio Musicale Fiorentino<\/u><br \/>\n<u>Piazzale Vittorio Gui \u2013 accesso da viale Fratelli Rosselli \u2013 Firenze\u00a0<\/u><br \/>\n<\/span><\/div>\n<p><span style=\"font-family: tahoma, sans-serif;\"><br \/>\n14 anni dopo l\u2019Ep \u201cIn the Reins\u201d, tornano a unire le forze Calexico e Iron &amp; Wine, due nomi di culto di quella scena americana sospesa tra folk, country e indie.<\/p>\n<p>Burns &amp; Convertino e il cantautore Samuel Ervin Beam saranno in concerto gioved\u00ec 25 luglio 2019 (ore 21) alla Cavea del Teatro del Maggio Musicale Fiorentino, a Firenze.<\/p>\n<p>Oltre a \u201cIn the Reins\u201d, Calexico e Iron &amp; Wine presenteranno brani dai rispettivi repertori.<\/p>\n<p>\u201cThe Thread That Keeps Us\u201d \u00e8 l\u2019ultimo album dei Calexico, un ritratto di famiglia che cattura tutta la loro imprevedibilit\u00e0 e variet\u00e0 stilistica, riservando il consueto spazio alla loro creativit\u00e0.<\/p>\n<p>Iron &amp; Wine, nome d\u2019arte di Samuel Ervin Beam, ha recentemente dato alle stampe l\u2019edizione deluxe di \u201cOur Endless Numbered Days\u201d, l&#8217;album che lo consacr\u00f2 a livello mondiale. In questi anni, molte sue canzoni sono state prese in prestito per colonne sonore di film e serie tv.<\/p>\n<p>I biglietti per il concerto fiorentino \u2013 35 euro alla cassa, 30 euro in prevendita \u2013 sono disponibili nei punti vendita Boxoffice Toscana (<a class=\"m_-9186273665725529662m_-5761382034905421283moz-txt-link-abbreviated\" href=\"http:\/\/www.boxofficetoscana.it\/punti-vendita\" target=\"_blank\" rel=\"noopener noreferrer\" data-saferedirecturl=\"https:\/\/www.google.com\/url?q=http:\/\/www.boxofficetoscana.it\/punti-vendita&amp;source=gmail&amp;ust=1553029448808000&amp;usg=AFQjCNG8aeR9NCOI-1E0uJfBdEye39swag\">www.boxofficetoscana.it\/<wbr \/>punti-vendita<\/a>) e\u00a0 online su\u00a0<a class=\"m_-9186273665725529662m_-5761382034905421283moz-txt-link-abbreviated\" href=\"http:\/\/www.ticketone.it\/\" target=\"_blank\" rel=\"noopener noreferrer\" data-saferedirecturl=\"https:\/\/www.google.com\/url?q=http:\/\/www.ticketone.it&amp;source=gmail&amp;ust=1553029448808000&amp;usg=AFQjCNHr8flvQYsIcOHFuo_vm3ojskv9pg\">www.ticketone.it<\/a>.<\/p>\n<p>Il concerto di Calexico e Iron &amp; Wine va ad aggiungersi ai gi\u00f9 annunciati live di Woody Allen &amp; The Eddy Davis New Orleans Jazz Band (30 giugno), Negrita (8 luglio), Franz Ferdinand (11 luglio) e Marlene Kuntz (14 luglio), tutti alla Cavea del Maggio Musicale Fiorentino.<\/p>\n<p><span style=\"font-size: xx-small;\"><u><b>Biglietti<\/b><\/u><br \/>\nPosto unico 35 euro (30 euro + commissioni per chi acquista in prevendita)<\/p>\n<p><u><b>Prevendite<\/b><\/u><br \/>\nNei punti vendita di Box Office Toscana\u00a0<a class=\"m_-9186273665725529662m_-5761382034905421283moz-txt-link-abbreviated\" href=\"http:\/\/www.boxofficetoscana.it\/punti-vendita\" target=\"_blank\" rel=\"noopener noreferrer\" data-saferedirecturl=\"https:\/\/www.google.com\/url?q=http:\/\/www.boxofficetoscana.it\/punti-vendita&amp;source=gmail&amp;ust=1553029448808000&amp;usg=AFQjCNG8aeR9NCOI-1E0uJfBdEye39swag\">www.boxofficetoscana.it\/punti-<wbr \/>vendita<\/a><b>\u00a0<\/b><br \/>\nOnline su\u00a0<a class=\"m_-9186273665725529662m_-5761382034905421283moz-txt-link-abbreviated\" href=\"http:\/\/www.ticketone.it\/\" target=\"_blank\" rel=\"noopener noreferrer\" data-saferedirecturl=\"https:\/\/www.google.com\/url?q=http:\/\/www.ticketone.it&amp;source=gmail&amp;ust=1553029448808000&amp;usg=AFQjCNHr8flvQYsIcOHFuo_vm3ojskv9pg\">www.ticketone.it<\/a>\u00a0tel. 892.101.<\/span><\/span><\/p>\n<p>Leggi anche:<br \/>\n<a href=\"http:\/\/www.piuomenopop.it\/index.php\/2018\/07\/19\/linvasione-meticcia-dei-calexico-a-cosenza\/\" target=\"_blank\" rel=\"noopener noreferrer\">L\u2019invasione meticcia dei Calexico a Cosenza<\/a><br \/>\n<a href=\"http:\/\/www.piuomenopop.it\/index.php\/2018\/07\/14\/calexico-festival-delle-colline-prato-la-forza-della-gentilezza\/\" target=\"_blank\" rel=\"noopener noreferrer\">CALEXICO @ Festival delle Colline, Prato \u2013 La forza della gentilezza<\/a><\/p>\n","protected":false},"excerpt":{"rendered":"<div class=\"mh-excerpt\"><p>Calexico e Iron &amp; Wine in concerto a Firenze Calexico e Iron &amp; Wine Gioved\u00ec 25 luglio 2019 &#8211; ore 21\u00a0\u00a0 Cavea del Teatro del <a class=\"mh-excerpt-more\" href=\"https:\/\/www.piuomenopop.it\/index.php\/2019\/03\/18\/calexico-e-iron-wine-luglio-2019-a-firenze\/\" title=\"CALEXICO E IRON &#038; WINE,  luglio 2019 a Firenze\">[&#8230;]<\/a><\/p>\n<\/div>","protected":false},"author":2,"featured_media":45652,"comment_status":"closed","ping_status":"closed","sticky":false,"template":"","format":"standard","meta":{"sfsi_plus_gutenberg_text_before_share":"","sfsi_plus_gutenberg_show_text_before_share":"","sfsi_plus_gutenberg_icon_type":"","sfsi_plus_gutenberg_icon_alignemt":"","sfsi_plus_gutenburg_max_per_row":"","footnotes":"","_links_to":"","_links_to_target":""},"categories":[5184,3],"tags":[3278,9203,9204,5332],"class_list":["post-45651","post","type-post","status-publish","format-standard","has-post-thumbnail","hentry","category-calendario-concerti","category-news","tag-calexico","tag-calexico-e-iron-wine","tag-calexico-e-iron-wine-firenze","tag-iron-wine"],"aioseo_notices":[],"_links":{"self":[{"href":"https:\/\/www.piuomenopop.it\/index.php\/wp-json\/wp\/v2\/posts\/45651","targetHints":{"allow":["GET"]}}],"collection":[{"href":"https:\/\/www.piuomenopop.it\/index.php\/wp-json\/wp\/v2\/posts"}],"about":[{"href":"https:\/\/www.piuomenopop.it\/index.php\/wp-json\/wp\/v2\/types\/post"}],"author":[{"embeddable":true,"href":"https:\/\/www.piuomenopop.it\/index.php\/wp-json\/wp\/v2\/users\/2"}],"replies":[{"embeddable":true,"href":"https:\/\/www.piuomenopop.it\/index.php\/wp-json\/wp\/v2\/comments?post=45651"}],"version-history":[{"count":1,"href":"https:\/\/www.piuomenopop.it\/index.php\/wp-json\/wp\/v2\/posts\/45651\/revisions"}],"predecessor-version":[{"id":45653,"href":"https:\/\/www.piuomenopop.it\/index.php\/wp-json\/wp\/v2\/posts\/45651\/revisions\/45653"}],"wp:featuredmedia":[{"embeddable":true,"href":"https:\/\/www.piuomenopop.it\/index.php\/wp-json\/wp\/v2\/media\/45652"}],"wp:attachment":[{"href":"https:\/\/www.piuomenopop.it\/index.php\/wp-json\/wp\/v2\/media?parent=45651"}],"wp:term":[{"taxonomy":"category","embeddable":true,"href":"https:\/\/www.piuomenopop.it\/index.php\/wp-json\/wp\/v2\/categories?post=45651"},{"taxonomy":"post_tag","embeddable":true,"href":"https:\/\/www.piuomenopop.it\/index.php\/wp-json\/wp\/v2\/tags?post=45651"}],"curies":[{"name":"wp","href":"https:\/\/api.w.org\/{rel}","templated":true}]}}