{"id":45658,"date":"2019-03-19T18:23:24","date_gmt":"2019-03-19T17:23:24","guid":{"rendered":"http:\/\/www.piuomenopop.it\/?p=45658"},"modified":"2019-03-19T18:23:24","modified_gmt":"2019-03-19T17:23:24","slug":"abbabula-festival-2019-sassari-30-aprile-11-maggio","status":"publish","type":"post","link":"https:\/\/www.piuomenopop.it\/index.php\/2019\/03\/19\/abbabula-festival-2019-sassari-30-aprile-11-maggio\/","title":{"rendered":"ABBABULA FESTIVAL 2019 &#8211; SASSARI 30 APRILE &#8211; 11 MAGGIO"},"content":{"rendered":"<p style=\"font-weight: 400; text-align: center;\"><strong>ABBABULA 2019<\/strong><\/p>\n<p style=\"font-weight: 400; text-align: center;\">Seconda anteprima:<\/p>\n<p style=\"font-weight: 400; text-align: center;\">FEDERICO BUFFA \u201cIL RIGORE CHE NON C&#8217;ERA\u201d<\/p>\n<p style=\"font-weight: 400; text-align: center;\"><em>Sassari 26 marzo, Nuovo Teatro Comunale<\/em><\/p>\n<p style=\"font-weight: 400; text-align: center;\">\n<p style=\"font-weight: 400; text-align: center;\"><strong>IL FESTIVAL:<\/strong><\/p>\n<p style=\"font-weight: 400; text-align: center;\"><em>SASSARI 30 aprile, 2, 3, 4, 9, 10 e 11 maggio<\/em><\/p>\n<p style=\"font-weight: 400; text-align: center;\">\n<p style=\"font-weight: 400; text-align: center;\"><strong><em>MANUEL AGNELLI, FEDERICO FIUMANI, CRISTINA DON\u00c0 &amp; GINEVRA DI MARCO, FILIPPO GRAZIANI &amp; ANDREA SCANZI, PAOLO ANGELI, CARMELO PIPITONE e CANARIE e..<\/em><\/strong><\/p>\n<p style=\"font-weight: 400; text-align: center;\">\n<p style=\"font-weight: 400; text-align: center;\"><strong>Dopo il grande successo dell&#8217;anteprima con Geppi Cucciari<\/strong><\/p>\n<p style=\"font-weight: 400; text-align: center;\"><strong>altre 8 serate di musica e parole pronte a stupire ed appassionare<\/strong><\/p>\n<p style=\"font-weight: 400;\">\n<p style=\"font-weight: 400;\">Cambiano le proposte, variano le date, mutano le location ma non cambia certo la sostanza: per il\u00a0<strong>21\u00b0 anno consecutivo\u00a0<\/strong>il festival\u00a0<strong>ABBABULA<\/strong>\u00a0si prepara a colpire dritto al cuore e all&#8217;immaginario del pubblico di\u00a0<strong>Sassari<\/strong>\u00a0e della\u00a0<strong>Sardegna<\/strong>, regalando alla platea un&#8217;edizione da due anteprime e ben sette giornate di musica e parole da vivere fra teatri e spazi cittadini.<\/p>\n<p style=\"font-weight: 400;\">\n<p style=\"font-weight: 400;\">La Cooperativa\u00a0<strong>Le Ragazze Terribili<\/strong>, celebrati i\u00a0<strong>30 anni<\/strong>\u00a0di attivit\u00e0, punta ancora una volta sul grande valore della proposta, declinata fra grandi interpreti e grandi voci della musica italiana, strizzando l&#8217;occhio alla novit\u00e0, all&#8217;innovazione e all&#8217;evoluzione del cantautorato, senza perdere di vista la scena emergente nazionale e quella isolana sempre ben rappresentata sul palco del festival.<\/p>\n<p style=\"font-weight: 400;\">\n<p style=\"font-weight: 400;\"><strong>Sassari<\/strong>\u00a0\u00e8 la scena su cui tutto si muove, i suoi scorci, il suo centro storico e i suoi teatri, dal\u00a0<strong>Nuovo Comunale<\/strong>\u00a0al\u00a0<strong>Verdi<\/strong>, passando per\u00a0<strong>Palazzo di Citt\u00e0\u00a0<\/strong>e<strong>\u00a0s<\/strong>ino a\u00a0<strong>Largo San Sebastiano<\/strong>\u00a0e al\u00a0<strong>cortile di Palazzo Ducale<\/strong>. Una citt\u00e0 da vivere, da ascoltare, da scoprire e riscoprire anche grazie all&#8217;arte ed agli artisti, in pieno\u00a0<strong>ABBABULA\u00a0<\/strong><em>style<\/em>.<\/p>\n<p style=\"font-weight: 400;\">\n<p style=\"font-weight: 400;\">Il sold out della prima anteprima del festival \u2013 lo spettacolo teatrale\u00a0<em>Perfetta<\/em>, con Geppi Cucciari \u2013 \u00e8 stato la degna apertura di un percorso che continua il\u00a0<strong>26 marzo<\/strong>\u00a0ancora al Nuovo Teatro Comunale con l&#8217;incontrastato re dello\u00a0<em>storytelling<\/em>\u00a0televisivo del nuovo millennio:\u00a0<strong>Federico Buffa<\/strong>. Profondo conoscitore della scena sportiva, ormai prestato \u2013 con profitto \u2013 anche al teatro, Buffa scender\u00e0 in campo pronto a raccontare\u00a0<em>Il rigore che non c&#8217;era<\/em>, testo scritto a quattro mani con Marco Caronna; un affresco storico e poetico dipinto sulle trame generate dallo sport, accompagnato dalla musica di Alessandro Nidi.<\/p>\n<p style=\"font-weight: 400;\"><strong>\u00a0<\/strong><\/p>\n<p style=\"font-weight: 400;\"><strong>IL CARTELLONE<\/strong><\/p>\n<p style=\"font-weight: 400;\">\n<p style=\"font-weight: 400;\">Un festival. Due anteprime. Sette giornate di spettacolo.\u00a0<strong>ABBABULA<\/strong>\u00a0si apre, ufficialmente, il\u00a0<strong>30 aprile<\/strong>.\u00a0<strong>Manuel Agnelli<\/strong>, accompagnato con fiera eleganza da\u00a0<strong>Rodrigo D&#8217;Erasmo<\/strong>, smessi i panni del giudice televisivo e archiviata con una prolungata\u00a0<em>standing ovation<\/em>\u00a0l&#8217;esperienza del concerto evento per i 30 anni degli\u00a0<em>Afterhours<\/em>, presenta il suo\u00a0<em>An Evening with Manuel Agnelli featuring Rodrigo D&#8217;Erasmo<\/em>: intimo e contemporaneo, intenso, unico e inedito nel riproporre, rielaborandoli, brani della storia del gruppo milanese e cover d&#8217;impatto e piena sostanza.<\/p>\n<p style=\"font-weight: 400;\">\n<p style=\"font-weight: 400;\">Il\u00a0<strong>2 maggio<\/strong>\u00a0tocca a\u00a0<strong>Paolo Angeli<\/strong>\u00a0irrompere sinuoso sulla scena con il suo\u00a0<em>22:22 Free Radiohead<\/em>, omaggio alla genialit\u00e0 della band di Thom Yorke che per\u00f2 non \u00e8 n\u00e9 copia n\u00e9 imitazione, ispirazione pi\u00f9 che altro con il mare a fare da filo conduttore lungo un viaggio quasi onirico in cui la contaminazione rende personale e particolare ogni scelta in musica fatta dall&#8217;artista. Assieme a lui, Palazzo di Citt\u00e0 ospiter\u00e0 anche la performance dei\u00a0<strong>Nunc<\/strong>, duo composto dai musicisti sassaresi Manuel Attanasio e Peppino Anfossi.<\/p>\n<p style=\"font-weight: 400;\">\n<p style=\"font-weight: 400;\">Il\u00a0<strong>3 maggio<\/strong>\u00a0saranno invece due delle pi\u00f9 interessanti e riconoscibili espressioni del cantare al femminile a riempire d&#8217;esperienza, voce e sentimento gli spazi del Teatro Verdi.\u00a0<em>Cos\u00ec Vicine<\/em>\u00a0\u00e8 un dono fatto al mondo da\u00a0<strong>Ginevra Di Marco<\/strong>\u00a0&amp;\u00a0<strong>Cristina Don\u00e0<\/strong>, fusione perfetta del vissuto e del cantato di due icone della musica indipendente.<\/p>\n<p style=\"font-weight: 400;\">\n<p style=\"font-weight: 400;\">Il\u00a0<strong>4 maggio<\/strong>, ancora al Teatro Verdi<strong>\u00a0<\/strong>e ancora una grande proposta in cartellone. Ivan Graziani, cantautore che ha macchiato di rock gli spartiti della musica italiana, avanguardista generazionale scomparso troppo presto, verr\u00e0 ricordato da\u00a0<strong>Filippo Graziani,<\/strong>\u00a0figlio del musicista e musicista a sua volta, e\u00a0<strong>Andrea Scanzi<\/strong>, istrionico giornalista aretino, con lo spettacolo\u00a0<em>Fuochi sulla collina<\/em>.<\/p>\n<p style=\"font-weight: 400;\">\n<p style=\"font-weight: 400;\">Il\u00a0<strong>9 maggio<\/strong>\u00a0parole e note prendono forma per voce di\u00a0<strong>Carmelo Pipitone<\/strong>, pronto a estrarre dalla\u00a0<em>Cornucopia<\/em>\u00a0\u2013 suo primo album da solista \u2013 un&#8217;idea senza fronzoli e distrazioni, dritta e diretta come l&#8217;incedere del chitarrista e cofondatore dei\u00a0<em>Marta sui Tubi<\/em>, oggi impegnato anche nel progetto Dunk, insieme a Luca Ferrari dei Verdena e ai fratelli Marco ed Ettore Giuradei (ai quali si \u00e8 aggiunto Riccardo Tesio dei Marlene Kuntz). Il cortile di Palazzo Ducale ospiter\u00e0 anche un concerto omaggio alla cilena Violeta Parra messo in scena dalla cantautrice\u00a0<strong>Claudia Crabuzza<\/strong>\u00a0e dall\u2019attrice\u00a0<strong>Francesca Ventriglia<\/strong>, produzione originale della Compagnia Teatrale Meridiano Zero. E ci sar\u00e0 anche\u00a0<strong>Lisandru<\/strong>, cantautore e musicista sassarese proiettato con merito sul palco di\u00a0<strong>ABBABULA<\/strong>\u00a0grazie al successo nel Premio A Squarciagola 2018.<\/p>\n<p style=\"font-weight: 400;\">\n<p style=\"font-weight: 400;\">Il\u00a0<strong>10 maggio<\/strong>\u00a0il nostalgico passato ritorna in forma di presente con\u00a0<strong>Federico Fiumani<\/strong>, uno dei pi\u00f9 attivi protagonisti della scena fiorentina anni 80 e leader dei Diaframma. Fiumani spiazza e conquista con il suo essere punk a quasi 40 anni di distanza dagli esordi, grazie anche ad un disco che rilancia la posta e riporta i Diaframma all&#8217;attenzione di fan d&#8217;ieri e d&#8217;oggi pronti a scoprire cosa c&#8217;\u00e8 sul fondo de\u00a0<em>L&#8217;Abisso<\/em>. Ad aprire il concerto \u2013 cortile di Palazzo Ducale \u2013 il nuovo progetto musicale\u00a0<strong>OK BA<\/strong>, sinergica fusione d&#8217;intenti fra il cantautore, gi\u00e0 voce dei Primochef del Cosmo, Pasquale Demis Posadinu e il\u00a0<em>producer<\/em>\u00a0con l&#8217;animo d&#8217;artista AA Alberto Atzori.<\/p>\n<p style=\"font-weight: 400;\">\n<p style=\"font-weight: 400;\">L&#8217;<strong>11 maggio<\/strong>\u00a0si chiude in largo San Sebastiano, location suggestiva che salutando l&#8217;edizione 2019 del festival celebrer\u00e0 l&#8217;esordio sassarese di un progetto in musica destinato a farsi apprezzare ed ascoltare:\u00a0<strong>Canarie<\/strong>, piccola gemma tutta da scoprire.<\/p>\n<p style=\"font-weight: 400;\">\n<p style=\"font-weight: 400;\"><strong>I PARTNER<\/strong><\/p>\n<p style=\"font-weight: 400;\"><strong>\u00a0\u00a0\u00a0\u00a0\u00a0\u00a0\u00a0\u00a0\u00a0\u00a0\u00a0\u00a0\u00a0\u00a0\u00a0\u00a0\u00a0\u00a0\u00a0\u00a0\u00a0\u00a0\u00a0\u00a0\u00a0\u00a0\u00a0\u00a0\u00a0\u00a0\u00a0\u00a0\u00a0\u00a0\u00a0\u00a0\u00a0\u00a0\u00a0\u00a0\u00a0\u00a0\u00a0\u00a0\u00a0\u00a0<\/strong><\/p>\n<p style=\"font-weight: 400;\">Il festival\u00a0<strong>ABBABULA<\/strong>\u00a0\u00e8 organizzato dalla cooperativa\u00a0<strong>Le Ragazze Terribili<\/strong>, con il contributo degli\u00a0<strong>Assessorati allo Spettacolo e al Turismo della Regione Sardegna<\/strong>\u00a0e della\u00a0<strong>Fondazione di Sardegna<\/strong>\u00a0e con il patrocinio dell\u2019Assessorato alla Cultura del Comune di Sassari.<\/p>\n","protected":false},"excerpt":{"rendered":"<div class=\"mh-excerpt\"><p>ABBABULA 2019 Seconda anteprima: FEDERICO BUFFA \u201cIL RIGORE CHE NON C&#8217;ERA\u201d Sassari 26 marzo, Nuovo Teatro Comunale IL FESTIVAL: SASSARI 30 aprile, 2, 3, 4, <a class=\"mh-excerpt-more\" href=\"https:\/\/www.piuomenopop.it\/index.php\/2019\/03\/19\/abbabula-festival-2019-sassari-30-aprile-11-maggio\/\" title=\"ABBABULA FESTIVAL 2019 &#8211; SASSARI 30 APRILE &#8211; 11 MAGGIO\">[&#8230;]<\/a><\/p>\n<\/div>","protected":false},"author":2,"featured_media":45659,"comment_status":"closed","ping_status":"closed","sticky":false,"template":"","format":"standard","meta":{"sfsi_plus_gutenberg_text_before_share":"","sfsi_plus_gutenberg_show_text_before_share":"","sfsi_plus_gutenberg_icon_type":"","sfsi_plus_gutenberg_icon_alignemt":"","sfsi_plus_gutenburg_max_per_row":"","footnotes":"","_links_to":"","_links_to_target":""},"categories":[5184,3],"tags":[9206,6490],"class_list":["post-45658","post","type-post","status-publish","format-standard","has-post-thumbnail","hentry","category-calendario-concerti","category-news","tag-abbabula-2019","tag-sassari"],"aioseo_notices":[],"_links":{"self":[{"href":"https:\/\/www.piuomenopop.it\/index.php\/wp-json\/wp\/v2\/posts\/45658","targetHints":{"allow":["GET"]}}],"collection":[{"href":"https:\/\/www.piuomenopop.it\/index.php\/wp-json\/wp\/v2\/posts"}],"about":[{"href":"https:\/\/www.piuomenopop.it\/index.php\/wp-json\/wp\/v2\/types\/post"}],"author":[{"embeddable":true,"href":"https:\/\/www.piuomenopop.it\/index.php\/wp-json\/wp\/v2\/users\/2"}],"replies":[{"embeddable":true,"href":"https:\/\/www.piuomenopop.it\/index.php\/wp-json\/wp\/v2\/comments?post=45658"}],"version-history":[{"count":1,"href":"https:\/\/www.piuomenopop.it\/index.php\/wp-json\/wp\/v2\/posts\/45658\/revisions"}],"predecessor-version":[{"id":45660,"href":"https:\/\/www.piuomenopop.it\/index.php\/wp-json\/wp\/v2\/posts\/45658\/revisions\/45660"}],"wp:featuredmedia":[{"embeddable":true,"href":"https:\/\/www.piuomenopop.it\/index.php\/wp-json\/wp\/v2\/media\/45659"}],"wp:attachment":[{"href":"https:\/\/www.piuomenopop.it\/index.php\/wp-json\/wp\/v2\/media?parent=45658"}],"wp:term":[{"taxonomy":"category","embeddable":true,"href":"https:\/\/www.piuomenopop.it\/index.php\/wp-json\/wp\/v2\/categories?post=45658"},{"taxonomy":"post_tag","embeddable":true,"href":"https:\/\/www.piuomenopop.it\/index.php\/wp-json\/wp\/v2\/tags?post=45658"}],"curies":[{"name":"wp","href":"https:\/\/api.w.org\/{rel}","templated":true}]}}