{"id":45851,"date":"2019-03-25T21:07:01","date_gmt":"2019-03-25T20:07:01","guid":{"rendered":"http:\/\/www.piuomenopop.it\/?p=45851"},"modified":"2019-03-25T21:07:01","modified_gmt":"2019-03-25T20:07:01","slug":"niente-panico-e-solo-la-vita-lesordio-di-sammarco","status":"publish","type":"post","link":"https:\/\/www.piuomenopop.it\/index.php\/2019\/03\/25\/niente-panico-e-solo-la-vita-lesordio-di-sammarco\/","title":{"rendered":"Niente panico, \u00e8 solo la vita: l&#8217;esordio di Sammarco"},"content":{"rendered":"<p style=\"text-align: center;\"><strong>Sammarco<\/strong><\/p>\n<p style=\"text-align: center;\"><em><span style=\"font-weight: 400;\">\u201cLa parte migliore\u201d<\/span><\/em><\/p>\n<p><img loading=\"lazy\" decoding=\"async\" class=\"aligncenter wp-image-45853\" src=\"http:\/\/www.piuomenopop.it\/wp-content\/uploads\/2019\/03\/sammarco-1.jpg\" alt=\"\" width=\"350\" height=\"350\" srcset=\"https:\/\/www.piuomenopop.it\/wp-content\/uploads\/2019\/03\/sammarco-1.jpg 600w, https:\/\/www.piuomenopop.it\/wp-content\/uploads\/2019\/03\/sammarco-1-150x150.jpg 150w, https:\/\/www.piuomenopop.it\/wp-content\/uploads\/2019\/03\/sammarco-1-300x300.jpg 300w\" sizes=\"auto, (max-width: 350px) 100vw, 350px\" \/><\/p>\n<p style=\"text-align: center;\"><span style=\"font-weight: 400;\">(Platonnica\/ distr. Artist First)<\/span><\/p>\n<p>A cura di <a href=\"https:\/\/www.facebook.com\/serena.coletti.16\" target=\"_blank\" rel=\"noopener noreferrer\"><strong>Serena Coletti<\/strong><\/a><\/p>\n<p><span style=\"font-weight: 400;\">Tracklist:<\/span><\/p>\n<ol>\n<li style=\"font-weight: 400;\"><span style=\"font-weight: 400;\">Sottopelle \u00a0<\/span><\/li>\n<li style=\"font-weight: 400;\"><span style=\"font-weight: 400;\">Il Panico <\/span><\/li>\n<li style=\"font-weight: 400;\"><span style=\"font-weight: 400;\">Ulisse<\/span><\/li>\n<li style=\"font-weight: 400;\"><span style=\"font-weight: 400;\">L\u2019importante \u00c8 Non Morire <\/span><\/li>\n<li style=\"font-weight: 400;\"><span style=\"font-weight: 400;\">Finisce il Mare <\/span><\/li>\n<li style=\"font-weight: 400;\"><span style=\"font-weight: 400;\">Il Giorno di Natale<\/span><\/li>\n<li style=\"font-weight: 400;\"><span style=\"font-weight: 400;\">La Parte Migliore<\/span><\/li>\n<\/ol>\n<p>&nbsp;<\/p>\n<p><span style=\"font-weight: 400;\">\u00c8 uscito il 22 marzo per Platonica <em><strong>\u201cLa parte migliore\u201d<\/strong><\/em>, disco d\u2019esordio del cantautore milanese <a href=\"https:\/\/www.facebook.com\/sammarcoufficiale\/\" target=\"_blank\" rel=\"noopener noreferrer\"><strong>Sammarco<\/strong><\/a>. <\/span><\/p>\n<p><span style=\"font-weight: 400;\">Le sette canzoni che compongono questo lavoro propongono un\u2019inquadratura fissa sull\u2019interiorit\u00e0 del loro autore, eppure riescono a toccare immediatamente l\u2019ascoltatore, complici le delicate sonorit\u00e0 acustiche e folk che caratterizzano l\u2019album. Le note di questo disco sembrano una cornice perfetta per film come \u201cChiamami col tuo nome\u201d, il grande successo di Luca Guadagnino. Con poche parole e semplici melodie Sammarco riesce infatti ad esplorare le profondit\u00e0 del nostro animo, mettendo in mostra un approccio al suono sicuramente molto maturo, ancor di pi\u00f9 se si pensa che siamo di fronte a un esordiente, assistito qui nella produzione artistica da Giuliano Dottori, chitarrista degli Amor Fou dal 2007 al loro scioglimento. <\/span><\/p>\n<p><span style=\"font-weight: 400;\">Ma punto caratteristico del disco sono i testi, e lo si capisce dalla prima strofa:<\/span><\/p>\n<blockquote><p><i><span style=\"font-weight: 400;\">\u201cRimettiti tutto quello che hai, ti sento sulla pelle<\/span><\/i><\/p>\n<p><i><span style=\"font-weight: 400;\">E come si chiama quel vuoto che senti? <\/span><\/i><\/p>\n<p><i><span style=\"font-weight: 400;\">Non me ne importa niente\u201d<\/span><\/i><\/p><\/blockquote>\n<p><span style=\"font-weight: 400;\">Proseguendo l\u2019ascolto sembrerebbe quasi di assistere ad un percorso di crescita: l\u2019io parlante in \u201cUlisse\u201d \u00e8 estremamente confuso, vorrebbe passare come voce esperta e rassicurante ma si rivela sempre pi\u00f9 carico di debolezze, interessante come la canzone inizi con <\/span><i><span style=\"font-weight: 400;\">\u201cViola fidati di me\u201d<\/span><\/i><span style=\"font-weight: 400;\"> e finisca con <\/span><i><span style=\"font-weight: 400;\">\u201cNon riesco a dormire, nemmeno a pensare, se non mi fai bere\u201d<\/span><\/i><span style=\"font-weight: 400;\">. Nella canzone successiva sembra aver superato quella fase e riesce ad assumere una prospettiva pi\u00f9 esterna e disincantata che lo porta ad affermare <\/span><i><span style=\"font-weight: 400;\">\u201cNon importa se ci riesci, l\u2019importante \u00e8 non morire\u201d<\/span><\/i><span style=\"font-weight: 400;\">. Si arriva cos\u00ec alla fine, dopo quella parentesi di commozione obbligatoria che \u00e8 \u201cIl giorno di Natale\u201d, con la title track, e la domanda sorge spontanea: Sammarco avr\u00e0 capito qual \u00e8 la sua parte migliore? Lui sostiene di s\u00ec, ma per noi rimane un segreto (dobbiamo forse aspettare un seguito?). \u201cLa parte migliore\u201d \u00e8 infatti il brano pi\u00f9 breve dell\u2019album, che si chiude come i migliori film, quelli che finiscono un attimo prima di averci spiegato tutto e ci lasciano con la mente carica di punti interrogativi. <\/span><\/p>\n<p><span style=\"font-weight: 400;\">A ben guardare, allora, non si trattava tanto di un percorso verso chiss\u00e0 quale obiettivo, ma dell\u2019avventura di un uomo che si trova ad affrontare quello che Tommaso Pincio, usandolo come titolo per il suo ultimo romanzo, chiama \u201cIl dono di saper vivere\u201d. Scrive nel suo libro, parlando di Caravaggio:<\/span><\/p>\n<p><i><span style=\"font-weight: 400;\">\u201cBernard Berenson, insigne studioso, scrisse un breve quanto non benevolo saggio su di lui nel quale si dice che, tra i molti doni che aveva, gli mancava quello di saper vivere.<\/span><\/i><\/p>\n<p><i><span style=\"font-weight: 400;\">Quante volte ci ho pensato, quante volte me lo sono chiesto, giungendo alla medesima conclusione di Berenson. Difettavo anch\u2019io del dono di saper vivere? Ovvio che s\u00ec. Se poco soffrivo il Caravaggio era anche perch\u00e9 il suo pensiero mi riproponeva ogni giorno lo stesso problema.\u201d<\/span><\/i><\/p>\n<p><span style=\"font-weight: 400;\">Ecco, forse alla fine ci\u00f2 che capiamo ascoltando questo album \u00e8 che nessuno di noi possiede \u201cil dono di saper vivere\u201d, che ci limitiamo ad una costante improvvisazione, guidati non da sprazzi di lucidit\u00e0 ma da attimi di abbandono al caos, perch\u00e9, per citare \u201cIl panico\u201d, primo singolo estratto dal disco,<\/span><i><span style=\"font-weight: 400;\"> \u201cIl panico ci aiuter\u00e0\u201d<\/span><\/i><span style=\"font-weight: 400;\">.<\/span><\/p>\n<p style=\"text-align: center;\"><iframe loading=\"lazy\" src=\"https:\/\/open.spotify.com\/embed\/album\/4c3lFwwxA497aAAqy1PKQ8\" width=\"300\" height=\"380\" frameborder=\"0\"><\/iframe><\/p>\n","protected":false},"excerpt":{"rendered":"<div class=\"mh-excerpt\"><p>Sammarco \u201cLa parte migliore\u201d (Platonnica\/ distr. Artist First) A cura di Serena Coletti Tracklist: Sottopelle \u00a0 Il Panico Ulisse L\u2019importante \u00c8 Non Morire Finisce il <a class=\"mh-excerpt-more\" href=\"https:\/\/www.piuomenopop.it\/index.php\/2019\/03\/25\/niente-panico-e-solo-la-vita-lesordio-di-sammarco\/\" title=\"Niente panico, \u00e8 solo la vita: l&#8217;esordio di Sammarco\">[&#8230;]<\/a><\/p>\n<\/div>","protected":false},"author":2,"featured_media":45852,"comment_status":"closed","ping_status":"closed","sticky":false,"template":"","format":"standard","meta":{"sfsi_plus_gutenberg_text_before_share":"","sfsi_plus_gutenberg_show_text_before_share":"","sfsi_plus_gutenberg_icon_type":"","sfsi_plus_gutenberg_icon_alignemt":"","sfsi_plus_gutenburg_max_per_row":"","footnotes":"","_links_to":"","_links_to_target":""},"categories":[8,7],"tags":[9253,9252,4532],"class_list":["post-45851","post","type-post","status-publish","format-standard","has-post-thumbnail","hentry","category-uscite","category-recensioni","tag-la-parte-migliore","tag-sammarco","tag-serena-coletti"],"aioseo_notices":[],"_links":{"self":[{"href":"https:\/\/www.piuomenopop.it\/index.php\/wp-json\/wp\/v2\/posts\/45851","targetHints":{"allow":["GET"]}}],"collection":[{"href":"https:\/\/www.piuomenopop.it\/index.php\/wp-json\/wp\/v2\/posts"}],"about":[{"href":"https:\/\/www.piuomenopop.it\/index.php\/wp-json\/wp\/v2\/types\/post"}],"author":[{"embeddable":true,"href":"https:\/\/www.piuomenopop.it\/index.php\/wp-json\/wp\/v2\/users\/2"}],"replies":[{"embeddable":true,"href":"https:\/\/www.piuomenopop.it\/index.php\/wp-json\/wp\/v2\/comments?post=45851"}],"version-history":[{"count":2,"href":"https:\/\/www.piuomenopop.it\/index.php\/wp-json\/wp\/v2\/posts\/45851\/revisions"}],"predecessor-version":[{"id":45855,"href":"https:\/\/www.piuomenopop.it\/index.php\/wp-json\/wp\/v2\/posts\/45851\/revisions\/45855"}],"wp:featuredmedia":[{"embeddable":true,"href":"https:\/\/www.piuomenopop.it\/index.php\/wp-json\/wp\/v2\/media\/45852"}],"wp:attachment":[{"href":"https:\/\/www.piuomenopop.it\/index.php\/wp-json\/wp\/v2\/media?parent=45851"}],"wp:term":[{"taxonomy":"category","embeddable":true,"href":"https:\/\/www.piuomenopop.it\/index.php\/wp-json\/wp\/v2\/categories?post=45851"},{"taxonomy":"post_tag","embeddable":true,"href":"https:\/\/www.piuomenopop.it\/index.php\/wp-json\/wp\/v2\/tags?post=45851"}],"curies":[{"name":"wp","href":"https:\/\/api.w.org\/{rel}","templated":true}]}}