{"id":46045,"date":"2019-03-28T17:26:36","date_gmt":"2019-03-28T16:26:36","guid":{"rendered":"http:\/\/www.piuomenopop.it\/?p=46045"},"modified":"2019-03-28T17:26:36","modified_gmt":"2019-03-28T16:26:36","slug":"a-colloquio-con-i-lags-soon-un-disco-bello-sincero-e-dalle-tante-sfumature","status":"publish","type":"post","link":"https:\/\/www.piuomenopop.it\/index.php\/2019\/03\/28\/a-colloquio-con-i-lags-soon-un-disco-bello-sincero-e-dalle-tante-sfumature\/","title":{"rendered":"A colloquio con i Lags: &#8220;Soon&#8221; Un disco bello, sincero e dalle tante sfumature"},"content":{"rendered":"<div>Sono passati pi\u00f9 di tre anni da quando i\u00a0<a href=\"https:\/\/www.facebook.com\/wearelags\" target=\"_blank\" rel=\"noopener noreferrer\"><b><span class=\"il\">Lags<\/span><\/b><\/a>,\u00a0quartetto post-hardcore da Roma, hanno pubblicato il loro esordio,\u00a0<b>Pilot\u00a0<\/b>album positivamente accolto dalla critica di settore, ma segreto ben custodito per i pi\u00f9. Da quel loro debutto targato\u00a0<b>To Lose La Track<\/b>\u00a0\u2013 una garanzia in ambito hardcore, i\u00a0<span class=\"il\">LAGS<\/span>\u00a0<b>hanno suonato oltre 80 date <\/b>in tutta lo Stivale con artisti del calibro di Beach Slang, Delta Sleep, Screeching Weasel e Raein, oltre a esibirsi in numerosi festival nazionali e internazionali, conquistando nuovi fan concerto dopo concerto. Ora, il\u00a0<b>29 marzo<\/b>, sar\u00e0 finalmente pubblicato il loro attesissimo\u00a0<b>secondo album<\/b>,<b>\u00a0Soon<\/b>: uscir\u00e0 sempre per To Lose La Track, questa volta al lavoro insieme con l&#8217;italiana <b>Fuzzy Cluster Records<\/b>\u00a0e la britannica\u00a0<b>Casu Marzu<\/b>, che si occuper\u00e0 di pubblicare l&#8217;album nel Regno Unito e in tutto il resto del mondo.<\/div>\n<div>Nell&#8217;attesa dell&#8217;uscita del nuovo lavoro dei LAGS il nostro <a href=\"https:\/\/www.facebook.com\/profile.php?id=100010268648336\" target=\"_blank\" rel=\"noopener noreferrer\">Giovanni Graziano Manca<\/a> ha scambiato quattro chiacchiere con loro.<\/div>\n<div><\/div>\n<div><\/div>\n<div><\/div>\n<div style=\"text-align: center;\"><b><span class=\"il\">Lags<\/span><\/b><\/div>\n<div><\/div>\n<div style=\"text-align: center;\"><i>Soon<\/i><\/div>\n<div><img loading=\"lazy\" decoding=\"async\" class=\"aligncenter wp-image-46048\" src=\"http:\/\/www.piuomenopop.it\/wp-content\/uploads\/2019\/03\/lags_cover-Small.jpg\" alt=\"\" width=\"350\" height=\"350\" srcset=\"https:\/\/www.piuomenopop.it\/wp-content\/uploads\/2019\/03\/lags_cover-Small.jpg 480w, https:\/\/www.piuomenopop.it\/wp-content\/uploads\/2019\/03\/lags_cover-Small-150x150.jpg 150w, https:\/\/www.piuomenopop.it\/wp-content\/uploads\/2019\/03\/lags_cover-Small-300x300.jpg 300w\" sizes=\"auto, (max-width: 350px) 100vw, 350px\" \/><\/div>\n<div style=\"text-align: center;\">To Lose La Track, Fuzzy Cluster (CD); Casu Marzu (Tape)<\/div>\n<p>&nbsp;<\/p>\n<p><strong>Ciao! Presentatevi alla redazione e ai lettori di <em>Piuomenopop<\/em>. Diteci innanzitutto chi siete, delle vostre esperienze artistiche, degli obiettivi che intendete raggiungere<\/strong><\/p>\n<p>Ciao redazione e lettori di Piuomenopop, sono <strong>Daniele<\/strong> e suono il basso e urlo cose nei <strong>LAGS<\/strong>, una band post-hardcore che viene pi\u00f9 o meno da Roma. \u201cPi\u00f9 o meno\u201d perch\u00e9 \u00a0<strong>Antonio<\/strong> (chitarra e voce) \u00e8 toscano, <strong>Andrew<\/strong> (batteria) \u00e8 di Los Angeles ma \u00e8 cresciuto a Rieti, <strong>Gianluca<\/strong> (chitarra e cori) \u00e8 lucano, e io sono in realt\u00e0 l\u2019unico romano.<\/p>\n<p>Abbiamo iniziato a suonare insieme sei anni fa: prima in due, poi in tre, poi in quattro. Abbiamo registrato un primo EP, poi \u00e8 andato via Luca, il nostro ex cantante e abbiamo pensato bene di rimpiazzarlo con un chitarrista, Gianluca.<\/p>\n<p>Nel 2015 \u00e8 uscito <a href=\"https:\/\/open.spotify.com\/album\/5cd536cJtDOxMgwoZ4icA7?si=3u0eUphbSJOsJo_UH2z7BQ\" target=\"_blank\" rel=\"noopener noreferrer\"><em><strong>\u201cPilot\u201d<\/strong><\/em><\/a>, il nostro primo disco, che ruggiva di tante cose: temi sociali, politica, religione, lavoro e rapporti umani. L\u2019abbiamo portato a spasso per due anni e 80 date circa in giro per l\u2019Italia, e alla fine del giro sia noi che lui eravamo cresciuti, avevamo raccolto storie ed esperienze nuove.\u00a0 Infatti c\u2019erano gi\u00e0 diversi embrioni di pezzi nuovi che ci spingevano a chiuderci in sala prove, e noi li abbiamo assecondati.<\/p>\n<p>Per quanto riguarda gli obiettivi, ne abbiamo uno solo: divertirci con la musica e continuare a farlo il pi\u00f9 a lungo possibile, nonostante le nostre quattro vite complicate.<\/p>\n<figure id=\"attachment_19614\" aria-describedby=\"caption-attachment-19614\" style=\"width: 1200px\" class=\"wp-caption aligncenter\"><img loading=\"lazy\" decoding=\"async\" class=\"wp-image-19614 size-full\" src=\"http:\/\/www.piuomenopop.it\/wp-content\/uploads\/2017\/06\/LAGS-2.jpg\" alt=\"\" width=\"1200\" height=\"800\" srcset=\"https:\/\/www.piuomenopop.it\/wp-content\/uploads\/2017\/06\/LAGS-2.jpg 1200w, https:\/\/www.piuomenopop.it\/wp-content\/uploads\/2017\/06\/LAGS-2-300x200.jpg 300w, https:\/\/www.piuomenopop.it\/wp-content\/uploads\/2017\/06\/LAGS-2-768x512.jpg 768w, https:\/\/www.piuomenopop.it\/wp-content\/uploads\/2017\/06\/LAGS-2-1024x683.jpg 1024w\" sizes=\"auto, (max-width: 1200px) 100vw, 1200px\" \/><figcaption id=\"caption-attachment-19614\" class=\"wp-caption-text\">\u00a9 Sonia Golemme<\/figcaption><\/figure>\n<p><strong>Il vostro ultimo album, \u201cSoon\u201d, uscir\u00e0 il 29.03.2019. I supporti attraverso i quali la vostra musica sar\u00e0 veicolata sono il CD e la musicassetta. Ho trovato strana la scelta in un momento storico in cui viene rivalutato il vinile mentre le cassette e i relativi lettori praticamente non esistono pi\u00f9.<\/strong><\/p>\n<p>Noi per primi, oggi, siamo prevalentemente fruitori di musica online. Per\u00f2 siamo molto affezionati al supporto fisico, perch\u00e9 \u00e8 bello ed \u00e8 bello acquistarne uno \u2013 specie ai concerti \u2013 con la consapevolezza di dare un piccolo aiuto concreto al gruppo o all\u2019artista che l\u2019ha partorito. Quanto alla musicassetta, beh, \u00e8 stata in realt\u00e0 una scelta di <a href=\"https:\/\/www.facebook.com\/CasuMarzuRecords\/\" target=\"_blank\" rel=\"noopener noreferrer\">Casu Marzu Records<\/a>, la nostra etichetta UK\/USA\/EU, e visto il nostro sound abbastanza anni novanta, l\u2019idea della musicassetta tutto sommato ci sta. Quanto alla fruibilit\u00e0, acquistando la cassetta si ha diritto al download in alta qualit\u00e0 dell\u2019intero album tanto poi alla fine lo si ascolta sempre in digitale. Il vinile ahim\u00e8 per il momento non \u00e8 in programma, ma speriamo tanto che il disco vada cos\u00ec bene da andare in ristampa anche su quel supporto.<\/p>\n<p><strong>\u00a0<\/strong><\/p>\n<p><strong>Da sardo vi chiederei di parlarci della Casu Marzu Records con sede (salvo errori) a Cambridge. Una tale bizzarra denominazione non passa inosservata! Vi trovate bene con loro? Sapete cosa \u00e8 \u201csu casu marzu\u201d?<\/strong><\/p>\n<p>Nessun errore. Casu Marzu \u00e8 una piccola etichetta inglese creata da un inglese che adora il cibo italiano, e che evidentemente non ha limitato la sua esplorazione enogastronomica alla pizza o alla pasta. Personalmente, non solo so cosa sia \u201csu casu marzu\u201d ma \u00e8 senza dubbio una delle cose pi\u00f9 buone che abbia mai assaggiato in vita mia.<\/p>\n<p>Tornando all\u2019etichetta: ci troviamo molto bene con loro, ma soprattutto loro si trovano molto bene con noi visto che siamo la loro primissima uscita. Ci siamo conosciuti durante la promozione di \u201cPilot\u201d: il fondatore di Casu Marzu era il nostro ufficio stampa inglese in Prescription PR, poi \u00e8 venuto in Italia a trovarci e siamo diventati amici. Quando gli abbiamo fatto sentire le primissime registrazioni home made fatte col cellulare in sala prove, ha deciso che\u00a0 il suo progetto di aprire un\u2019etichetta indipendente aveva trovato la sua prima uscita: noi. Grazie Will.<\/p>\n<p><strong>\u00a0<\/strong><\/p>\n<p><strong>Quanto tempo avete impiegato a mettere insieme i brani che compongono l\u2019album? Avete lavorato dal vivo in studio oppure le sessioni di registrazione hanno richiesto tempi lunghi?<\/strong><\/p>\n<p>\u00c8 stata una gestazione lunga, sia sul fronte della composizione che della registrazione. Il primo pezzo di <strong><em>\u201cSoon\u201d<\/em><\/strong> \u00e8 praticamente una coda del primo disco, tanto che lo abbiamo suonato la prima volta come bis al release party di \u201cPilot\u201d (e ancora non aveva un testo). Tutti gli altri pezzi sono usciti fuori tra l\u2019inizio del 2016 e l\u2019inizio del 2018.<\/p>\n<p>Anche la registrazione \u00e8 stata piuttosto macchinosa rispetto all\u2019album precedente. Abbiamo registrato basso e batteria in primavera, sotto la guida di Daniele Gennaretti. Chitarre e voci sono state registrate in un altro studio, in estate, da Jesse German\u00f2 che ha curato anche il mix. Infine, in autunno siamo passati alla fase di mastering affidata a Filippo Strang.<\/p>\n<p style=\"text-align: center;\"><iframe loading=\"lazy\" src=\"https:\/\/www.youtube.com\/embed\/sy_5ME14Yso\" width=\"560\" height=\"315\" frameborder=\"0\" allowfullscreen=\"allowfullscreen\"><\/iframe><\/p>\n<p><strong>Siete soddisfatti di &#8220;Soon&#8221;? Raccontateci un po\u2019 di come nascono i vostri pezzi e di che cosa vi piace parlare nelle vostre canzoni \u2026<\/strong><\/p>\n<p>Ne siamo molto soddisfatti: la lunga gestazione ha portato ottimi frutti.<\/p>\n<p>\u201cSoon\u201d, a differenza di \u201cPilot\u201d, parla di temi pi\u00f9 personali. Nei due anni tra i due dischi sono successe tante cose sia belle che brutte nelle nostre vite, ed era inevitabile che finissero anche nella nostra musica: arrivi e partenze, malattie e guarigioni, una scomparsa e una nascita. Tanta tanta roba che ha fatto s\u00ec che attingessimo a una tavolozza pi\u00f9 grande, e proprio per questo Soon non ruggisce in ogni traccia come \u201cPilot\u201d, ma ha molte pi\u00f9 sfumature.<\/p>\n<p>&nbsp;<\/p>\n<p><strong>La canzone dell\u2019album che amate di pi\u00f9 e che pi\u00f9 \u00e8 piaciuta a chi ha potuto gi\u00e0 ascoltarla \u2026<\/strong><\/p>\n<p>Ognuno di noi ha la sua traccia preferita, magari semplicemente perch\u00e9 \u00e8 quella che ti diverti di pi\u00f9 a suonare, oppure perch\u00e9 a volte un pezzo \u00e8 la foto di un momento della tua vita momento. \u00a0La mia preferita \u00e8 \u201cI Still Remember\u201d, scritta per mio figlio che \u00e8 nato due anni fa.<br \/>\nPer quanto riguarda i pareri esterni al gruppo, le due tracce pi\u00f9 gettonate sembrano essere \u201cKnives And Wounds\u201d e \u201cIl Podista\u201d. Quest\u2019ultimo \u00e8 il nostro unico pezzo in italiano, che \u00e8 anche la bonus track nella edizione italiana del disco.<\/p>\n<p>&nbsp;<\/p>\n<p><strong>Spiegate ai nostri lettori perch\u00e9 dovrebbero ascoltare \u201cSoon\u201d o, anche, perch\u00e9 dovrebbero venire ad ascoltarvi in concerto\u2026<\/strong><\/p>\n<p>Potrei dire &#8220;Ascoltate \u201cSoon\u201d perch\u00e9 \u00e8 bello e sincero&#8221;, ma chiederlo a me \u00e8 un po\u2019 come chiedere all\u2019oste se il vino \u00e8 buono. Per\u00f2, se proprio uno il vino lo vuole assaggiare nel bicchiere giusto, consiglio di venire a vederci dal vivo, perch\u00e9 \u00e8 la cosa che ci rispecchia e ci diverte di pi\u00f9. E poi si possono fare due chiacchiere prima e dopo il concerto, che col CD \u00e8 pi\u00f9 complicato.<\/p>\n<p style=\"text-align: center;\"><strong>30 Marzo &#8211; LAGS &#8220;Soon&#8221; &#8211; Release Party (w DUMMO, Suvari)<\/strong><br \/>\n<strong>19 Aprile &#8211; To Lose La Track Party | Mikasa, Bologna<\/strong><br \/>\n<strong>3 Maggio &#8211; KILT! LAGS &#8211; Rock N&#8217; Roll Milano<\/strong><br \/>\n<strong>10 Maggio &#8211; Venezia Hardcore Festival 2019<\/strong><br \/>\n<strong>\u00a012 Maggio\u00a0 &#8211; Centro Sociale Rivolta<\/strong><br \/>\n<strong>20 Luglio &#8211; Italian Party 2019 &#8211; 19esima edizione, Umbertide\u00a0<\/strong><\/p>\n<p>&nbsp;<\/p>\n<p><strong>Un artista, un disco, un concerto visto che hanno cambiato la vostra vita al punto tale da farvi decidere di intraprendere la strada della musica.<\/strong><\/p>\n<p>Non c\u2019\u00e8 una risposta buona per tutti e quattro. Anzi, non c\u2019\u00e8 neppure una risposta sola per ognuno di noi. Ti dir\u00f2 le mie.<\/p>\n<p>Artista: Bob Dylan. Sembrer\u00e0 scontato, ma sin da \u201cpischello\u201d era uno con un vagone di cose da dire e le diceva sempre, in modo crudo, a volte sgraziato, mai come te lo aspettavi, ma sempre vero. Punk, no?<\/p>\n<p>Album: Nirvana \u201cNevermind\u201d. \u00c8 stato il grande &#8220;SI-PU\u00d2-FARE&#8221; per tanti della mia generazione.<\/p>\n<p>Concerto: la prima volta che ho visto Springsteen e la E-Street Band dal vivo (e pure le volte seguenti). E qui c\u2019\u00e8 poco da spiegare: o l\u2019hai visto, o lo devi vedere.<\/p>\n<p style=\"text-align: center;\"><iframe loading=\"lazy\" src=\"https:\/\/open.spotify.com\/embed\/album\/6AYKsRnKzNQmPTFiPRYEzk\" width=\"300\" height=\"380\" frameborder=\"0\"><\/iframe><\/p>\n<div style=\"text-align: center;\"><span style=\"font-size: large;\">&#8220;<b>Soon<\/b>&#8221; sar\u00e0 presentato al\u00a0<b>Wishlist<\/b>\u00a0di\u00a0<b>Roma<\/b>\u00a0il 30\u00a0<b>marzo<\/b>\u00a0con\u00a0<b>Dummo<\/b>\u00a0e\u00a0<b>Suvari<\/b>:<\/span><\/div>\n<div style=\"text-align: center;\"><a href=\"https:\/\/www.facebook.com\/events\/263939931168375\/\" target=\"_blank\" rel=\"noopener noreferrer\">Evento Facebook<\/a><\/div>\n","protected":false},"excerpt":{"rendered":"<div class=\"mh-excerpt\"><p>Sono passati pi\u00f9 di tre anni da quando i\u00a0Lags,\u00a0quartetto post-hardcore da Roma, hanno pubblicato il loro esordio,\u00a0Pilot\u00a0album positivamente accolto dalla critica di settore, ma segreto <a class=\"mh-excerpt-more\" href=\"https:\/\/www.piuomenopop.it\/index.php\/2019\/03\/28\/a-colloquio-con-i-lags-soon-un-disco-bello-sincero-e-dalle-tante-sfumature\/\" title=\"A colloquio con i Lags: &#8220;Soon&#8221; Un disco bello, sincero e dalle tante sfumature\">[&#8230;]<\/a><\/p>\n<\/div>","protected":false},"author":2,"featured_media":46047,"comment_status":"closed","ping_status":"closed","sticky":false,"template":"","format":"standard","meta":{"sfsi_plus_gutenberg_text_before_share":"","sfsi_plus_gutenberg_show_text_before_share":"","sfsi_plus_gutenberg_icon_type":"","sfsi_plus_gutenberg_icon_alignemt":"","sfsi_plus_gutenburg_max_per_row":"","footnotes":"","_links_to":"","_links_to_target":""},"categories":[4,8],"tags":[9274,3590,9273],"class_list":["post-46045","post","type-post","status-publish","format-standard","has-post-thumbnail","hentry","category-interviste","category-uscite","tag-casu-marzu-records","tag-lags","tag-lags-soon"],"aioseo_notices":[],"_links":{"self":[{"href":"https:\/\/www.piuomenopop.it\/index.php\/wp-json\/wp\/v2\/posts\/46045","targetHints":{"allow":["GET"]}}],"collection":[{"href":"https:\/\/www.piuomenopop.it\/index.php\/wp-json\/wp\/v2\/posts"}],"about":[{"href":"https:\/\/www.piuomenopop.it\/index.php\/wp-json\/wp\/v2\/types\/post"}],"author":[{"embeddable":true,"href":"https:\/\/www.piuomenopop.it\/index.php\/wp-json\/wp\/v2\/users\/2"}],"replies":[{"embeddable":true,"href":"https:\/\/www.piuomenopop.it\/index.php\/wp-json\/wp\/v2\/comments?post=46045"}],"version-history":[{"count":9,"href":"https:\/\/www.piuomenopop.it\/index.php\/wp-json\/wp\/v2\/posts\/46045\/revisions"}],"predecessor-version":[{"id":46124,"href":"https:\/\/www.piuomenopop.it\/index.php\/wp-json\/wp\/v2\/posts\/46045\/revisions\/46124"}],"wp:featuredmedia":[{"embeddable":true,"href":"https:\/\/www.piuomenopop.it\/index.php\/wp-json\/wp\/v2\/media\/46047"}],"wp:attachment":[{"href":"https:\/\/www.piuomenopop.it\/index.php\/wp-json\/wp\/v2\/media?parent=46045"}],"wp:term":[{"taxonomy":"category","embeddable":true,"href":"https:\/\/www.piuomenopop.it\/index.php\/wp-json\/wp\/v2\/categories?post=46045"},{"taxonomy":"post_tag","embeddable":true,"href":"https:\/\/www.piuomenopop.it\/index.php\/wp-json\/wp\/v2\/tags?post=46045"}],"curies":[{"name":"wp","href":"https:\/\/api.w.org\/{rel}","templated":true}]}}