{"id":46056,"date":"2019-03-27T18:42:20","date_gmt":"2019-03-27T17:42:20","guid":{"rendered":"http:\/\/www.piuomenopop.it\/?p=46056"},"modified":"2019-03-27T18:42:20","modified_gmt":"2019-03-27T17:42:20","slug":"millencolin-saranno-gli-woes-ad-aprire-le-due-date-italiane-della-band-svedese","status":"publish","type":"post","link":"https:\/\/www.piuomenopop.it\/index.php\/2019\/03\/27\/millencolin-saranno-gli-woes-ad-aprire-le-due-date-italiane-della-band-svedese\/","title":{"rendered":"MILLENCOLIN: saranno gli Woes ad aprire le due date italiane della band svedese"},"content":{"rendered":"<p style=\"text-align: center;\"><strong>MILLENCOLIN<\/strong><\/p>\n<p style=\"text-align: center;\"><strong>SARANNO GLI WOES AD APRIRE<\/strong><\/p>\n<p style=\"text-align: center;\"><strong>LE DUE DATE ITALIANE DELLA BAND SVEDESE<\/strong><\/p>\n<p style=\"text-align: center;\">\n<strong>3 MAGGIO 2019 | LIVE CLUB | TREZZO SULL&#8217;ADDA &#8211; MILANO<\/strong><\/p>\n<p style=\"text-align: center;\"><strong>4 MAGGIO 2019 | VIDIA CLUB | CESENA<\/strong><\/p>\n<p>&nbsp;<\/p>\n<p>I due grandi appuntamenti con i Millencolin in arrivo a maggio si arricchiscono di uno special guest: gli scozzesi Woes, una delle giovani band pi\u00f9 in vista della nuova scena rock, apriranno infatti gli show di\u00a0<strong>venerd\u00ec 3 maggio<\/strong>\u00a0al\u00a0<strong>Live Club<\/strong>\u00a0di\u00a0<strong>Trezzo sull&#8217;Adda<\/strong>\u00a0(MI), e di\u00a0<strong>sabato 4 maggio<\/strong>\u00a0al\u00a0<strong>Vidia Club<\/strong>\u00a0di\u00a0<strong>Cesena<\/strong>, in occasione del party di chiusura stagione della venue romagnola.<\/p>\n<p>&nbsp;<\/p>\n<p>Attivi dal 2016, in meno di tre anni gli\u00a0<strong>Woes<\/strong>\u00a0hanno raggiunto traguardi non indifferenti come la firma con l&#8217;etichetta\u00a0<strong>UNFD<\/strong>, con cui hanno pubblicato il disco\u00a0<em><strong>Self Help<\/strong>\u00a0<\/em>nel 2018, e la partecipazione ai maggiori festival rock europei, tra i quali il Download, lo Slam Dunk e il 2000 Trees. Gi\u00e0 vista in tour con i gruppi pi\u00f9 celebri della scena pop punk (ricordiamo\u00a0<strong>State Champs e Neck Deep<\/strong>\u00a0fra gli altri), la band scozzese propone una propria versione catchy e memorabile del genere, ma senza rinunciare a una certa introspezione che conferisce profondit\u00e0 alle canzoni.<\/p>\n<p>&nbsp;<\/p>\n<p>I\u00a0<strong>Millencolin<\/strong>\u00a0hanno invece appena pubblicato il loro nono album in studio, intitolato\u00a0<em><strong>SOS<\/strong><\/em>, su Epitaph Records, etichetta che \u00e8 l&#8217;incarnazione stessa del punk rock, cementando un sodalizio che dura fin dai tempi di\u00a0<em>Life on a Plate<\/em>.\u00a0<strong><em>SOS<\/em>\u00a0<\/strong>\u00e8 stato registrato presso gli studi della band, i Soundlab Studios di \u00d6rebro, ed \u00e8 stato mixato da Jens Bogren presso i Fascination Street Studios, facendo registrare uno stuolo di recensioni positive dalla critica e dai fan, che l&#8217;hanno descritto come\u00a0<strong>il miglior album della band\u00a0<\/strong>dai tempi di\u00a0<em>Home from Home<\/em>.<\/p>\n<p>&nbsp;<\/p>\n<p>Ecco i dettagli delle date:<\/p>\n<p>&nbsp;<\/p>\n<p><strong>MILLENCOLIN<\/strong><\/p>\n<p><strong>+ Woes<\/strong><\/p>\n<p><strong>3 MAGGIO 2019 | LIVE CLUB | TREZZO SULL&#8217;ADDA (MI)<\/strong><\/p>\n<p>Ingresso in prevendita: 22,00\u20ac + diritti di prevendita<\/p>\n<p>Ingresso in cassa: 25,00\u20ac<br \/>\nPrevendite disponibili sul circuito Mailticket e Ticketone.<\/p>\n<p>&nbsp;<\/p>\n<p><strong>4 MAGGIO 2019 | VIDIA CLUB | CESENA<\/strong><\/p>\n<p>Ingresso in prevendita: 22,00\u20ac + diritti di prevendita<\/p>\n<p>Ingresso in cassa: 25,00\u20ac<br \/>\nPrevendite disponibili su\u00a0<a href=\"http:\/\/vidiaclub.com\/\" target=\"_blank\" rel=\"noopener noreferrer\" data-saferedirecturl=\"https:\/\/www.google.com\/url?q=http:\/\/vidiaclub.com&amp;source=gmail&amp;ust=1553790237094000&amp;usg=AFQjCNHBFbYHJSHhsG91catguCqzt-wbUg\">vidiaclub.com<\/a>\u00a0e sul circuito Ticketone.<\/p>\n","protected":false},"excerpt":{"rendered":"<div class=\"mh-excerpt\"><p>MILLENCOLIN SARANNO GLI WOES AD APRIRE LE DUE DATE ITALIANE DELLA BAND SVEDESE 3 MAGGIO 2019 | LIVE CLUB | TREZZO SULL&#8217;ADDA &#8211; MILANO 4 <a class=\"mh-excerpt-more\" href=\"https:\/\/www.piuomenopop.it\/index.php\/2019\/03\/27\/millencolin-saranno-gli-woes-ad-aprire-le-due-date-italiane-della-band-svedese\/\" title=\"MILLENCOLIN: saranno gli Woes ad aprire le due date italiane della band svedese\">[&#8230;]<\/a><\/p>\n<\/div>","protected":false},"author":2,"featured_media":46057,"comment_status":"closed","ping_status":"closed","sticky":false,"template":"","format":"standard","meta":{"sfsi_plus_gutenberg_text_before_share":"","sfsi_plus_gutenberg_show_text_before_share":"","sfsi_plus_gutenberg_icon_type":"","sfsi_plus_gutenberg_icon_alignemt":"","sfsi_plus_gutenburg_max_per_row":"","footnotes":"","_links_to":"","_links_to_target":""},"categories":[5184,3],"tags":[8177],"class_list":["post-46056","post","type-post","status-publish","format-standard","has-post-thumbnail","hentry","category-calendario-concerti","category-news","tag-millencolin"],"aioseo_notices":[],"_links":{"self":[{"href":"https:\/\/www.piuomenopop.it\/index.php\/wp-json\/wp\/v2\/posts\/46056","targetHints":{"allow":["GET"]}}],"collection":[{"href":"https:\/\/www.piuomenopop.it\/index.php\/wp-json\/wp\/v2\/posts"}],"about":[{"href":"https:\/\/www.piuomenopop.it\/index.php\/wp-json\/wp\/v2\/types\/post"}],"author":[{"embeddable":true,"href":"https:\/\/www.piuomenopop.it\/index.php\/wp-json\/wp\/v2\/users\/2"}],"replies":[{"embeddable":true,"href":"https:\/\/www.piuomenopop.it\/index.php\/wp-json\/wp\/v2\/comments?post=46056"}],"version-history":[{"count":1,"href":"https:\/\/www.piuomenopop.it\/index.php\/wp-json\/wp\/v2\/posts\/46056\/revisions"}],"predecessor-version":[{"id":46058,"href":"https:\/\/www.piuomenopop.it\/index.php\/wp-json\/wp\/v2\/posts\/46056\/revisions\/46058"}],"wp:featuredmedia":[{"embeddable":true,"href":"https:\/\/www.piuomenopop.it\/index.php\/wp-json\/wp\/v2\/media\/46057"}],"wp:attachment":[{"href":"https:\/\/www.piuomenopop.it\/index.php\/wp-json\/wp\/v2\/media?parent=46056"}],"wp:term":[{"taxonomy":"category","embeddable":true,"href":"https:\/\/www.piuomenopop.it\/index.php\/wp-json\/wp\/v2\/categories?post=46056"},{"taxonomy":"post_tag","embeddable":true,"href":"https:\/\/www.piuomenopop.it\/index.php\/wp-json\/wp\/v2\/tags?post=46056"}],"curies":[{"name":"wp","href":"https:\/\/api.w.org\/{rel}","templated":true}]}}