{"id":46111,"date":"2019-03-27T23:02:19","date_gmt":"2019-03-27T22:02:19","guid":{"rendered":"http:\/\/www.piuomenopop.it\/?p=46111"},"modified":"2019-03-27T23:02:19","modified_gmt":"2019-03-27T22:02:19","slug":"la-bellezza-salvera-il-mondo-italian-beauty-il-nuovo-album-de-la-governante","status":"publish","type":"post","link":"https:\/\/www.piuomenopop.it\/index.php\/2019\/03\/27\/la-bellezza-salvera-il-mondo-italian-beauty-il-nuovo-album-de-la-governante\/","title":{"rendered":"La bellezza salver\u00e0 il mondo? &#8211; &#8220;Italian Beauty&#8221;,  il nuovo album de La Governante"},"content":{"rendered":"<p>A cura di <a href=\"https:\/\/www.facebook.com\/serena.coletti.16\" target=\"_blank\" rel=\"noopener noreferrer\"><strong>Serena Coletti<\/strong><\/a><\/p>\n<p style=\"text-align: center;\"><strong>La Governante<\/strong><\/p>\n<p style=\"text-align: center;\"><span style=\"font-weight: 400;\">\u201cItalian Beauty\u201d<br \/>\n<img loading=\"lazy\" decoding=\"async\" class=\"size-medium wp-image-45672 aligncenter\" src=\"http:\/\/www.piuomenopop.it\/wp-content\/uploads\/2019\/03\/governante-Small-300x300.jpg\" alt=\"\" width=\"300\" height=\"300\" srcset=\"https:\/\/www.piuomenopop.it\/wp-content\/uploads\/2019\/03\/governante-Small-300x300.jpg 300w, https:\/\/www.piuomenopop.it\/wp-content\/uploads\/2019\/03\/governante-Small-150x150.jpg 150w, https:\/\/www.piuomenopop.it\/wp-content\/uploads\/2019\/03\/governante-Small.jpg 480w\" sizes=\"auto, (max-width: 300px) 100vw, 300px\" \/><br \/>\n<\/span><span style=\"font-weight: 400;\">(La fabbrica)<\/span><\/p>\n<p>&nbsp;<\/p>\n<p><span style=\"font-weight: 400;\">Tracklist<\/span><\/p>\n<ol>\n<li><em><span style=\"font-weight: 400;\">1.Sopra la Citt\u00e0<\/span><\/em><\/li>\n<li><em><span style=\"font-weight: 400;\">2.Le Nostre Attese ai Semafori Spenti<\/span><\/em><\/li>\n<li><em><span style=\"font-weight: 400;\"> Dove Appenderai il Tuo Amore<\/span><\/em><\/li>\n<li><em><span style=\"font-weight: 400;\"> La Fretta Inutile<\/span><\/em><\/li>\n<li><em><span style=\"font-weight: 400;\"> La Belle Epoque (feat. The Niro)<\/span><\/em><\/li>\n<li><em><span style=\"font-weight: 400;\"> Come Questo Synth<\/span><\/em><\/li>\n<li><em><span style=\"font-weight: 400;\"> Gran Rico<\/span><\/em><\/li>\n<li><em><span style=\"font-weight: 400;\"> Alberi Infiniti<\/span><\/em><\/li>\n<li><em><span style=\"font-weight: 400;\"> The Dreamers<\/span><\/em><\/li>\n<li><em><span style=\"font-weight: 400;\"> In un Palmo di Mano<\/span><\/em><\/li>\n<li><em><span style=\"font-weight: 400;\"> L&#8217;amore Muove il Vento<\/span><\/em><\/li>\n<\/ol>\n<p>&nbsp;<\/p>\n<p><span style=\"font-weight: 400;\">\u00c8 uscito il 26 marzo <strong>\u201cItalian Beauty\u201d<\/strong>, il nuovo album de <a href=\"https:\/\/www.facebook.com\/lagovernanteband\/\" target=\"_blank\" rel=\"noopener noreferrer\"><strong>La Governante<\/strong><\/a>. Loro sono Salvatore Micalizio (voce e synth), Sergio Longo (batteria e beat), Daniele Ricca (chitarra e synth) e Maurizio Carrabino (basso e synth bass), e \u201cItalian Beauty\u201d \u00e8 un album le cui sonorit\u00e0 viaggiano tra il pop e l\u2019elettronica, che si colloca un po\u2019 nel punto di equilibrio di un ideale triangolo composto da Baustelle, Cosmo e i The xx. <\/span><\/p>\n<p><span style=\"font-weight: 400;\">Non tragga in confusione il titolo, questo \u00e8 un disco caratterizzato dall\u2019ampio respiro internazionale, sia per quanto riguarda le ispirazioni che da un punto di vista pi\u00f9 effettivo, basti pensare che la copertina e tutto il lavoro visivo sono stati affidati a Conrad Roset, uno spagnolo. \u201cItalian Beauty\u201d \u00e8 invece una citazione ad uno dei film pi\u00f9 significativi degli ultimi (ormai 20) anni: \u201cAmerican Beauty\u201d. Il lungometraggio di Sam Mendes evidenziava la frattura drammatica che attraversa una societ\u00e0 apparentemente idilliaca, quella tipica medio borghesia americana che vive nella quiete delle loro periferie residenziali, coniugando magistralmente la bellezza delle immagini all\u2019intensit\u00e0 del messaggio. Ecco, l\u2019idea alla base di \u201cItalian Beauty\u201d \u00e8 che questa frattura, questa crisi, attraversi anche la nostra societ\u00e0, che dovrebbe quindi cercare di ricostituirsi partendo da una visione pi\u00f9 umana, e, ovviamente dalla bellezza. Come dichiarato esplicitamente in \u201cLa belle epoque\u201d, canzone che vede la partecipazione di <strong>The Niro<\/strong>, la bellezza a cui fa riferimento La Governante \u00e8 irrimediabilmente donna. <\/span><\/p>\n<blockquote><p><i><span style=\"font-weight: 400;\">\u201cL\u2019inconfondibile aura romantica aleggia intorno alle donne<\/span><\/i><\/p>\n<p><i><span style=\"font-weight: 400;\">sin dai tempi in cui nasceva il romanticismo<\/span><\/i><\/p>\n<p><i><span style=\"font-weight: 400;\">e chi meglio delle donne poteva ispirarlo?\u201d<\/span><\/i><\/p><\/blockquote>\n<p><span style=\"font-weight: 400;\">Cos\u00ec tutto il disco diventa un\u2019opera seduttiva, che vuole conquistare emanando rilassatezza e desiderio. Un ruolo chiave in questo \u00e8 anche attribuito alla cultura, che qui passa veramente come qualcosa di sexy, e che ancora una volta va a comporre i valori sui quali la band scommetterebbe per creare un mondo, o almeno un\u2019Italia, meno barbarica. All\u2019interno della cultura \u00e8 sicuramente inclusa la cinefilia, che oltre al titolo emerge in un paio di campionamenti, ma anche una passione per la musica a tutto tondo, che porta La Governante a citare in una canzone Mina e in quella successiva i Sigur R\u00f3s. <\/span><\/p>\n<p><span style=\"font-weight: 400;\">\u00c8 sicuramente apprezzabile quindi il lavoro che c\u2019\u00e8 dietro questo album e che consente di ottenere una sostanziale armonia delle sue molteplici anime, sia dal punto di vista musicale, ottima l\u2019integrazione tra i synth e le chitarre, che dal punto di vista della visione che cerca di esprimere. Qualcosa di intrinsecamente intimo come la bellezza diventa motore di una possibile rivoluzione. A tratti, per\u00f2, si ha l\u2019impressione di assistere a una forzatura eccessiva. Una componente essenziale della bellezza \u00e8 il fascino e questo non pu\u00f2 essere allenato, riprodotto volontariamente, o rischierebbe di sfociare nel ridicolo. \u201cItalian Beauty\u201d barcolla non poco su questo sottile confine, con le sue immagini ormai trite e ritrite di vita notturna, alternativa, che si ispira agli ideali della generazione beat, che si distingue ed eleva sulla base di una qualche superiorit\u00e0 culturale. <\/span><\/p>\n<p><span style=\"font-weight: 400;\">Non oserei mai criticare Dostoevskij quando sostiene che \u201cla bellezza salver\u00e0 il mondo\u201d, e non posso che augurarmi che la prospettiva proposta da La Governante in \u201cItalian Beauty\u201d diventi realt\u00e0, ma siamo nel 2019. Non sarebbe forse ora, per chi si sente artista, per tutti coloro che vedono nella bellezza la linea guida della loro vita, di cercare \u00a0per questa nuove espressioni, nuove forme, nuove idee? Gli album che si collocano tra il pop e l\u2019elettronica non sono certo una rarit\u00e0 di questi tempi, quindi per rendere il proprio lavoro significativo probabilmente si dovrebbe cercare di andare oltre il seminato. Sinceramente, sentivamo proprio il bisogno di ascoltare un nuovo elogio della donna in quanto incarnazione di valori quali la grazia, la bellezza, l\u2019armonia?<\/span><\/p>\n<p style=\"text-align: center;\"><iframe loading=\"lazy\" src=\"https:\/\/open.spotify.com\/embed\/album\/5imVQbPml9HK5lrvASJAYW\" width=\"300\" height=\"380\" frameborder=\"0\"><\/iframe><\/p>\n","protected":false},"excerpt":{"rendered":"<div class=\"mh-excerpt\"><p>A cura di Serena Coletti La Governante \u201cItalian Beauty\u201d (La fabbrica) &nbsp; Tracklist 1.Sopra la Citt\u00e0 2.Le Nostre Attese ai Semafori Spenti Dove Appenderai il <a class=\"mh-excerpt-more\" href=\"https:\/\/www.piuomenopop.it\/index.php\/2019\/03\/27\/la-bellezza-salvera-il-mondo-italian-beauty-il-nuovo-album-de-la-governante\/\" title=\"La bellezza salver\u00e0 il mondo? &#8211; &#8220;Italian Beauty&#8221;,  il nuovo album de La Governante\">[&#8230;]<\/a><\/p>\n<\/div>","protected":false},"author":2,"featured_media":45673,"comment_status":"closed","ping_status":"closed","sticky":false,"template":"","format":"standard","meta":{"sfsi_plus_gutenberg_text_before_share":"","sfsi_plus_gutenberg_show_text_before_share":"","sfsi_plus_gutenberg_icon_type":"","sfsi_plus_gutenberg_icon_alignemt":"","sfsi_plus_gutenburg_max_per_row":"","footnotes":"","_links_to":"","_links_to_target":""},"categories":[8,7],"tags":[9289,9288,4532],"class_list":["post-46111","post","type-post","status-publish","format-standard","has-post-thumbnail","hentry","category-uscite","category-recensioni","tag-italian-beauty","tag-la-governante","tag-serena-coletti"],"aioseo_notices":[],"_links":{"self":[{"href":"https:\/\/www.piuomenopop.it\/index.php\/wp-json\/wp\/v2\/posts\/46111","targetHints":{"allow":["GET"]}}],"collection":[{"href":"https:\/\/www.piuomenopop.it\/index.php\/wp-json\/wp\/v2\/posts"}],"about":[{"href":"https:\/\/www.piuomenopop.it\/index.php\/wp-json\/wp\/v2\/types\/post"}],"author":[{"embeddable":true,"href":"https:\/\/www.piuomenopop.it\/index.php\/wp-json\/wp\/v2\/users\/2"}],"replies":[{"embeddable":true,"href":"https:\/\/www.piuomenopop.it\/index.php\/wp-json\/wp\/v2\/comments?post=46111"}],"version-history":[{"count":2,"href":"https:\/\/www.piuomenopop.it\/index.php\/wp-json\/wp\/v2\/posts\/46111\/revisions"}],"predecessor-version":[{"id":46113,"href":"https:\/\/www.piuomenopop.it\/index.php\/wp-json\/wp\/v2\/posts\/46111\/revisions\/46113"}],"wp:featuredmedia":[{"embeddable":true,"href":"https:\/\/www.piuomenopop.it\/index.php\/wp-json\/wp\/v2\/media\/45673"}],"wp:attachment":[{"href":"https:\/\/www.piuomenopop.it\/index.php\/wp-json\/wp\/v2\/media?parent=46111"}],"wp:term":[{"taxonomy":"category","embeddable":true,"href":"https:\/\/www.piuomenopop.it\/index.php\/wp-json\/wp\/v2\/categories?post=46111"},{"taxonomy":"post_tag","embeddable":true,"href":"https:\/\/www.piuomenopop.it\/index.php\/wp-json\/wp\/v2\/tags?post=46111"}],"curies":[{"name":"wp","href":"https:\/\/api.w.org\/{rel}","templated":true}]}}