{"id":46256,"date":"2019-03-29T14:41:12","date_gmt":"2019-03-29T13:41:12","guid":{"rendered":"http:\/\/www.piuomenopop.it\/?p=46256"},"modified":"2019-03-29T14:41:12","modified_gmt":"2019-03-29T13:41:12","slug":"levante-ritorna-il-5-aprile-con-un-nuovo-singolo-andra-tutto-bene-e-in-estate-unanteprima-del-tour-nelle-arene-storiche-italiane","status":"publish","type":"post","link":"https:\/\/www.piuomenopop.it\/index.php\/2019\/03\/29\/levante-ritorna-il-5-aprile-con-un-nuovo-singolo-andra-tutto-bene-e-in-estate-unanteprima-del-tour-nelle-arene-storiche-italiane\/","title":{"rendered":"LEVANTE: ritorna il 5 aprile con un nuovo singolo &#8220;Andr\u00e0 tutto bene&#8221; e in estate un&#8217;anteprima del tour nelle arene storiche italiane"},"content":{"rendered":"<p class=\"m_-8055606138114613482gmail-p1\" style=\"text-align: center;\"><span class=\"m_-8055606138114613482gmail-s1\"><b>LEVANTE<\/b><\/span><\/p>\n<p class=\"m_-8055606138114613482gmail-p2\" style=\"text-align: center;\"><span class=\"m_-8055606138114613482gmail-s1\"><b><i>L\u2019icona del nuovo pop italiano<\/i><\/b><\/span><\/p>\n<p class=\"m_-8055606138114613482gmail-p2\" style=\"text-align: center;\"><span class=\"m_-8055606138114613482gmail-s1\"><b>Ritorna il 5 aprile con un nuovo singolo<span class=\"m_-8055606138114613482gmail-Apple-converted-space\">\u00a0<\/span><\/b><\/span><\/p>\n<p class=\"m_-8055606138114613482gmail-p3\" style=\"text-align: center;\"><span class=\"m_-8055606138114613482gmail-s1\"><b>\u201cAndr\u00e0 tutto bene\u201d<span class=\"m_-8055606138114613482gmail-Apple-converted-space\">\u00a0<\/span><\/b><\/span><\/p>\n<p class=\"m_-8055606138114613482gmail-p4\" style=\"text-align: center;\"><span class=\"m_-8055606138114613482gmail-s1\"><b><i>Una fotografia dei<span class=\"m_-8055606138114613482gmail-Apple-converted-space\">\u00a0\u00a0<\/span>fatti di cronaca che stanno cambiando il mondo e la coscienza individuale e sociale<\/i><\/b><\/span><\/p>\n<p>&nbsp;<\/p>\n<p class=\"m_-8055606138114613482gmail-p6\"><span class=\"m_-8055606138114613482gmail-s1\"><b>Quest\u2019estate un\u2019anteprima del tour in arene storiche del nostro Paese<\/b><\/span><\/p>\n<p class=\"m_-8055606138114613482gmail-p7\"><span class=\"m_-8055606138114613482gmail-s1\">Cantautrice del nuovo pop italiano, icona di stile naturale e versatile, dopo 3 album di successo per pubblico e critica e due libri bestseller,<b>\u00a0Levante<\/b>\u00a0torna con un\u00a0<b>nuovo singolo<\/b>\u00a0in uscita il\u00a0<b>5 aprile<\/b>\u00a0per Warner Music, primo passo del suo nuovo percorso discografico.<\/span><\/p>\n<p class=\"m_-8055606138114613482gmail-p8\"><span class=\"m_-8055606138114613482gmail-s1\"><b><i>\u201cAndr\u00e0 Tutto Bene\u201d,<\/i><\/b>\u00a0questo \u00e8 il titolo del nuovo brano, parla di futuro senza memoria, elenca lo spaventoso presente ma si aggrappa alla promessa che \u201candr\u00e0 tutto bene.\u201d<\/span><\/p>\n<p class=\"m_-8055606138114613482gmail-p8\"><span class=\"m_-8055606138114613482gmail-s1\">Non \u00e8 solo un notiziario, \u00e8 una presa di coscienza, ritrovarsi grandi e sentirsi comunque piccoli davanti a catastrofi ambientali, politiche disumane e indifferenza quasi pornografica, da censura.<br \/>\nL\u2019uomo del presente ha dimenticato gli uomini del passato, quelli delle grandi rivoluzioni, delle grandi evoluzioni e senza un\u2019idea di futuro indietreggia per paura nelle scelte sbagliate, issa muri e allontana ci\u00f2 che non comprende.<\/span><\/p>\n<p class=\"m_-8055606138114613482gmail-p8\"><span class=\"m_-8055606138114613482gmail-s1\">Quest\u2019estate Levante sar\u00e0 in tour in alcune delle arene storiche italiane. I biglietti per il tour estivo nelle\u00a0arene storiche\u00a0saranno disponibili su\u00a0<a href=\"http:\/\/mtrack.me\/tracking\/raWzMz50paMkCGD5ZmV2BGH1AGLzMKWjqzA2pzSaqaR9AQx2Zmp0AQHmWay2LKu2pG0kBQtjZQx5ZGx2ZSZ\" target=\"_blank\" rel=\"noopener noreferrer\" data-saferedirecturl=\"https:\/\/www.google.com\/url?q=http:\/\/mtrack.me\/tracking\/raWzMz50paMkCGD5ZmV2BGH1AGLzMKWjqzA2pzSaqaR9AQx2Zmp0AQHmWay2LKu2pG0kBQtjZQx5ZGx2ZSZ&amp;source=gmail&amp;ust=1553952946768000&amp;usg=AFQjCNGwR_lMKsigi8zIrDBb5Lx7V4zFbQ\"><span class=\"m_-8055606138114613482gmail-s2\">ticketone.it<\/span><\/a>\u00a0dalle ore 10.00 di luned\u00ec 1 aprile. Chi \u00e8 iscritto alla newsletter ufficiale ricever\u00e0 una comunicazione che permetter\u00e0 l\u2019acquisto esclusivo dei biglietti in pre-sale. Chi non \u00e8 ancora iscritto alla newsletter pu\u00f2 farlo al link\u00a0<a href=\"http:\/\/mtrack.me\/tracking\/raWzMz50paMkCGD5ZmV2BGH1AGLzMKWjqzA2pzSaqaR9AQx2Zmp0AQHmWay2LKu2pG0kBQtjZQx5ZGx2AIN\" target=\"_blank\" rel=\"noopener noreferrer\" data-saferedirecturl=\"https:\/\/www.google.com\/url?q=http:\/\/mtrack.me\/tracking\/raWzMz50paMkCGD5ZmV2BGH1AGLzMKWjqzA2pzSaqaR9AQx2Zmp0AQHmWay2LKu2pG0kBQtjZQx5ZGx2AIN&amp;source=gmail&amp;ust=1553952946768000&amp;usg=AFQjCNGYaRda3C18AVRGNITfXl8u-ac8xg\"><span class=\"m_-8055606138114613482gmail-s3\">https:\/\/www.<wbr \/>levanteofficial.com\/<wbr \/>newsletter\/<\/span><\/a><\/span><span class=\"m_-8055606138114613482gmail-s4\">\u00a0\u00a0<\/span><span class=\"m_-8055606138114613482gmail-s1\">entro le ore 16.00 di venerd\u00ec 29 marzo.<\/span><\/p>\n<p class=\"m_-8055606138114613482gmail-p7\"><span class=\"m_-8055606138114613482gmail-s1\">Questi gli appuntamenti:<\/span><\/p>\n<p class=\"m_-8055606138114613482gmail-p9\"><span class=\"m_-8055606138114613482gmail-s1\">10 luglio \u00a0 @ Fiesole (FI) &#8211; Teatro Romano<\/span><\/p>\n<p class=\"m_-8055606138114613482gmail-p9\"><span class=\"m_-8055606138114613482gmail-s1\">11 luglio \u00a0 @ Cervere (CN) &#8211; Anfiteatro dell&#8217;Anima<\/span><\/p>\n<p class=\"m_-8055606138114613482gmail-p9\"><span class=\"m_-8055606138114613482gmail-s1\">19 luglio \u00a0 @ Ostia Antica (RM) &#8211; Teatro Romano<\/span><\/p>\n<p class=\"m_-8055606138114613482gmail-p9\"><span class=\"m_-8055606138114613482gmail-s1\">20 luglio \u00a0 @ Caserta &#8211; Belvedere Reale<\/span><\/p>\n<p class=\"m_-8055606138114613482gmail-p9\"><span class=\"m_-8055606138114613482gmail-s1\">6 agosto \u00a0 @ Lecce &#8211; Cattedrale<\/span><\/p>\n<p class=\"m_-8055606138114613482gmail-p9\"><span class=\"m_-8055606138114613482gmail-s1\">9 agosto \u00a0 @ Reggio Calabria &#8211; Castello Aragonese<\/span><\/p>\n<p class=\"m_-8055606138114613482gmail-p9\"><span class=\"m_-8055606138114613482gmail-s1\">18 agosto @ Riola Sardo (OR) &#8211; Parco dei Suoni<\/span><\/p>\n<p class=\"m_-8055606138114613482gmail-p9\"><span class=\"m_-8055606138114613482gmail-s1\">22 agosto @ Macerata &#8211; Sferisterio\u00a0<\/span><\/p>\n<p class=\"m_-8055606138114613482gmail-p9\"><span class=\"m_-8055606138114613482gmail-s1\">3 settembre \u00a0@ Verona &#8211; Teatro Romano<\/span><\/p>\n","protected":false},"excerpt":{"rendered":"<div class=\"mh-excerpt\"><p>LEVANTE L\u2019icona del nuovo pop italiano Ritorna il 5 aprile con un nuovo singolo\u00a0 \u201cAndr\u00e0 tutto bene\u201d\u00a0 Una fotografia dei\u00a0\u00a0fatti di cronaca che stanno cambiando <a class=\"mh-excerpt-more\" href=\"https:\/\/www.piuomenopop.it\/index.php\/2019\/03\/29\/levante-ritorna-il-5-aprile-con-un-nuovo-singolo-andra-tutto-bene-e-in-estate-unanteprima-del-tour-nelle-arene-storiche-italiane\/\" title=\"LEVANTE: ritorna il 5 aprile con un nuovo singolo &#8220;Andr\u00e0 tutto bene&#8221; e in estate un&#8217;anteprima del tour nelle arene storiche italiane\">[&#8230;]<\/a><\/p>\n<\/div>","protected":false},"author":2,"featured_media":46257,"comment_status":"closed","ping_status":"closed","sticky":false,"template":"","format":"standard","meta":{"sfsi_plus_gutenberg_text_before_share":"","sfsi_plus_gutenberg_show_text_before_share":"","sfsi_plus_gutenberg_icon_type":"","sfsi_plus_gutenberg_icon_alignemt":"","sfsi_plus_gutenburg_max_per_row":"","footnotes":"","_links_to":"","_links_to_target":""},"categories":[5184,3,8],"tags":[9197,3049],"class_list":["post-46256","post","type-post","status-publish","format-standard","has-post-thumbnail","hentry","category-calendario-concerti","category-news","category-uscite","tag-andra-tutto-bene","tag-levante"],"aioseo_notices":[],"_links":{"self":[{"href":"https:\/\/www.piuomenopop.it\/index.php\/wp-json\/wp\/v2\/posts\/46256","targetHints":{"allow":["GET"]}}],"collection":[{"href":"https:\/\/www.piuomenopop.it\/index.php\/wp-json\/wp\/v2\/posts"}],"about":[{"href":"https:\/\/www.piuomenopop.it\/index.php\/wp-json\/wp\/v2\/types\/post"}],"author":[{"embeddable":true,"href":"https:\/\/www.piuomenopop.it\/index.php\/wp-json\/wp\/v2\/users\/2"}],"replies":[{"embeddable":true,"href":"https:\/\/www.piuomenopop.it\/index.php\/wp-json\/wp\/v2\/comments?post=46256"}],"version-history":[{"count":1,"href":"https:\/\/www.piuomenopop.it\/index.php\/wp-json\/wp\/v2\/posts\/46256\/revisions"}],"predecessor-version":[{"id":46258,"href":"https:\/\/www.piuomenopop.it\/index.php\/wp-json\/wp\/v2\/posts\/46256\/revisions\/46258"}],"wp:featuredmedia":[{"embeddable":true,"href":"https:\/\/www.piuomenopop.it\/index.php\/wp-json\/wp\/v2\/media\/46257"}],"wp:attachment":[{"href":"https:\/\/www.piuomenopop.it\/index.php\/wp-json\/wp\/v2\/media?parent=46256"}],"wp:term":[{"taxonomy":"category","embeddable":true,"href":"https:\/\/www.piuomenopop.it\/index.php\/wp-json\/wp\/v2\/categories?post=46256"},{"taxonomy":"post_tag","embeddable":true,"href":"https:\/\/www.piuomenopop.it\/index.php\/wp-json\/wp\/v2\/tags?post=46256"}],"curies":[{"name":"wp","href":"https:\/\/api.w.org\/{rel}","templated":true}]}}