{"id":467,"date":"2016-04-20T14:52:50","date_gmt":"2016-04-20T12:52:50","guid":{"rendered":"http:\/\/www.piuomenopop.it\/?p=467"},"modified":"2018-01-01T19:46:48","modified_gmt":"2018-01-01T18:46:48","slug":"urali-cafe-librairie-cs-intervistalive-report","status":"publish","type":"post","link":"https:\/\/www.piuomenopop.it\/index.php\/2016\/04\/20\/urali-cafe-librairie-cs-intervistalive-report\/","title":{"rendered":"Urali @ Caf\u00e8 Librairie (CS) &#8211; Intervista\/Live Report"},"content":{"rendered":"<p><img loading=\"lazy\" decoding=\"async\" class=\"alignnone size-medium wp-image-458 aligncenter\" src=\"http:\/\/www.piuomenopop.it\/wp-content\/uploads\/2016\/04\/DSC7778-300x200.jpg\" alt=\"_DSC7778\" width=\"300\" height=\"200\" \/><\/p>\n<p>Lo scorso venerd\u00ec 15 aprile siamo andati al <a href=\"https:\/\/www.facebook.com\/cafelibrairie.cosenza\/?fref=ts\" target=\"_blank\">Caf\u00e9 Librairie<\/a> di Cosenza ad ascoltare \u201c<em><a href=\"https:\/\/www.facebook.com\/Uralisugliurali\/?fref=ts\" target=\"_blank\"><strong>Urali<\/strong><\/a><\/em>\u201d, il progetto artistico di <strong>Ivan Tonelli<\/strong> uscito a gennaio con il suo secondo album \u201c<strong>Persona<\/strong>\u201d per <strong>To Lose La Track\/Fallo Dischi<\/strong>.<br \/>\nIvan, one man band, canta i suoi pezzi \u00a0con una voce nitida e pulita mentre con la chitarra \u00e8 capace di passare in pochi secondi da arpeggi puliti a suoni aspri ed elettrici, esplosioni di drone, atmosfere metal.<br \/>\nSono proprio le \u00a0tantissime sfumature di ogni suo lavoro che rendono il suo progetto molto personale e originale, quasi una mosca bianca in un panorama italiano dove la ricerca della semplicit\u00e0 sfocia spesso nell\u2019insipienza.<\/p>\n<p>La cornice del concerto, il Caf\u00e8 Libraire, \u00e8 un posto piccolo e intimo al centro di Cosenza in cui cultura e arte sono realmente a portata di mano. Lo ritrovi non solo nel nome del locale, ma anche nei quadri appesi ai muri di un giovane artista locale, <a href=\"https:\/\/www.facebook.com\/robgentiligraphic\/?fref=ts\" target=\"_blank\">Roberto Gentili<\/a>, nelle rassegne musicali e teatrali che vengono organizzate nel locale, persino nei nomi dei panini che qui si chiamano Proust, Montale, Kafka. Qui in poco tempo, grazie all\u2019encomiabile lavoro di <a href=\"https:\/\/www.facebook.com\/turnover.concerti.5\/?ref=ts&amp;fref=ts\" target=\"_blank\">Turnover Concerti<\/a>, ha trovato giusta dimora <em>\u201c<strong>Comfort Me<\/strong>\u201d<\/em>, rassegna musicale che in pochi mesi ha portato a calcare il piccolo palco del locale splendenti gemme musicali provenienti da tutto il mondo.\u00a0 Dai <strong>Coffee or Not<\/strong>, delicato e insieme energico duo belga, al cantautore bresciano Caso, da <strong>Armaud<\/strong>, progetto chitarra e voce tra Italia e Olanda, al folk psichedelico di <strong>Tall Tall Trees<\/strong>, fino ad arrivare a <strong>Urali<\/strong>.<br \/>\nA ciascuno di loro questo locale d\u00e0 la possibilit\u00e0 di presentare davanti ad un pubblico eterogeneo, il proprio progetto. Da chi \u00e8 li solo per chiacchierare con gli amici e bere una birra a chi, ed \u00e8 la maggior parte, \u00e8 interessata alla proposta culturale per cui offre \u201corecchie e cuore\u201d all\u2019artista che ha di fronte. Proprio come \u00e8 accaduto per Urali.<\/p>\n<p>Se col primo suo lavoro eponimo Ivan si era gi\u00e0 fatto conoscere e apprezzare per l\u2019originalit\u00e0 e la genuinit\u00e0 della proposta, Persona \u00e8 sicuramente un disco pi\u00f9 maturo, meglio strutturato e parla, come \u00e8 chiaro dal titolo, di uomini e donne, conosciute personalmente ma anche, come da lui stesso dichiarato, rintracciabili nella realt\u00e0.<\/p>\n<p>Prima del concerto abbiamo fatto due chiacchiere con Ivan.<\/p>\n<p>&nbsp;<\/p>\n<ul>\n<li><strong>Innanzitutto devi togliermi una curiosit\u00e0, perch\u00e9 \u201cUrali\u201d? Ha a che fare solo con le montagne o riguarda l\u2019ostacolo, la separazione tra Europa e Asia?<\/strong><\/li>\n<\/ul>\n<p>Il nome l\u2019ha scelto Steve, uno dei due ragazzi che hanno prodotto Persona, a me \u00e8 piaciuto molto da subito, suona bene. In effetti avevo pensato a qualcosa che avesse a che fare con un ostacolo montuoso. Niente pu\u00f2 raffigurarlo meglio degli Urali, un ostacolo naturale molto grande che rappresenta anche la barriera che ho dovuto superare nel lavorare al mio album da solo.<\/p>\n<ul>\n<li><strong>Avevo ascoltato anche il tuo primo lavoro rimanendone piacevolmente colpita. Credo per\u00f2 che con Persona tu abbia fatto un passo avanti; l\u2019album pur rimanendo una tua creatura risulta pi\u00f9 rotondo, meglio strutturato, forse pi\u00f9 pensato, pi\u00f9 costruito\u2026\u00e8 cos\u00ec?<\/strong><\/li>\n<\/ul>\n<p>Il primo disco \u00e8 stato buttato gi\u00f9 di getto. Per il secondo, invece, mi sono preso un po\u2019 di tempo, due anni, consapevole di quello che gi\u00e0 avevo fatto, e ho provato ad aggiungere altro, la scrittura \u00e8 durata molto di pi\u00f9 con risultati chiaramente diversi. Sicuramente c\u2019entrano anche le esperienze maturate negli ultimi due anni, gli ascolti, un po\u2019 di tutto, credo. Ho la \u201cfortuna\u201d di essere da\u00a0 solo, di non dover fissare le prove con altre persone, cedere a compromessi, diciamo che il mio processo di scrittura \u00e8 un processo anarchico. \u00c8 successo, ad esempio, di essere entrato in camera mia con delle idee, di voler parlare di una certa persona e cercare subito il modo di farlo.<\/p>\n<p>Ad esempio \u201c<em>Hector<\/em>\u201d volevo fosse un pezzo black metal e ho seguito quella via, in \u201c<em>George<\/em>\u201d cercavo un certo tipo di spessore nella chitarra e ho cercato di riproporlo.<\/p>\n<ul>\n<li><strong>Credo, ascoltando Persona, che si possa parlare di un vero e proprio concept album, le canzoni sono legate l\u2019una all\u2019altra. A me \u00e8 piaciuta particolarmente \u201c<em>Hector<\/em>\u201d che nel titolo e nella musica \u00e8 formata da due parti: \u201cHorror vacui\u201d e \u201cA friend\u201d. Volevo chiederti: credi nella teoria Aristotelica secondo la quale la natura rifugge il vuoto? Pensi che uno dei modi per riempire questo vuoto sia l\u2019amicizia?<\/strong><\/li>\n<\/ul>\n<p>Credo che la risposta giusta sia ni. La canzone\u00a0 pi\u00f9 che altro \u00e8 il racconto della mia amicizia con Hector, una sorta di Will Hunting, punk e genio matematico, fuori dagli schemi. \u00c8 stato lui a parlarmi di questa teoria con una complessa equazione. Il\u00a0 discorso che mi ha fatto mi ha portato a soffermarmi sul valore dell\u2019amicizia, su come due persone apparentemente diverse siano accomunate da qualcosa; ad esempio la canzone riporta una frase del film preferito da entrambi: La Sottile Linea Rossa.<\/p>\n<ul>\n<li><strong>Allora ci sono almeno due citazioni cinematografiche, la prima si trova in \u201c<em>Immanuel<\/em>\u201d, \u00e8 cos\u00ec?<\/strong><\/li>\n<\/ul>\n<p>Si, in Immanuel c\u2019\u00e8 una scena di \u201cCloser\u201d, un altro film fantastico! La mia \u00e8 una passione, ho studiato storia e critica del cinema quindi capita che mi fissi con qualcosa e lo riporti nei miei pezzi. Pi\u00f9 che un vezzo artistico credo che l\u2019utilizzo di alcune frasi tratte da film, come l\u2019utilizzo di un certo tipo di suoni mi aiuti ad esprimermi meglio, a tirar fuori dei concetti. Al centro dev\u2019esserci sempre, per me, la genuinit\u00e0, ma se ho bisogno di dire una cosa, e pu\u00f2 essermi d\u2019aiuto un film o altro, ben venga!<\/p>\n<ul>\n<li><strong>Tu hai fondato un etichetta, la <a href=\"https:\/\/www.facebook.com\/stoprecordslabel\/?fref=ts\" target=\"_blank\">Stop Records<\/a>. Credi che oggi sia diventato pi\u00f9 difficile portare avanti un progetto simile? Come riesci a raggiungere un compromesso tra il riscontro col pubblico e il tuo gusto personale, il tuo punto di vista riesci a mantenerlo anche nella produzione?<\/strong><\/li>\n<\/ul>\n<p>Credo nella spontaneit\u00e0, nella genuinit\u00e0 nella musica anche nel mio lavoro da produttore.\u00a0 Siamo in contatto personalmente con le persone, con le bands. Non \u00e8 che quando scegliamo una band pensiamo al discorso economico, ma crediamo nella loro proposta. Noi\u00a0 siamo in studio con la band, il loro lavoro si mescola al nostro, la produzione \u00e8 importante nonostante credo che se i pezzi sono buoni suonano anche da soli. Il riscontro che Giona, New Adventures in Lo-Fi, NelCaso \u00a0e Jarred, The Caveman stanno avendo, ci lascia credere che la strada intrapresa sia quella giusta.<\/p>\n<ul>\n<li><strong>Chitarra e voce: i tuoi pezzi vengono costruiti gi\u00e0 pensando alla dimensione live oppure \u00e8 solo il tuo stile allo stesso tempo intimista e diretto, semplice e complesso che riesce a rendere cos\u00ec bene sia su disco che live?<\/strong><\/li>\n<\/ul>\n<p>Diciamo che a volte sul disco ci si lascia un po&#8217; andare. Ad esempio a me piace molto la chitarra classica,\u00a0 nel live devo per forza di cose sostituirla e giocare coi pedalini. Per\u00f2 quando scrivo\u00a0 penso comunque alla dimensione live; su disco registro due chitarre, dal vivo utilizzo gli\u00a0amplificatori.<\/p>\n<p>&nbsp;<\/p>\n<p>Lo lasciamo andare pochi minuti prima del concerto, giusto il tempo di togliere gli occhiali e trasformarsi in <strong>Urali<\/strong>, un po\u2019 alla Clark Kent \/ Superman.<br \/>\nInizia timidamente Ivan, ma gi\u00e0 col secondo pezzo rende ben chiaro il suo stile con riff ed effetti potenti. Da met\u00e0 set in poi d\u00e0 il suo meglio con\u00a0<em>Meadow<\/em>, la canzone dedicata a Roma e <em>Mary-Anne<\/em>, in cui il local hero, come lo definisce Ivan, Gianluca, voce dei \u201d<a href=\"https:\/\/www.facebook.com\/lafineband\/?fref=ts\" target=\"_blank\">La Fine<\/a>\u201d e uno dei cuori pulsanti di Turnover Concerti, lo accompagna al tamburo, finendo con il creare forse il momento pi\u00f9 riuscito del concerto.<\/p>\n<p>\u00c8 poi il momento di <em>Frances<\/em>, dedicata alla vicina di casa che lo ha fatto innamorare senza concedersi, la canzone pi\u00f9 pop e dolce dell\u2019album.<br \/>\nDopo aver terminato il set, Ivan ci regala il doppio \u201cHector\u201d, a mio avviso la (doppia) canzone migliore dell\u2019album.<br \/>\nVado via soddisfatta, senza dubbio.<br \/>\nAverlo ascoltato dal vivo mi fa credere ancor di pi\u00f9 al progetto di Ivan, alla sua genuinit\u00e0 e alla possibilit\u00e0 di potersi proporre sia in Italia che all\u2019estero.<\/p>\n<p>Testi: <a href=\"https:\/\/www.facebook.com\/renata.rossi.39?fref=ts\" target=\"_blank\">Renata Rossi<\/a><br \/>\nFoto: <a href=\"https:\/\/www.facebook.com\/DiarioDiUnoStagista\/?fref=ts\" target=\"_blank\">Michele Quartucci<\/a><\/p>\n<style type=\"text\/css\">\r\n\t#foogallery-gallery-456 .fg-image {\r\n        width: 150px;\r\n    }\r\n<\/style>\r\n\t\t\t\t<style type=\"text\/css\">\r\n\t#foogallery-gallery-456_1 .fg-image {\r\n        width: 150px;\r\n    }\r\n<\/style>\r\n\t\t\t\t<div class=\"foogallery foogallery-container foogallery-default foogallery-lightbox-foobox-free fg-gutter-10 fg-center fg-default fg-light fg-border-thin fg-shadow-small fg-loading-default fg-loaded-fade-in fg-hover-fade fg-hover-zoom fg-ready\" id=\"foogallery-gallery-456_1\" data-foogallery=\"{&quot;item&quot;:{&quot;showCaptionTitle&quot;:true,&quot;showCaptionDescription&quot;:false},&quot;lazy&quot;:true}\" >\r\n\t<div class=\"fg-item fg-type-image fg-idle\"><figure class=\"fg-item-inner\"><a href=\"https:\/\/www.piuomenopop.it\/wp-content\/uploads\/2016\/04\/DSC7765.jpg\" data-attachment-id=\"457\" data-type=\"image\" class=\"fg-thumb\"><span class=\"fg-image-wrap\"><img decoding=\"async\" src=\"https:\/\/www.piuomenopop.it\/wp-content\/uploads\/cache\/2016\/04\/DSC7765\/2463922323.jpg\" width=\"150\" height=\"150\" class=\"skip-lazy fg-image\" loading=\"eager\"><\/span><span class=\"fg-image-overlay\"><\/span><\/a><figcaption class=\"fg-caption\"><div class=\"fg-caption-inner\"><\/div><\/figcaption><\/figure><div class=\"fg-loader\"><\/div><\/div><div class=\"fg-item fg-type-image fg-idle\"><figure class=\"fg-item-inner\"><a href=\"https:\/\/www.piuomenopop.it\/wp-content\/uploads\/2016\/04\/DSC7778.jpg\" data-attachment-id=\"458\" data-type=\"image\" class=\"fg-thumb\"><span class=\"fg-image-wrap\"><img decoding=\"async\" src=\"https:\/\/www.piuomenopop.it\/wp-content\/uploads\/cache\/2016\/04\/DSC7778\/1825171358.jpg\" width=\"150\" height=\"150\" class=\"skip-lazy fg-image\" loading=\"eager\"><\/span><span class=\"fg-image-overlay\"><\/span><\/a><figcaption class=\"fg-caption\"><div class=\"fg-caption-inner\"><\/div><\/figcaption><\/figure><div class=\"fg-loader\"><\/div><\/div><div class=\"fg-item fg-type-image fg-idle\"><figure class=\"fg-item-inner\"><a href=\"https:\/\/www.piuomenopop.it\/wp-content\/uploads\/2016\/04\/DSC7782.jpg\" data-attachment-id=\"459\" data-type=\"image\" class=\"fg-thumb\"><span class=\"fg-image-wrap\"><img decoding=\"async\" src=\"https:\/\/www.piuomenopop.it\/wp-content\/uploads\/cache\/2016\/04\/DSC7782\/1190453795.jpg\" width=\"150\" height=\"150\" class=\"skip-lazy fg-image\" loading=\"eager\"><\/span><span class=\"fg-image-overlay\"><\/span><\/a><figcaption class=\"fg-caption\"><div class=\"fg-caption-inner\"><\/div><\/figcaption><\/figure><div class=\"fg-loader\"><\/div><\/div><div class=\"fg-item fg-type-image fg-idle\"><figure class=\"fg-item-inner\"><a href=\"https:\/\/www.piuomenopop.it\/wp-content\/uploads\/2016\/04\/DSC7785.jpg\" data-attachment-id=\"460\" data-type=\"image\" class=\"fg-thumb\"><span class=\"fg-image-wrap\"><img decoding=\"async\" src=\"https:\/\/www.piuomenopop.it\/wp-content\/uploads\/cache\/2016\/04\/DSC7785\/362931988.jpg\" width=\"150\" height=\"150\" class=\"skip-lazy fg-image\" loading=\"eager\"><\/span><span class=\"fg-image-overlay\"><\/span><\/a><figcaption class=\"fg-caption\"><div class=\"fg-caption-inner\"><\/div><\/figcaption><\/figure><div class=\"fg-loader\"><\/div><\/div><div class=\"fg-item fg-type-image fg-idle\"><figure class=\"fg-item-inner\"><a href=\"https:\/\/www.piuomenopop.it\/wp-content\/uploads\/2016\/04\/DSC7788.jpg\" data-attachment-id=\"461\" data-type=\"image\" class=\"fg-thumb\"><span class=\"fg-image-wrap\"><img decoding=\"async\" src=\"https:\/\/www.piuomenopop.it\/wp-content\/uploads\/cache\/2016\/04\/DSC7788\/3940557921.jpg\" width=\"150\" height=\"150\" class=\"skip-lazy fg-image\" loading=\"eager\"><\/span><span class=\"fg-image-overlay\"><\/span><\/a><figcaption class=\"fg-caption\"><div class=\"fg-caption-inner\"><\/div><\/figcaption><\/figure><div class=\"fg-loader\"><\/div><\/div><div class=\"fg-item fg-type-image fg-idle\"><figure class=\"fg-item-inner\"><a href=\"https:\/\/www.piuomenopop.it\/wp-content\/uploads\/2016\/04\/DSC7810.jpg\" data-attachment-id=\"462\" data-type=\"image\" class=\"fg-thumb\"><span class=\"fg-image-wrap\"><img decoding=\"async\" src=\"https:\/\/www.piuomenopop.it\/wp-content\/uploads\/cache\/2016\/04\/DSC7810\/3361778158.jpg\" width=\"150\" height=\"150\" class=\"skip-lazy fg-image\" loading=\"eager\"><\/span><span class=\"fg-image-overlay\"><\/span><\/a><figcaption class=\"fg-caption\"><div class=\"fg-caption-inner\"><\/div><\/figcaption><\/figure><div class=\"fg-loader\"><\/div><\/div><div class=\"fg-item fg-type-image fg-idle\"><figure class=\"fg-item-inner\"><a href=\"https:\/\/www.piuomenopop.it\/wp-content\/uploads\/2016\/04\/DSC7845.jpg\" data-attachment-id=\"463\" data-type=\"image\" class=\"fg-thumb\"><span class=\"fg-image-wrap\"><img decoding=\"async\" src=\"https:\/\/www.piuomenopop.it\/wp-content\/uploads\/cache\/2016\/04\/DSC7845\/2924688481.jpg\" width=\"150\" height=\"150\" class=\"skip-lazy fg-image\" loading=\"eager\"><\/span><span class=\"fg-image-overlay\"><\/span><\/a><figcaption class=\"fg-caption\"><div class=\"fg-caption-inner\"><\/div><\/figcaption><\/figure><div class=\"fg-loader\"><\/div><\/div><div class=\"fg-item fg-type-image fg-idle\"><figure class=\"fg-item-inner\"><a href=\"https:\/\/www.piuomenopop.it\/wp-content\/uploads\/2016\/04\/DSC7860.jpg\" data-attachment-id=\"464\" data-type=\"image\" class=\"fg-thumb\"><span class=\"fg-image-wrap\"><img decoding=\"async\" src=\"https:\/\/www.piuomenopop.it\/wp-content\/uploads\/cache\/2016\/04\/DSC7860\/787101118.jpg\" width=\"150\" height=\"150\" class=\"skip-lazy fg-image\" loading=\"eager\"><\/span><span class=\"fg-image-overlay\"><\/span><\/a><figcaption class=\"fg-caption\"><div class=\"fg-caption-inner\"><\/div><\/figcaption><\/figure><div class=\"fg-loader\"><\/div><\/div><div class=\"fg-item fg-type-image fg-idle\"><figure class=\"fg-item-inner\"><a href=\"https:\/\/www.piuomenopop.it\/wp-content\/uploads\/2016\/04\/DSC7865.jpg\" data-attachment-id=\"465\" data-type=\"image\" class=\"fg-thumb\"><span class=\"fg-image-wrap\"><img decoding=\"async\" src=\"https:\/\/www.piuomenopop.it\/wp-content\/uploads\/cache\/2016\/04\/DSC7865\/38727038.jpg\" width=\"150\" height=\"150\" class=\"skip-lazy fg-image\" loading=\"eager\"><\/span><span class=\"fg-image-overlay\"><\/span><\/a><figcaption class=\"fg-caption\"><div class=\"fg-caption-inner\"><\/div><\/figcaption><\/figure><div class=\"fg-loader\"><\/div><\/div><div class=\"fg-item fg-type-image fg-idle\"><figure class=\"fg-item-inner\"><a href=\"https:\/\/www.piuomenopop.it\/wp-content\/uploads\/2016\/04\/DSC7869.jpg\" data-attachment-id=\"466\" data-type=\"image\" class=\"fg-thumb\"><span class=\"fg-image-wrap\"><img decoding=\"async\" src=\"https:\/\/www.piuomenopop.it\/wp-content\/uploads\/cache\/2016\/04\/DSC7869\/4180444125.jpg\" width=\"150\" height=\"150\" class=\"skip-lazy fg-image\" loading=\"eager\"><\/span><span class=\"fg-image-overlay\"><\/span><\/a><figcaption class=\"fg-caption\"><div class=\"fg-caption-inner\"><\/div><\/figcaption><\/figure><div class=\"fg-loader\"><\/div><\/div><\/div>\r\n\n","protected":false},"excerpt":{"rendered":"<div class=\"mh-excerpt\"><p>Lo scorso venerd\u00ec 15 aprile siamo andati al Caf\u00e9 Librairie di Cosenza ad ascoltare \u201cUrali\u201d, il progetto artistico di Ivan Tonelli uscito a gennaio con <a class=\"mh-excerpt-more\" href=\"https:\/\/www.piuomenopop.it\/index.php\/2016\/04\/20\/urali-cafe-librairie-cs-intervistalive-report\/\" title=\"Urali @ Caf\u00e8 Librairie (CS) &#8211; Intervista\/Live Report\">[&#8230;]<\/a><\/p>\n<\/div>","protected":false},"author":10,"featured_media":458,"comment_status":"closed","ping_status":"closed","sticky":false,"template":"","format":"standard","meta":{"sfsi_plus_gutenberg_text_before_share":"","sfsi_plus_gutenberg_show_text_before_share":"","sfsi_plus_gutenberg_icon_type":"","sfsi_plus_gutenberg_icon_alignemt":"","sfsi_plus_gutenburg_max_per_row":"","footnotes":"","_links_to":"","_links_to_target":""},"categories":[6,4,5],"tags":[90,91,18,43,92,89,93,42],"class_list":["post-467","post","type-post","status-publish","format-standard","has-post-thumbnail","hentry","category-foto","category-interviste","category-report","tag-cafe-librairie","tag-concert","tag-concerto","tag-cosenza","tag-intervista","tag-persona","tag-stop-records","tag-urali"],"aioseo_notices":[],"_links":{"self":[{"href":"https:\/\/www.piuomenopop.it\/index.php\/wp-json\/wp\/v2\/posts\/467","targetHints":{"allow":["GET"]}}],"collection":[{"href":"https:\/\/www.piuomenopop.it\/index.php\/wp-json\/wp\/v2\/posts"}],"about":[{"href":"https:\/\/www.piuomenopop.it\/index.php\/wp-json\/wp\/v2\/types\/post"}],"author":[{"embeddable":true,"href":"https:\/\/www.piuomenopop.it\/index.php\/wp-json\/wp\/v2\/users\/10"}],"replies":[{"embeddable":true,"href":"https:\/\/www.piuomenopop.it\/index.php\/wp-json\/wp\/v2\/comments?post=467"}],"version-history":[{"count":7,"href":"https:\/\/www.piuomenopop.it\/index.php\/wp-json\/wp\/v2\/posts\/467\/revisions"}],"predecessor-version":[{"id":475,"href":"https:\/\/www.piuomenopop.it\/index.php\/wp-json\/wp\/v2\/posts\/467\/revisions\/475"}],"wp:featuredmedia":[{"embeddable":true,"href":"https:\/\/www.piuomenopop.it\/index.php\/wp-json\/wp\/v2\/media\/458"}],"wp:attachment":[{"href":"https:\/\/www.piuomenopop.it\/index.php\/wp-json\/wp\/v2\/media?parent=467"}],"wp:term":[{"taxonomy":"category","embeddable":true,"href":"https:\/\/www.piuomenopop.it\/index.php\/wp-json\/wp\/v2\/categories?post=467"},{"taxonomy":"post_tag","embeddable":true,"href":"https:\/\/www.piuomenopop.it\/index.php\/wp-json\/wp\/v2\/tags?post=467"}],"curies":[{"name":"wp","href":"https:\/\/api.w.org\/{rel}","templated":true}]}}