{"id":48399,"date":"2019-05-06T21:30:53","date_gmt":"2019-05-06T19:30:53","guid":{"rendered":"http:\/\/www.piuomenopop.it\/?p=48399"},"modified":"2019-05-06T21:30:53","modified_gmt":"2019-05-06T19:30:53","slug":"folkstone-nuove-date-live","status":"publish","type":"post","link":"https:\/\/www.piuomenopop.it\/index.php\/2019\/05\/06\/folkstone-nuove-date-live\/","title":{"rendered":"FOLKSTONE: nuove date live!"},"content":{"rendered":"<p>&nbsp;<\/p>\n<p style=\"font-weight: 400;\">I\u00a0<strong>FOLKSTONE<\/strong>\u00a0tornano con tantissime date live estive per promuovere l\u2019uscita del nuovo album\u00a0<strong>\u00a0\u201cDIARIO DI UN ULTIMO\u201d<\/strong>\u00a0sulla loro etichetta indipendente\u00a0<strong>Folkstone Records<\/strong>\u00a0e con distribuzione italiana\u00a0<strong>Audioglobe<\/strong>. (<a href=\"http:\/\/www.piuomenopop.it\/index.php\/2019\/03\/29\/gli-ultimi-per-i-folksone-unintervista-alla-band-bergamasca\/\" target=\"_blank\" rel=\"noopener noreferrer\">leggi l&#8217;intervista<\/a>)<\/p>\n<p style=\"font-weight: 400;\"><strong>Diario Di Un Ultimo<\/strong>\u00a0racchiude pagine di storie. Storie che lasciano quell&#8217;amaro in bocca perch\u00e9 permeate da un velo di nichilismo e dallo sguardo inquieto dei Folkstone che sempre racconta la quotidianit\u00e0 a modo loro. In una societ\u00e0 che ormai \u00e8 votata all&#8217;odio provate ad essere odiati e a sentirvi degli ultimi. La miscela tra folk, rock e metal far\u00e0 in modo che questa goccia di odio si trasformi in una goccia di benzina esplosiva.<\/p>\n<p style=\"font-weight: 400;\">I Folkstone nascono verso la fine del 2004 con un progetto che accosta l\u2019hard rock a strumenti che la tradizione solitamente vuole in veste acustica. Spezzando quindi ogni schema, gli strumenti protagonisti della scena diventano cornamuse, bombarde, arpa, cittern, bouzouki, ghironda e flauti, creando la suggestiva atmosfera che da sempre contraddistingue la band ed il feeling con il pubblico.<\/p>\n<p style=\"font-weight: 400;\"><img loading=\"lazy\" decoding=\"async\" class=\"aligncenter wp-image-46393 size-full\" src=\"http:\/\/www.piuomenopop.it\/wp-content\/uploads\/2019\/03\/folkstone.20.jpg\" alt=\"\" width=\"1200\" height=\"800\" srcset=\"https:\/\/www.piuomenopop.it\/wp-content\/uploads\/2019\/03\/folkstone.20.jpg 1200w, https:\/\/www.piuomenopop.it\/wp-content\/uploads\/2019\/03\/folkstone.20-300x200.jpg 300w, https:\/\/www.piuomenopop.it\/wp-content\/uploads\/2019\/03\/folkstone.20-768x512.jpg 768w, https:\/\/www.piuomenopop.it\/wp-content\/uploads\/2019\/03\/folkstone.20-1024x683.jpg 1024w\" sizes=\"auto, (max-width: 1200px) 100vw, 1200px\" \/><\/p>\n<p style=\"font-weight: 400;\"><strong>DATE LIVE:<\/strong><\/p>\n<p style=\"font-weight: 400;\">8 Maggio &#8211; Street Bier Fest &#8211; Spirano (BG)<br \/>\n11 Maggio &#8211; Asparifest &#8211; Santena (TO)<br \/>\n24 Maggio &#8211; Music Park &#8211; Parma<br \/>\n7 Giugno &#8211; Solidar Rock &#8211; Cassano d&#8217;Adda (MI)<br \/>\n8 Giugno &#8211; Pegorock &#8211; Pegognaga (MN)<br \/>\n15 Giugno &#8211; Avalon Festival &#8211; Castelminio di Resana (TV)<br \/>\n5 Luglio &#8211; Rockin Beer &#8211; Cavallirio (NO)<br \/>\n11 Luglio &#8211; Festa della birra &#8211; Fontigo (TV)<br \/>\n12 Luglio &#8211; Festa Medievale &#8211; Monteriggioni (SI)<br \/>\n19 Luglio &#8211; Rock sul Serio &#8211; Villa di Serio (BG)<br \/>\n20 Luglio &#8211; Wood In Stock &#8211; Ternate (VA)<br \/>\n21 Luglio &#8211; DREAMS Festival &#8211; Drena (TN)<br \/>\n27 Luglio &#8211; Zaiet Fest &#8211; Frosinone<br \/>\n28 Luglio &#8211; Festa dell&#8217;Unicorno &#8211; Vinci (FI)<br \/>\n3 Agosto &#8211; Montelago Celtic Festival &#8211; Serravalle (MC)<br \/>\n4 Agosto &#8211; XXXI Sagra della Birra &#8211; Ripaberarda (AP)<br \/>\n6 Settembre &#8211; Festa di Piazza &#8211; Fagagna (UD)<\/p>\n<p style=\"font-weight: 400;\">Leggi tutti i <a href=\"http:\/\/www.piuomenopop.it\/?s=folkstone\" target=\"_blank\" rel=\"noopener noreferrer\">nostri articoli sui Folkstone<\/a><\/p>\n<p style=\"font-weight: 400;\">\n","protected":false},"excerpt":{"rendered":"<div class=\"mh-excerpt\"><p>&nbsp; I\u00a0FOLKSTONE\u00a0tornano con tantissime date live estive per promuovere l\u2019uscita del nuovo album\u00a0\u00a0\u201cDIARIO DI UN ULTIMO\u201d\u00a0sulla loro etichetta indipendente\u00a0Folkstone Records\u00a0e con distribuzione italiana\u00a0Audioglobe. (leggi l&#8217;intervista) <a class=\"mh-excerpt-more\" href=\"https:\/\/www.piuomenopop.it\/index.php\/2019\/05\/06\/folkstone-nuove-date-live\/\" title=\"FOLKSTONE: nuove date live!\">[&#8230;]<\/a><\/p>\n<\/div>","protected":false},"author":2,"featured_media":44868,"comment_status":"closed","ping_status":"closed","sticky":false,"template":"","format":"standard","meta":{"sfsi_plus_gutenberg_text_before_share":"","sfsi_plus_gutenberg_show_text_before_share":"","sfsi_plus_gutenberg_icon_type":"","sfsi_plus_gutenberg_icon_alignemt":"","sfsi_plus_gutenburg_max_per_row":"","footnotes":"","_links_to":"","_links_to_target":""},"categories":[5184,3],"tags":[9034,9033],"class_list":["post-48399","post","type-post","status-publish","format-standard","has-post-thumbnail","hentry","category-calendario-concerti","category-news","tag-diario-di-un-ultimo","tag-folkstone"],"aioseo_notices":[],"_links":{"self":[{"href":"https:\/\/www.piuomenopop.it\/index.php\/wp-json\/wp\/v2\/posts\/48399","targetHints":{"allow":["GET"]}}],"collection":[{"href":"https:\/\/www.piuomenopop.it\/index.php\/wp-json\/wp\/v2\/posts"}],"about":[{"href":"https:\/\/www.piuomenopop.it\/index.php\/wp-json\/wp\/v2\/types\/post"}],"author":[{"embeddable":true,"href":"https:\/\/www.piuomenopop.it\/index.php\/wp-json\/wp\/v2\/users\/2"}],"replies":[{"embeddable":true,"href":"https:\/\/www.piuomenopop.it\/index.php\/wp-json\/wp\/v2\/comments?post=48399"}],"version-history":[{"count":1,"href":"https:\/\/www.piuomenopop.it\/index.php\/wp-json\/wp\/v2\/posts\/48399\/revisions"}],"predecessor-version":[{"id":48400,"href":"https:\/\/www.piuomenopop.it\/index.php\/wp-json\/wp\/v2\/posts\/48399\/revisions\/48400"}],"wp:featuredmedia":[{"embeddable":true,"href":"https:\/\/www.piuomenopop.it\/index.php\/wp-json\/wp\/v2\/media\/44868"}],"wp:attachment":[{"href":"https:\/\/www.piuomenopop.it\/index.php\/wp-json\/wp\/v2\/media?parent=48399"}],"wp:term":[{"taxonomy":"category","embeddable":true,"href":"https:\/\/www.piuomenopop.it\/index.php\/wp-json\/wp\/v2\/categories?post=48399"},{"taxonomy":"post_tag","embeddable":true,"href":"https:\/\/www.piuomenopop.it\/index.php\/wp-json\/wp\/v2\/tags?post=48399"}],"curies":[{"name":"wp","href":"https:\/\/api.w.org\/{rel}","templated":true}]}}