{"id":48696,"date":"2019-05-17T21:22:26","date_gmt":"2019-05-17T19:22:26","guid":{"rendered":"http:\/\/www.piuomenopop.it\/?p=48696"},"modified":"2019-05-17T21:23:10","modified_gmt":"2019-05-17T19:23:10","slug":"afterhours-franz-ferdinand-battles-white-lies-marlene-kuntz-more-ecco-il-cinzella-festival-di-michele-riondino","status":"publish","type":"post","link":"https:\/\/www.piuomenopop.it\/index.php\/2019\/05\/17\/afterhours-franz-ferdinand-battles-white-lies-marlene-kuntz-more-ecco-il-cinzella-festival-di-michele-riondino\/","title":{"rendered":"AFTERHOURS, FRANZ FERDINAND, BATTLES, WHITE LIES, MARLENE KUNTZ &#038; more: ecco il Cinzella festival di Michele Riondino"},"content":{"rendered":"<p style=\"text-align: center;\"><a href=\"https:\/\/www.facebook.com\/cinzellafestival\/\" target=\"_blank\" rel=\"noopener noreferrer\"><strong>CINZELLA FESTIVAL<\/strong><\/a><br \/>\n<strong>(Grottaglie,Taranto)<\/strong><br \/>\n<strong>\u00a0Battles, I Hate My Village e Digitalism Dj set\u00a0(17\/08),\u00a0White Lies,\u00a0Marlene Kuntz\u00a0(18\/08),\u00a0Afterhours\u00a0(19\/08),\u00a0Franz Ferdinand\u00a0(20\/08).\u00a0Il festival dedicato a musica e cinema per la direzione artistica dell&#8217;attore\u00a0Michele Riondinoannuncia i protagonisti di Cinzella 2019, che illumineranno Cave Di Fantiano\u00a0dal 17 al 20 agosto.<\/strong><\/p>\n<p>Prevendite su Ticketone<br \/>\n<a href=\"https:\/\/astarteagency.us12.list-manage.com\/track\/click?u=3b9e2672184dbb7678ba36b45&amp;id=23878c6049&amp;e=013d6944b4\" target=\"_blank\" rel=\"noopener noreferrer\" data-saferedirecturl=\"https:\/\/www.google.com\/url?q=https:\/\/astarteagency.us12.list-manage.com\/track\/click?u%3D3b9e2672184dbb7678ba36b45%26id%3D23878c6049%26e%3D013d6944b4&amp;source=gmail&amp;ust=1558207151181000&amp;usg=AFQjCNESZ9db06Yd_WAjTG4I-HOG5_oovQ\">https:\/\/www.ticketone.it\/<wbr \/>cinzella-festival-biglietti.<wbr \/>html?affiliate=ITT&amp;doc=<wbr \/>artistPages%2Ftickets&amp;fun=<wbr \/>artist&amp;action=tickets&amp;erid=<wbr \/>2364713<\/a><\/p>\n<p><img loading=\"lazy\" decoding=\"async\" class=\"aligncenter wp-image-48699 size-full\" src=\"http:\/\/www.piuomenopop.it\/wp-content\/uploads\/2019\/05\/cinzella-Small.jpg\" alt=\"\" width=\"480\" height=\"679\" srcset=\"https:\/\/www.piuomenopop.it\/wp-content\/uploads\/2019\/05\/cinzella-Small.jpg 480w, https:\/\/www.piuomenopop.it\/wp-content\/uploads\/2019\/05\/cinzella-Small-212x300.jpg 212w\" sizes=\"auto, (max-width: 480px) 100vw, 480px\" \/><\/p>\n<p><strong>L\u2019Associazione<\/strong>\u00a0<strong>Culturale<\/strong>\u00a0<strong>AFO6 &#8211; Convertitori di idee<\/strong>\u00a0in collaborazione con\u00a0<strong>RADAR<\/strong>\u00a0<strong>Concerti<\/strong>\u00a0e con il\u00a0<strong>Patrocinio<\/strong>\u00a0<strong>di APULIA film Commission<\/strong>, annuncia i protagonisti del\u00a0<strong>CINZELLA FESTIVAL<\/strong>,\u00a0<strong>il festival dedicato a musica e cinema che si terr\u00e0 dal<\/strong>\u00a0<strong>17 al 20 agosto a Grottaglie (TA), nell\u2019incantevole e unico scenario delle Cave di Fantiano, per la direzione artistica dell&#8217;attore Michele Riondino<\/strong>. Sul palco,\u00a0<strong>BATTLES, I HATE MY VILLAGE, DIGITALISM (dj set) il 17 agosto, WHITE LIES e MARLENE KUNTZ il 18 agosto, AFTERHOURS il 19 agosto, FRANZ FERDINAND il 20 agosto.<\/strong><br \/>\nCome ogni anno verr\u00e0 dato ampio spazio alla sezione cinema, che si svolger\u00e0 in diversa location nei giorni che precedono il festival (tba).<br \/>\n<strong>\u00a0<\/strong><br \/>\n<strong>17 AGOSTO_\u00a0BATTLES, I HATE MY VILLAGE, DIGITALISM dj set<\/strong><br \/>\nI\u00a0<strong>BATTLES<\/strong>, ovvero la\u00a0<em>Networked<\/em>\u00a0<em>Band<\/em>: un progetto capace di combinare arte, sperimentazione e tecnologia nella musica, in\u00a0<strong>un\u2019unica esclusiva data italiana per presentare in anteprima il nuovo album in uscita in autunno per Warp Records<\/strong>. Nato nel 2002 dalle menti del batterista\u00a0<strong>John<\/strong>\u00a0<strong>Stanier<\/strong><br \/>\n(<em>Helmet<\/em>\u00a0e\u00a0<em>Tomahawk<\/em>), del chitarrista e tastierista\u00a0<strong>Ian<\/strong>\u00a0<strong>Williams<\/strong>\u00a0(<em>Don Caballero\u00a0<\/em>e<em>\u00a0Storm &amp; Stress<\/em>) e del chitarrista\u00a0<strong>David<\/strong>\u00a0<strong>Konopka<\/strong>\u00a0(<em>Lyn<wbr \/>x<\/em>), il (super)gruppo unisce avanzi prog al rock pi\u00f9 sperimentale, per sonorit\u00e0 segnate dall\u2019era post industriale e computerizzata.<br \/>\nGli special guest della serata saranno\u00a0<strong>I HATE MY VILLAGE.\u00a0Fabio Rondanini (batteria di Calibro 35, Afterhours) e Adriano Viterbini (chitarra di Bud Spencer Blues Explosion e molti altri)\u00a0presentano questo\u00a0loro nuovo progetto c<\/strong>he testimonia l\u2019amore viscerale dei due per<strong>\u00a0la musica africana,\u00a0<\/strong>un amore nato sui palchi &#8211; accompagnando maestri quali Bombino e Rokia Traor\u00e9 &#8211; e poi cresciuto in sala prove con la curiosit\u00e0 di chi ha costantemente voglia di contaminarsi e divertirsi nell\u2019ampliare il proprio orizzonte.<strong>\u00a0Alberto Ferrari (Verdena) si inserisce con la sua inconfondibile vocalit\u00e0\u00a0<\/strong>donando all\u2019amalgama strumentale un ulteriore elemento capace di unire mondi &#8211; apparentemente lontani &#8211; che in I Hate My Village sembrano coesistere da sempre.<br \/>\n<strong>Seguir\u00e0 DIGITALISM dj set,\u00a0<\/strong>i re del clubbing mondiale fin dalla fondazione nel 2004, in console per chiudere all&#8217;insegna delle danze la serata di inaugurazione del Cinzella Festival.<\/p>\n<p><strong>18 AGOSTO_ WHITE LIES, MARLENE KUNTZ<\/strong><br \/>\nI\u00a0<strong>White<\/strong>\u00a0<strong>Lies<\/strong>\u00a0presenteranno dal vivo il nuovo album\u00a0<strong>Five<\/strong>, uscito il 1\u00b0 febbraio per\u00a0<strong>PIAS<\/strong>\u00a0<strong>Recordings<\/strong>, che festeggia i dieci anni della band. Il disco vede un\u2019energia rinnovata nella creativit\u00e0 del trio londinese, ancora una volta capace di allargare i suoi territori sonori dall\u2019electro rock al synth pop. Il risultato \u00e8 un album importante e ambizioso, che segna il capitolo pi\u00f9 maturo della discografia dei\u00a0<strong>White<\/strong>\u00a0<strong>Lies<\/strong>, nei testi e nella sperimentazione musicale.<br \/>\nI\u00a0<strong>Marlene<\/strong>\u00a0<strong>Kuntz<\/strong>\u00a0<strong>festeggeranno sia i trent\u2019anni di attivit\u00e0 che il ventennale del loro terzo disco Ho Ucciso Paranoia.\u00a0<\/strong>Un viaggio a ritroso ricco di emozioni che per qualcuno potranno anche trasformarsi in nostalgia, ma densa di vitalit\u00e0 positiva e rigenerante:\u00a0lo faranno con\u00a0<strong>10 concerti doppi\u00a0<\/strong>(da cui 30-20-10MK al quadrato),\u00a0un primo tutto acustico e un secondo elettrico, per un totale di quasi tre ore di spettacolo.\u00a0<em>\u201cAbbiamo deciso di portare avanti l&#8217;esperimento fatto lo scorso ottobre a Milano, quando un pubblico attento ed emozionato ci segu\u00ec in queste due nostre dimensioni. Allora fu un esperimento, ora sar\u00e0 una conferma, assecondando il desiderio di portare in giro per l&#8217;Italia la doppia anima che \u00e8 insita nel nostro stesso nome.\u201d (Marlene Kuntz)<\/em><\/p>\n<p><strong>19 AGOSTO_ AFTERHOURS<\/strong><br \/>\nA sorpresa, dopo poco pi\u00f9 di un anno dalla memorabile e ormai storica data del 10 Aprile 2018 al Forum di Assago da cui, lo ricordiamo, \u00e8 stato tratto un CD\/DVD live dal titolo &#8220;NOI SIAMO AFTERHOURS\u201d la band capitanata da MANUEL AGNELLI ha recentemente annunciato la partecipazione al Sonic Park Festival di Bologna, il 18 Luglio.\u00a0<strong>Oggi, a distanza di qualche settimana, gli Afterhours ci sorprendono di nuovo dando notizia di una seconda, ultima ed esclusiva data per il 2019.<\/strong><br \/>\nSaranno le sole due opportunit\u00e0 per vedere su un palco la band milanese che ha scelto, dopo il Forum, di prendersi un lungo periodo di lontananza dalle scene.<br \/>\nLa location scelta \u00e8 il Cinzella Festival di Grottaglie (TA) nell\u2019incantevole scenario delle Cave di Fantiano, e la data \u00e8 fissata per il 19 Agosto.<\/p>\n<blockquote><p><em>&#8220;<strong>Abbiamo scelto Taranto perch\u00e8 negli ultimi anni ci siamo particolarmente legati a questa citt\u00e0. Taranto vive di grandi contraddizioni ma negli ultimi anni grazie anche al lavoro di molti artisti ed operatori culturali liberi si sta rilanciando alla grande e noi siamo felici di fare parte in qualche modo di questo rilancio\u201d, dice la band.\u00a0<\/strong><\/em><strong><em>\u201cCi sembrava inoltre un gesto rispettoso e affettuoso nei confronti di tutti i fan del sud Italia che avranno cos\u00ec modo di vederci dal vivo dopo un lungo periodo di assenza\u201d.<\/em><\/strong><\/p><\/blockquote>\n<p><strong>20 AGOSTO_ FRANZ FERDINAND<\/strong><br \/>\nPietra miliare dell&#8217;indie pop,\u00a0<strong>Franz Ferdinand hanno pubblicato\u00a0il\u00a09 febbraio 2018\u00a0Always\u00a0Ascending.<br \/>\nProdotto da\u00a0Philippe\u00a0Zdar\u00a0dei\u00a0Cassius<\/strong>,\u00a0<wbr \/>il disco rinnova ma non tradisce le radici indie pop\/rock dei\u00a0FF\u00a0e fa innamorare di s\u00e9\u00a0pubblico e critica.\u00a0 \u201c<strong><em>Always Ascending is, everywhere you look, a record driven by vim, vigour and ideas, and plenty of Kapranos\u2019 idiosyncratic way with a lyric<\/em><\/strong>.\u201d (NME) Always\u00a0Ascending\u00a0\u00e8 solo l\u2019ultimo tassello di una carriera iniziata con l\u2019indimenticabile esordio discografico\u00a0Franz\u00a0Ferdinand\u00a0(<wbr \/>2004)\u00a0che ha portato la band a essere considerata oggi un\u2019istituzione della musica alternative e uno dei progetti pi\u00f9 illuminanti del nuovo millennio musicale<\/p>\n<p><strong>Come ogni anno, il Cinzella avr\u00e0 poi una sezione dedicata al cinema d&#8217;autore. Verranno presto annunciati nuovi nomi in cartellone musica. Per info e aggiornamenti:<\/strong><\/p>\n<p><strong>IL FESTIVAL<\/strong><\/p>\n<p><strong>CINZELLA\u00a0<\/strong>\u00e8 il\u00a0festival dedicato alla musica e al cinema che lo scorso anno \u00e8 diventato un autentico\u00a0<strong>polo<\/strong>\u00a0<strong>di<\/strong>\u00a0<strong>attrazione<\/strong>\u00a0<strong>a<wbr \/>rtistica<\/strong>\u00a0<strong>e culturale\u00a0<\/strong>tra le splendide colline murgiane e i profondi lembi di mare della penisola jonico-salentina. Una scommessa vinta grazie a una\u00a0<strong>line up di eccellenze musicali<\/strong>\u00a0e alle\u00a0<strong>rassegne cinematografiche d\u2019autore legate a musica e arte<\/strong>. Questa nuova edizione avr\u00e0 luogo alle\u00a0<strong>Cave di Fantiano di<\/strong>\u00a0<strong>GROTTAGLIE,\u00a0location dall\u2019inestimabile valore paesaggistico,\u00a0costellata di scenari mozzafiato:\u00a0una ex cava di tufo ora divenuta un parco naturale dalle caratteristiche uniche<\/strong>, palcoscenico di eventi e manifestazioni culturali di rilievo nazionale.<br \/>\n<strong>Cinzella Festival deve il suo nome\u00a0a una figura molto nota alla cultura popolare tarantina<\/strong>. Cinzella infatti \u00e8 stata una\u00a0<strong>celebre \u201caccompagnatrice\u201d di uomini e di adolescenti,<\/strong>\u00a0una donna cos\u00ec speciale da rimanere impressa nella memoria collettiva.\u00a0\u00a0<strong>Il logo del festival \u00e8 la pecora<\/strong>, un tributo a un fatto di cronaca legato alla prima culla del festival, la Masseria Carmine di Taranto, divenuto simbolo dell\u2019inquinamento dopo che, tra il 2008 e il 2010, sono stati abbattuti 600 ovini contaminati dalla diossina. Proprio li\u0300, nel 2017, \u00e8 nato il Cinzella Festival, in una splendida masseria persa in una valle di ulivi e diventata la speranza di una rinascita, di una\u00a0\u201cventata\u201d di cambiamento per la citta\u0300 e per l&#8217;intera provincia.<\/p>\n<p><strong>SPONSOR<\/strong><br \/>\n<strong>RAFFO NON FILTRATA, main sponsor del Cinzella Festival 2019<\/strong>, \u00e8\u00a0il nuovo prodotto nato per celebrare i primi 100 anni di Birra Raffo.<br \/>\nUna nuova birra speciale, unica nel suo genere, profondamente legata\u00a0al proprio territorio e alle proprie origini.<\/p>\n<p>&nbsp;<\/p>\n<p><b>\u00a0<\/b><\/p>\n","protected":false},"excerpt":{"rendered":"<div class=\"mh-excerpt\"><p>CINZELLA FESTIVAL (Grottaglie,Taranto) \u00a0Battles, I Hate My Village e Digitalism Dj set\u00a0(17\/08),\u00a0White Lies,\u00a0Marlene Kuntz\u00a0(18\/08),\u00a0Afterhours\u00a0(19\/08),\u00a0Franz Ferdinand\u00a0(20\/08).\u00a0Il festival dedicato a musica e cinema per la direzione artistica <a class=\"mh-excerpt-more\" href=\"https:\/\/www.piuomenopop.it\/index.php\/2019\/05\/17\/afterhours-franz-ferdinand-battles-white-lies-marlene-kuntz-more-ecco-il-cinzella-festival-di-michele-riondino\/\" title=\"AFTERHOURS, FRANZ FERDINAND, BATTLES, WHITE LIES, MARLENE KUNTZ &#038; more: ecco il Cinzella festival di Michele Riondino\">[&#8230;]<\/a><\/p>\n<\/div>","protected":false},"author":2,"featured_media":48697,"comment_status":"closed","ping_status":"closed","sticky":false,"template":"","format":"standard","meta":{"sfsi_plus_gutenberg_text_before_share":"","sfsi_plus_gutenberg_show_text_before_share":"","sfsi_plus_gutenberg_icon_type":"","sfsi_plus_gutenberg_icon_alignemt":"","sfsi_plus_gutenburg_max_per_row":"","footnotes":"","_links_to":"","_links_to_target":""},"categories":[5184,730,3],"tags":[6596],"class_list":["post-48696","post","type-post","status-publish","format-standard","has-post-thumbnail","hentry","category-calendario-concerti","category-festival","category-news","tag-cinzella-festival"],"aioseo_notices":[],"_links":{"self":[{"href":"https:\/\/www.piuomenopop.it\/index.php\/wp-json\/wp\/v2\/posts\/48696","targetHints":{"allow":["GET"]}}],"collection":[{"href":"https:\/\/www.piuomenopop.it\/index.php\/wp-json\/wp\/v2\/posts"}],"about":[{"href":"https:\/\/www.piuomenopop.it\/index.php\/wp-json\/wp\/v2\/types\/post"}],"author":[{"embeddable":true,"href":"https:\/\/www.piuomenopop.it\/index.php\/wp-json\/wp\/v2\/users\/2"}],"replies":[{"embeddable":true,"href":"https:\/\/www.piuomenopop.it\/index.php\/wp-json\/wp\/v2\/comments?post=48696"}],"version-history":[{"count":2,"href":"https:\/\/www.piuomenopop.it\/index.php\/wp-json\/wp\/v2\/posts\/48696\/revisions"}],"predecessor-version":[{"id":48700,"href":"https:\/\/www.piuomenopop.it\/index.php\/wp-json\/wp\/v2\/posts\/48696\/revisions\/48700"}],"wp:featuredmedia":[{"embeddable":true,"href":"https:\/\/www.piuomenopop.it\/index.php\/wp-json\/wp\/v2\/media\/48697"}],"wp:attachment":[{"href":"https:\/\/www.piuomenopop.it\/index.php\/wp-json\/wp\/v2\/media?parent=48696"}],"wp:term":[{"taxonomy":"category","embeddable":true,"href":"https:\/\/www.piuomenopop.it\/index.php\/wp-json\/wp\/v2\/categories?post=48696"},{"taxonomy":"post_tag","embeddable":true,"href":"https:\/\/www.piuomenopop.it\/index.php\/wp-json\/wp\/v2\/tags?post=48696"}],"curies":[{"name":"wp","href":"https:\/\/api.w.org\/{rel}","templated":true}]}}