{"id":48701,"date":"2019-05-17T21:41:15","date_gmt":"2019-05-17T19:41:15","guid":{"rendered":"http:\/\/www.piuomenopop.it\/?p=48701"},"modified":"2019-05-17T21:41:33","modified_gmt":"2019-05-17T19:41:33","slug":"wom-fest-2019","status":"publish","type":"post","link":"https:\/\/www.piuomenopop.it\/index.php\/2019\/05\/17\/wom-fest-2019\/","title":{"rendered":"W\u00d8M FEST 2019"},"content":{"rendered":"<p align=\"CENTER\"><strong><span style=\"color: #000000;\"><span style=\"font-family: Arial, sans-serif;\"><span style=\"font-size: xx-large;\">W\u00d8M FEST 2019<\/span><\/span><\/span><\/strong><\/p>\n<p align=\"CENTER\"><strong><span style=\"color: #000000;\"><span style=\"font-family: Arial, sans-serif;\"><span style=\"font-size: large;\">Nei giorni 7 e 8 giugno nel parco della storica Villa Bottini di Lucca<\/span><\/span><\/span><\/strong><\/p>\n<p style=\"text-align: center;\"><strong><span style=\"color: #000000;\"><span style=\"font-family: Arial, sans-serif;\"><span style=\"font-size: large;\">W\u00d8M FEST 2019 &#8211; Il tuo genere preferito<\/span><\/span><\/span><\/strong><\/p>\n<p><span style=\"color: #000000;\"><span style=\"font-family: Arial, sans-serif;\">Saranno\u00a0<\/span><\/span><strong><span style=\"color: #000000;\"><span style=\"font-family: Arial, sans-serif;\">La Rappresentante di Lista\u00a0<\/span><\/span><\/strong><span style=\"color: #000000;\"><span style=\"font-family: Arial, sans-serif;\">e i\u00a0<\/span><\/span><strong><span style=\"color: #000000;\"><span style=\"font-family: Arial, sans-serif;\">Fast Animals and Slow Kids<\/span><\/span><\/strong><span style=\"color: #000000;\"><span style=\"font-family: Arial, sans-serif;\">\u00a0gli headliner del\u00a0<\/span><\/span><strong><span style=\"color: #000000;\"><span style=\"font-family: Arial, sans-serif;\">W\u00d8M FEST 2019,\u00a0<\/span><\/span><\/strong><span style=\"color: #000000;\"><span style=\"font-family: Arial, sans-serif;\">nei giorni\u00a0<\/span><\/span><strong><span style=\"color: #000000;\"><span style=\"font-family: Arial, sans-serif;\">7 e 8 Giugno<\/span><\/span><\/strong><span style=\"color: #000000;\"><span style=\"font-family: Arial, sans-serif;\">\u00a0nel parco della\u00a0storica\u00a0<\/span><\/span><strong><span style=\"color: #000000;\"><span style=\"font-family: Arial, sans-serif;\">Villa Bottini\u00a0<\/span><\/span><\/strong><span style=\"color: #000000;\"><span style=\"font-family: Arial, sans-serif;\">di Lucca<\/span><\/span><strong><span style=\"color: #000000;\"><span style=\"font-family: Arial, sans-serif;\">.<\/span><\/span><\/strong><\/p>\n<p><span style=\"color: #000000;\"><span style=\"font-family: Arial, sans-serif;\">In questa edizione il festival di primavera, organizzato dall\u2019associazione culturale WOM, vuole puntare l\u2019attenzione sulla\u00a0<\/span><\/span><strong><span style=\"color: #000000;\"><span style=\"font-family: Arial, sans-serif;\">parit\u00e0 tra uomo e donna, dedicando la prima giornata a concerti di voci femminili e la seconda a voci maschili<\/span><\/span><\/strong><span style=\"color: #000000;\"><span style=\"font-family: Arial, sans-serif;\">.<br \/>\nSaranno infatti\u00a0<\/span><\/span><strong><span style=\"color: #000000;\"><span style=\"font-family: Arial, sans-serif;\">Emma Morton and the Graces<\/span><\/span><\/strong><span style=\"color: #000000;\"><span style=\"font-family: Arial, sans-serif;\">\u00a0e la giovanissima\u00a0<\/span><\/span><strong><span style=\"color: #000000;\"><span style=\"font-family: Arial, sans-serif;\">Boyrebecca<\/span><\/span><\/strong><span style=\"color: #000000;\"><span style=\"font-family: Arial, sans-serif;\">\u00a0ad accompagnare\u00a0<\/span><\/span><strong><span style=\"color: #000000;\"><span style=\"font-family: Arial, sans-serif;\">La Rappresentate di Lista<\/span><\/span><\/strong><span style=\"color: #000000;\"><span style=\"font-family: Arial, sans-serif;\">\u00a0il primo giorno, mentre gli\u00a0<\/span><\/span><strong><span style=\"color: #000000;\"><span style=\"font-family: Arial, sans-serif;\">esterina\u00a0<\/span><\/span><\/strong><span style=\"color: #000000;\"><span style=\"font-family: Arial, sans-serif;\">e i\u00a0<\/span><\/span><strong><span style=\"color: #000000;\"><span style=\"font-family: Arial, sans-serif;\">Metropol\u00a0<\/span><\/span><\/strong><span style=\"color: #000000;\"><span style=\"font-family: Arial, sans-serif;\">saliranno sul palco con i\u00a0<\/span><\/span><strong><span style=\"color: #000000;\"><span style=\"font-family: Arial, sans-serif;\">FASK<\/span><\/span><\/strong><span style=\"color: #000000;\"><span style=\"font-family: Arial, sans-serif;\">\u00a0il secondo.<\/span><\/span><\/p>\n<p><span style=\"color: #000000;\"><span style=\"font-family: Arial, sans-serif;\">Oltre all\u2019attenzione verso la proposta musicale, il\u00a0<\/span><\/span><span style=\"color: #000000;\"><span style=\"font-family: Arial, sans-serif;\"><b>W\u00d8M FEST<\/b><\/span><\/span><span style=\"color: #000000;\"><span style=\"font-family: Arial, sans-serif;\">\u00a0ha voluto sottolineare la cura particolare verso quegli aspetti che potranno rendere migliore possibile l\u2019esperienza del festival per il proprio pubblico.<\/span><\/span><\/p>\n<p><span style=\"color: #000000;\"><span style=\"font-family: Arial, sans-serif;\">Scegliere la splendida e accogliente cornice di\u00a0<\/span><\/span><span style=\"color: #000000;\"><span style=\"font-family: Arial, sans-serif;\"><b>Villa Bottini<\/b><\/span><\/span><span style=\"color: #000000;\"><span style=\"font-family: Arial, sans-serif;\">, in continuit\u00e0 con le precedenti edizioni, evidenzia l\u2019obiettivo di proporre una location suggestiva, ma anche piacevole e rilassante. Oltre alla Zona Food, con una proposta culinaria variegata e comprendente anche street food di qualit\u00e0, ci sar\u00e0 una zona Expo con uno spazio dedicato al vinile e a diverse produzioni artistiche, ad opera di giovani artisti trasversali, tra dipinti e fumetti, stampe e disegni.<\/span><\/span><\/p>\n<p><span style=\"color: #000000;\"><span style=\"font-family: Arial, sans-serif;\">L\u2019intenzione del W\u00d8M \u00e8 quella di rendere l\u2019area del festival un luogo ospitale che potr\u00e0 accogliere il pubblico\u00a0<\/span><\/span><span style=\"color: #000000;\"><span style=\"font-family: Arial, sans-serif;\"><b>gi\u00e0 dalle ore 18.00<\/b><\/span><\/span><span style=\"color: #000000;\"><span style=\"font-family: Arial, sans-serif;\">, per poter degustare un aperitivo di qualit\u00e0 con la musica selezionata da diversi DJ.<\/span><\/span><\/p>\n<p><span style=\"color: #000000;\"><span style=\"font-family: Arial, sans-serif;\">Vi aspettiamo tutti al W\u00d8M FEST, da venerd\u00ec 7 a Sabato 8 Giugno a Lucca!<\/span><\/span><\/p>\n<p>Biglietto giornaliero: 12 euro + d.p.<br \/>\nAbbonamento due giorni: 20 euro + d.p.<br \/>\nPrevendita:\u00a0<a href=\"https:\/\/abuzzsupreme.us7.list-manage.com\/track\/click?u=52902e114a54343c97bf4b846&amp;id=2a7356cb36&amp;e=060087a734\" target=\"_blank\" rel=\"noopener noreferrer\" data-saferedirecturl=\"https:\/\/www.google.com\/url?q=https:\/\/abuzzsupreme.us7.list-manage.com\/track\/click?u%3D52902e114a54343c97bf4b846%26id%3D2a7356cb36%26e%3D060087a734&amp;source=gmail&amp;ust=1558208308709000&amp;usg=AFQjCNGiJvp28wOCyMka_KmG-Ksjd3fe1g\"><span style=\"color: #000000;\"><span style=\"font-family: Arial, sans-serif;\"><u>www.diyticket.it\/festivals\/9\/<wbr \/>wom-fest<\/u><\/span><\/span><\/a><span style=\"color: #606060;\"><span style=\"font-family: Arial, sans-serif;\"><br \/>\n<\/span><\/span><\/p>\n<p align=\"CENTER\"><strong><span style=\"color: #000000;\"><span style=\"font-family: Helvetica, Arial, sans-serif;\"><span style=\"font-size: xx-large;\">Gli artisti del W\u00d8M FEST 2019<\/span><\/span><\/span><\/strong><\/p>\n<p><strong><span style=\"color: #000000;\"><span style=\"font-family: Helvetica, Arial, sans-serif;\"><span style=\"font-size: large;\">DAY 1<\/span><\/span><\/span><\/strong><span style=\"color: #606060;\"><span style=\"font-family: Helvetica, Arial, sans-serif;\"><span style=\"font-size: medium;\"><br \/>\n<\/span><\/span><\/span><strong><span style=\"color: #000000;\"><span style=\"font-family: Helvetica, Arial, sans-serif;\"><span style=\"font-size: medium;\"><u>Venerd\u00ec 7 Giugno 2019 @ Villa Bottini di Luca<\/u><\/span><\/span><\/span><\/strong><\/p>\n<p><strong><span style=\"color: #000000;\"><span style=\"font-family: Helvetica, Arial, sans-serif;\"><span style=\"font-size: large;\">La Rappresentante di Lista ore 22,00<\/span><\/span><\/span><\/strong><span style=\"color: #000000;\"><span style=\"font-family: Helvetica, Arial, sans-serif;\"><span style=\"font-size: medium;\"><br \/>\nL<\/span><\/span><\/span><span style=\"color: #000000;\"><span style=\"font-family: Helvetica, Arial, sans-serif;\"><span style=\"font-size: small;\">a Rappresentante di Lista \u00e8 una band che nasce nel 2011 dall\u2019incontro tra la cantante Veronica Lucchesi e il chitarrista Dario Mangiaracina. Il 14 dicembre 2018 \u00e8 uscito \u201cGO GO DIVA\u201d, terzo lavoro in studio della band\u00a0pubblicato da Woodworm Label. Progetto che fonde scrittura, teatro e forma canzone, La Rappresentante di Lista prosegue\u00a0la ricerca avviata con i precedenti lavori \u201c(Per la) Via di Casa\u201d e \u201cBu Bu Sad\u201d. La band, forte negli anni anche di una costante e urgente attivit\u00e0 live, \u00e8 a oggi tra le nuove realt\u00e0 pi\u00f9 trasversali e interessanti del panorama musicale contemporaneo.<\/span><\/span><\/span><span style=\"color: #606060;\"><span style=\"font-family: Helvetica, Arial, sans-serif;\"><span style=\"font-size: small;\"><br \/>\n<\/span><\/span><\/span><a href=\"https:\/\/abuzzsupreme.us7.list-manage.com\/track\/click?u=52902e114a54343c97bf4b846&amp;id=0106ffb34c&amp;e=060087a734\" target=\"_blank\" rel=\"noopener noreferrer\" data-saferedirecturl=\"https:\/\/www.google.com\/url?q=https:\/\/abuzzsupreme.us7.list-manage.com\/track\/click?u%3D52902e114a54343c97bf4b846%26id%3D0106ffb34c%26e%3D060087a734&amp;source=gmail&amp;ust=1558208308709000&amp;usg=AFQjCNG1vavPPaQQkv5FzXUZOqhtym4MTQ\"><span style=\"color: #000000;\"><span style=\"font-family: Helvetica, Arial, sans-serif;\"><span style=\"font-size: small;\"><u>https:\/\/www.facebook.com\/<wbr \/>larappresentantedilistaufficia<wbr \/>le\/<\/u><\/span><\/span><\/span><\/a><span style=\"color: #606060;\"><span style=\"font-family: Helvetica, Arial, sans-serif;\"><span style=\"font-size: medium;\"><br \/>\n<\/span><\/span><\/span><br \/>\n<strong><span style=\"color: #000000;\"><span style=\"font-family: Helvetica, Arial, sans-serif;\"><span style=\"font-size: medium;\">Emma Morton and the Graces ore 21,00<\/span><\/span><\/span><\/strong><span style=\"color: #000000;\"><span style=\"font-family: Helvetica, Arial, sans-serif;\"><span style=\"font-size: medium;\"><br \/>\n<\/span><\/span><\/span><span style=\"color: #000000;\"><span style=\"font-family: Helvetica, Arial, sans-serif;\">Emma Morton ha conquistato il grande pubblico durante la sua esplosiva partecipazione all&#8217;ottava edizione di X Factor, arrivando in semifinale dove ha presentato il suo inedito \u201cDaddy Blues\u201d pubblicato da Sony Music e conquistando il 2\u00b0 posto delle classifiche iTunes con oltre 240mila ascolti su Spotify. Da allora la musicista scozzese ha continuato il suo percorso ricevendo premi e riconoscimenti tra cui il &#8220;Music is Great Award&#8221; conferitole nel 2015 dal governo inglese, e collaborando ed esibendosi con artisti come Olly Murs, Paolo Nutini, Raphael Gualazzi, Glen Hansard, Gary Lucas, Petra Magoni, Alejandro Escovedo e DJ Molella.<\/span><\/span><span style=\"color: #606060;\"><span style=\"font-family: Helvetica, Arial, sans-serif;\"><br \/>\n<\/span><\/span><a href=\"https:\/\/abuzzsupreme.us7.list-manage.com\/track\/click?u=52902e114a54343c97bf4b846&amp;id=29d37d5217&amp;e=060087a734\" target=\"_blank\" rel=\"noopener noreferrer\" data-saferedirecturl=\"https:\/\/www.google.com\/url?q=https:\/\/abuzzsupreme.us7.list-manage.com\/track\/click?u%3D52902e114a54343c97bf4b846%26id%3D29d37d5217%26e%3D060087a734&amp;source=gmail&amp;ust=1558208308709000&amp;usg=AFQjCNHXlIiQUWcRIiK1Zv9dNT_RS7sUvw\"><span style=\"color: #000000;\"><span style=\"font-family: Helvetica, Arial, sans-serif;\"><u>https:\/\/www.facebook.com\/<wbr \/>emmamortonandthegraces\/<\/u><\/span><\/span><\/a><\/p>\n<p><strong><span style=\"color: #000000;\"><span style=\"font-family: Helvetica, Arial, sans-serif;\"><span style=\"font-size: medium;\">Boyrebecca ore 20,30<\/span><\/span><\/span><\/strong><span style=\"color: #000000;\"><span style=\"font-family: Helvetica, Arial, sans-serif;\"><span style=\"font-size: medium;\"><br \/>\n<\/span><\/span><\/span><span style=\"color: #000000;\"><span style=\"font-family: Helvetica, Arial, sans-serif;\">Boyrebecca \u00e8 un progetto musicale rap-fluid che nasce dall&#8217;esigenza di riunire vari interessi dell&#8217;artista sotto lo stesso tetto.\u00a0Musica, video, moda e grafica convivono con uno stile kitsch, divertente e arrogante.<br \/>\n24 anni, monella, un po&#8217; femmina un po&#8217; maschio.<\/span><\/span><span style=\"color: #606060;\"><span style=\"font-family: Helvetica, Arial, sans-serif;\"><br \/>\n<\/span><\/span><a href=\"https:\/\/abuzzsupreme.us7.list-manage.com\/track\/click?u=52902e114a54343c97bf4b846&amp;id=c470309aef&amp;e=060087a734\" target=\"_blank\" rel=\"noopener noreferrer\" data-saferedirecturl=\"https:\/\/www.google.com\/url?q=https:\/\/abuzzsupreme.us7.list-manage.com\/track\/click?u%3D52902e114a54343c97bf4b846%26id%3Dc470309aef%26e%3D060087a734&amp;source=gmail&amp;ust=1558208308709000&amp;usg=AFQjCNHsk7sdGWeOEjFXfgzRk5cDunB50A\"><span style=\"color: #000000;\"><span style=\"font-family: Helvetica, Arial, sans-serif;\"><u>https:\/\/www.facebook.com\/<wbr \/>loveboyrebecca<\/u><\/span><\/span><\/a><span style=\"color: #606060;\"><span style=\"font-family: Helvetica, Arial, sans-serif;\"><span style=\"font-size: medium;\"><br \/>\n<\/span><\/span><\/span><br \/>\n<strong><span style=\"color: #000000;\"><span style=\"font-family: Helvetica, Arial, sans-serif;\"><span style=\"font-size: large;\"><br \/>\n<\/span><\/span><\/span><\/strong><\/p>\n<p><strong><span style=\"color: #000000;\"><span style=\"font-family: Helvetica, Arial, sans-serif;\"><span style=\"font-size: large;\">DAY 2<\/span><\/span><\/span><\/strong><\/p>\n<p><strong><span style=\"color: #000000;\"><span style=\"font-family: Helvetica, Arial, sans-serif;\"><span style=\"font-size: medium;\"><u>Sabato 8 Giugno 2019 @ Villa Bottini di Lucca<\/u><\/span><\/span><\/span><\/strong><\/p>\n<p><strong><span style=\"color: #000000;\"><span style=\"font-family: Helvetica, Arial, sans-serif;\"><span style=\"font-size: large;\">Fast Animals and Slow Kids ore 22,00<\/span><\/span><\/span><\/strong><span style=\"color: #000000;\"><span style=\"font-family: Helvetica, Arial, sans-serif;\"><span style=\"font-size: medium;\"><br \/>\n<\/span><\/span><\/span><span style=\"color: #000000;\"><span style=\"font-family: Helvetica, Arial, sans-serif;\">I Fast Animals and Slow Kids nascono a Perugia alla fine del 2008: quattro musicisti (Aimone Romizi, Alessandro Guercini, Alessio Mingoli e Jacopo Gigliotti) frequentano il liceo e suonano in band locali. A febbraio del 2017 arriva &#8220;Forse non \u00e8 la felicit\u00e0&#8221;, il quarto album su Woodworm Label della definitiva consacrazione, che li porta a suonare in un lunghissimo tour nella Penisola, confermando cos\u00ec il loro live come uno dei migliori tra le band rock italiane. Proprio in questi giorni uscir\u00e0 il nuovo singolo &#8220;Non potrei mai&#8221;, gustoso antipasto del nuovo su\u00a0Warner Music Italy e in collaborazione con la consolidata famiglia pluriennale Woodworm Label e Locusta Booking,\u00a0previsto per prima met\u00e0 del\u00a02019.<\/span><\/span><span style=\"color: #606060;\"><span style=\"font-family: Helvetica, Arial, sans-serif;\"><br \/>\n<\/span><\/span><a href=\"https:\/\/abuzzsupreme.us7.list-manage.com\/track\/click?u=52902e114a54343c97bf4b846&amp;id=4e1b41be08&amp;e=060087a734\" target=\"_blank\" rel=\"noopener noreferrer\" data-saferedirecturl=\"https:\/\/www.google.com\/url?q=https:\/\/abuzzsupreme.us7.list-manage.com\/track\/click?u%3D52902e114a54343c97bf4b846%26id%3D4e1b41be08%26e%3D060087a734&amp;source=gmail&amp;ust=1558208308709000&amp;usg=AFQjCNEUDNNVQcS7-pAhKXRQQy8AOXC9_A\"><span style=\"color: #000000;\"><span style=\"font-family: Helvetica, Arial, sans-serif;\"><u>https:\/\/www.fask.it\/<\/u><\/span><\/span><\/a><\/p>\n<p><strong><span style=\"color: #000000;\"><span style=\"font-family: Helvetica, Arial, sans-serif;\"><span style=\"font-size: medium;\">esterina ore 21,00<\/span><\/span><\/span><\/strong><span style=\"color: #000000;\"><span style=\"font-family: Helvetica, Arial, sans-serif;\"><span style=\"font-size: medium;\"><br \/>\n<\/span><\/span><\/span><span style=\"color: #000000;\"><span style=\"font-family: Helvetica, Arial, sans-serif;\">esterina \u00e8 un gruppo indie rock italiano. Attiva dal 2008 \u00e8 una presenza carsica nel panorama musicale nazionale. La sua produzione, tra post-rock e canzone italiana, \u00e8 un emblema di biodiversit\u00e0 musicale e di divergenza parallela con la scena indie contemporanea. Un rock autoctono composto di dinamiche estreme, di suoni vintage e di elettronica, appassionato alle parole, alle storie minori, ai dolori personali e ai paradigmi della felicit\u00e0.<\/span><\/span><span style=\"color: #606060;\"><span style=\"font-family: Helvetica, Arial, sans-serif;\"><br \/>\n<\/span><\/span><a href=\"https:\/\/abuzzsupreme.us7.list-manage.com\/track\/click?u=52902e114a54343c97bf4b846&amp;id=860a4aa00e&amp;e=060087a734\" target=\"_blank\" rel=\"noopener noreferrer\" data-saferedirecturl=\"https:\/\/www.google.com\/url?q=https:\/\/abuzzsupreme.us7.list-manage.com\/track\/click?u%3D52902e114a54343c97bf4b846%26id%3D860a4aa00e%26e%3D060087a734&amp;source=gmail&amp;ust=1558208308709000&amp;usg=AFQjCNEEQ32Py5Nv862BrCGf8wAGbYDzYg\"><span style=\"color: #000000;\"><span style=\"font-family: Helvetica, Arial, sans-serif;\"><u>http:\/\/www.esterina.it\/<\/u><\/span><\/span><\/a><\/p>\n<p><strong><span style=\"color: #000000;\"><span style=\"font-family: Helvetica, Arial, sans-serif;\"><span style=\"font-size: medium;\">Metropol ore 20,30<\/span><\/span><\/span><\/strong><span style=\"color: #000000;\"><span style=\"font-family: Helvetica, Arial, sans-serif;\"><span style=\"font-size: medium;\"><br \/>\n<\/span><\/span><\/span><span style=\"color: #000000;\"><span style=\"font-family: Helvetica, Arial, sans-serif;\">Sono in quattro e arrivano da Viareggio: i Metropol raccontano la loro generazione e la vita di provincia con le chitarre distorte e la spensierata disillusione della fine dei vent\u2019anni. Con un Ep all\u2019attivo (\u201cFarabola\u201d, 2017) e numerosi live in giro per la Penisola (suonando con artisti quali Gazebo Penguins, Giorgio Canali, Any Other e molti altri), i Metropol daranno alla luce nell\u2019autunno 2019 il loro primo disco \u201cUn Nuovo Inverno Nucleare\u201d, realizzato sotto la produzione artistica di Karim Qqru (Zen Circus) e Andrea Pachetti.<\/span><\/span><span style=\"color: #606060;\"><span style=\"font-family: Helvetica, Arial, sans-serif;\"><br \/>\n<\/span><\/span><a href=\"https:\/\/abuzzsupreme.us7.list-manage.com\/track\/click?u=52902e114a54343c97bf4b846&amp;id=298f77d238&amp;e=060087a734\" target=\"_blank\" rel=\"noopener noreferrer\" data-saferedirecturl=\"https:\/\/www.google.com\/url?q=https:\/\/abuzzsupreme.us7.list-manage.com\/track\/click?u%3D52902e114a54343c97bf4b846%26id%3D298f77d238%26e%3D060087a734&amp;source=gmail&amp;ust=1558208308709000&amp;usg=AFQjCNGEO4Z6zVWJvZxm6YqK2IcK8ZL1fQ\"><span style=\"color: #000000;\"><span style=\"font-family: Helvetica, Arial, sans-serif;\"><u>https:\/\/www.facebook.com\/<wbr \/>metropolbandIT\/<\/u><\/span><\/span><\/a><\/p>\n<p align=\"CENTER\"><strong><span style=\"color: #000000;\"><span style=\"font-family: Helvetica, Arial, sans-serif;\"><span style=\"font-size: large;\">TICKET<\/span><\/span><\/span><\/strong><\/p>\n<p><span style=\"color: #606060;\"><span style=\"font-family: Helvetica, Arial, sans-serif;\"><span style=\"font-size: medium;\"><br \/>\n<\/span><\/span><\/span><span style=\"color: #000000;\"><span style=\"font-family: Helvetica, Arial, sans-serif;\"><span style=\"font-size: medium;\">I biglietti per W\u00d8M FEST sono in vendita su\u00a0<\/span><\/span><\/span><strong><span style=\"color: #000000;\"><span style=\"font-family: Helvetica, Arial, sans-serif;\"><span style=\"font-size: medium;\">Do It Yourself<\/span><\/span><\/span><\/strong><span style=\"color: #000000;\"><span style=\"font-family: Helvetica, Arial, sans-serif;\"><span style=\"font-size: medium;\">, l\u2019innovativo servizio di biglietteria per eventi e spettacoli che semplifica il processo di acquisto a tutti gli utenti, a costi contenuti e attraverso molteplici canali di vendita.<br \/>\nGrazie alla partnership con SisalPay, DIY \u00e8 presente con i suoi eventi lungo tutto lo Stivale: chiunque, infatti, pu\u00f2 scegliere se acquistare il biglietto online su\u00a0<\/span><\/span><\/span><a href=\"https:\/\/abuzzsupreme.us7.list-manage.com\/track\/click?u=52902e114a54343c97bf4b846&amp;id=c67bd7415a&amp;e=060087a734\" target=\"_blank\" rel=\"noopener noreferrer\" data-saferedirecturl=\"https:\/\/www.google.com\/url?q=https:\/\/abuzzsupreme.us7.list-manage.com\/track\/click?u%3D52902e114a54343c97bf4b846%26id%3Dc67bd7415a%26e%3D060087a734&amp;source=gmail&amp;ust=1558208308709000&amp;usg=AFQjCNHZyHtItM_VZ51_NF2pglb4-OgUaw\"><span style=\"color: #000000;\"><span style=\"font-family: Helvetica, Arial, sans-serif;\"><span style=\"font-size: large;\"><u>www.diyticket.it<\/u><\/span><\/span><\/span><\/a><span style=\"color: #000000;\"><span style=\"font-family: Helvetica, Arial, sans-serif;\"><span style=\"font-size: medium;\">, pagando con carta di credito o prepagata, e stamparlo comodamente a casa propria oppure affidarsi ad uno degli oltre 40.000 Punti SisalPay presenti in tutta Italia (bar, tabaccherie ed edicole), scegliendo il proprio biglietto online e ritirandolo, con pagamento in contanti, in ricevitoria. In alternativa, \u00e8 possibile prenotare i biglietti chiamando lo 06 0406 e finalizzare il pagamento, in contanti, nei punti SisalPay.<\/span><\/span><\/span><\/p>\n<p align=\"CENTER\"><span style=\"color: #606060;\"><span style=\"font-family: Helvetica, Arial, sans-serif;\"><span style=\"font-size: medium;\"><br \/>\n<\/span><\/span><\/span><a href=\"https:\/\/abuzzsupreme.us7.list-manage.com\/track\/click?u=52902e114a54343c97bf4b846&amp;id=03ece2cb2f&amp;e=060087a734\" target=\"_blank\" rel=\"noopener noreferrer\" data-saferedirecturl=\"https:\/\/www.google.com\/url?q=https:\/\/abuzzsupreme.us7.list-manage.com\/track\/click?u%3D52902e114a54343c97bf4b846%26id%3D03ece2cb2f%26e%3D060087a734&amp;source=gmail&amp;ust=1558208308709000&amp;usg=AFQjCNED2pKtMrfVR9PUt0yzeL4WurIzLg\"><span style=\"color: #000000;\"><span style=\"font-family: Helvetica, Arial, sans-serif;\"><span style=\"font-size: large;\"><u>www.womfest.it<\/u><\/span><\/span><\/span><\/a><\/p>\n<p align=\"CENTER\"><a href=\"https:\/\/abuzzsupreme.us7.list-manage.com\/track\/click?u=52902e114a54343c97bf4b846&amp;id=4d7c9130b9&amp;e=060087a734\" target=\"_blank\" rel=\"noopener noreferrer\" data-saferedirecturl=\"https:\/\/www.google.com\/url?q=https:\/\/abuzzsupreme.us7.list-manage.com\/track\/click?u%3D52902e114a54343c97bf4b846%26id%3D4d7c9130b9%26e%3D060087a734&amp;source=gmail&amp;ust=1558208308709000&amp;usg=AFQjCNFJ7xm8TzIlDNPQ9-RJR6aoz9j8mQ\"><span style=\"color: #000000;\"><span style=\"font-family: Helvetica, Arial, sans-serif;\"><span style=\"font-size: large;\"><u>www.facebook.com\/pg\/<wbr \/>wommovement<\/u><\/span><\/span><\/span><\/a><\/p>\n","protected":false},"excerpt":{"rendered":"<div class=\"mh-excerpt\"><p>W\u00d8M FEST 2019 Nei giorni 7 e 8 giugno nel parco della storica Villa Bottini di Lucca W\u00d8M FEST 2019 &#8211; Il tuo genere preferito <a class=\"mh-excerpt-more\" href=\"https:\/\/www.piuomenopop.it\/index.php\/2019\/05\/17\/wom-fest-2019\/\" title=\"W\u00d8M FEST 2019\">[&#8230;]<\/a><\/p>\n<\/div>","protected":false},"author":2,"featured_media":48702,"comment_status":"closed","ping_status":"closed","sticky":false,"template":"","format":"standard","meta":{"sfsi_plus_gutenberg_text_before_share":"","sfsi_plus_gutenberg_show_text_before_share":"","sfsi_plus_gutenberg_icon_type":"","sfsi_plus_gutenberg_icon_alignemt":"","sfsi_plus_gutenburg_max_per_row":"","footnotes":"","_links_to":"","_links_to_target":""},"categories":[5184,730,3],"tags":[9300],"class_list":["post-48701","post","type-post","status-publish","format-standard","has-post-thumbnail","hentry","category-calendario-concerti","category-festival","category-news","tag-wom-fest-2019"],"aioseo_notices":[],"_links":{"self":[{"href":"https:\/\/www.piuomenopop.it\/index.php\/wp-json\/wp\/v2\/posts\/48701","targetHints":{"allow":["GET"]}}],"collection":[{"href":"https:\/\/www.piuomenopop.it\/index.php\/wp-json\/wp\/v2\/posts"}],"about":[{"href":"https:\/\/www.piuomenopop.it\/index.php\/wp-json\/wp\/v2\/types\/post"}],"author":[{"embeddable":true,"href":"https:\/\/www.piuomenopop.it\/index.php\/wp-json\/wp\/v2\/users\/2"}],"replies":[{"embeddable":true,"href":"https:\/\/www.piuomenopop.it\/index.php\/wp-json\/wp\/v2\/comments?post=48701"}],"version-history":[{"count":2,"href":"https:\/\/www.piuomenopop.it\/index.php\/wp-json\/wp\/v2\/posts\/48701\/revisions"}],"predecessor-version":[{"id":48704,"href":"https:\/\/www.piuomenopop.it\/index.php\/wp-json\/wp\/v2\/posts\/48701\/revisions\/48704"}],"wp:featuredmedia":[{"embeddable":true,"href":"https:\/\/www.piuomenopop.it\/index.php\/wp-json\/wp\/v2\/media\/48702"}],"wp:attachment":[{"href":"https:\/\/www.piuomenopop.it\/index.php\/wp-json\/wp\/v2\/media?parent=48701"}],"wp:term":[{"taxonomy":"category","embeddable":true,"href":"https:\/\/www.piuomenopop.it\/index.php\/wp-json\/wp\/v2\/categories?post=48701"},{"taxonomy":"post_tag","embeddable":true,"href":"https:\/\/www.piuomenopop.it\/index.php\/wp-json\/wp\/v2\/tags?post=48701"}],"curies":[{"name":"wp","href":"https:\/\/api.w.org\/{rel}","templated":true}]}}