{"id":48833,"date":"2019-05-20T16:01:55","date_gmt":"2019-05-20T14:01:55","guid":{"rendered":"http:\/\/www.piuomenopop.it\/?p=48833"},"modified":"2019-05-20T16:05:21","modified_gmt":"2019-05-20T14:05:21","slug":"giardini-di-miro-al-via-il-tour-estivo-dellultimo-album-different-times","status":"publish","type":"post","link":"https:\/\/www.piuomenopop.it\/index.php\/2019\/05\/20\/giardini-di-miro-al-via-il-tour-estivo-dellultimo-album-different-times\/","title":{"rendered":"GIARDINI DI MIR\u00d3 al via il tour estivo dell&#8217;ultimo album &#8220;Different Times&#8221;"},"content":{"rendered":"<p style=\"text-align: center;\"><span style=\"font-size: 300%;\"><span style=\"font-family: Futura, Verdana, Helvetica, Arial;\">GIARDINI<br \/>\nDI MIR\u00d2<\/span><\/span><\/p>\n<p><strong>ANNUNCIATE LE PRIME DATE DEL TOUR ESTIVO DI &#8220;DIFFERENT TIMES&#8221; ED UNA NUOVA DATA INSIEME AI MASSIMO VOLUME<\/strong><\/p>\n<table class=\"m_-3201441331681896307mcnTextBlock\" border=\"0\" width=\"100%\" cellspacing=\"0\" cellpadding=\"0\">\n<tbody class=\"m_-3201441331681896307mcnTextBlockOuter\">\n<tr>\n<td class=\"m_-3201441331681896307mcnTextBlockInner\" valign=\"top\">\n<table class=\"m_-3201441331681896307mcnTextContentContainer\" border=\"0\" width=\"100%\" cellspacing=\"0\" cellpadding=\"0\" align=\"left\">\n<tbody>\n<tr>\n<td class=\"m_-3201441331681896307mcnTextContent\" valign=\"top\"><strong>26 maggio 2019<span style=\"font-family: arial, helvetica neue, helvetica, sans-serif;\">\u00a0&#8211; Padova &#8211; Je T&#8217;Aime Festival<\/span><\/strong><br \/>\n<span style=\"font-family: arial, helvetica neue, helvetica, sans-serif;\">Evento Facebook:\u00a0<\/span><a href=\"https:\/\/dnaconcerti.us3.list-manage.com\/track\/click?u=0949d73c4a6ceeaa9e25542cf&amp;id=e341bf1b67&amp;e=092ea9e5b2\" target=\"_blank\" rel=\"noopener noreferrer\" data-saferedirecturl=\"https:\/\/www.google.com\/url?q=https:\/\/dnaconcerti.us3.list-manage.com\/track\/click?u%3D0949d73c4a6ceeaa9e25542cf%26id%3De341bf1b67%26e%3D092ea9e5b2&amp;source=gmail&amp;ust=1558429218228000&amp;usg=AFQjCNH9STICpciGq2s4167O6CLri18TCg\">Je t&#8217;aime \/ Summer Student Festival 2019<\/a><br \/>\n<span style=\"font-family: arial, helvetica neue, helvetica, sans-serif;\">Ingresso Gratuito<\/span><strong>2 giugno 2019\u00a0&#8211; Soliera (MO)\u00a0&#8211; Festa del Racconto<\/strong><br \/>\nEvento Facebook:\u00a0<a href=\"https:\/\/dnaconcerti.us3.list-manage.com\/track\/click?u=0949d73c4a6ceeaa9e25542cf&amp;id=45d78a960b&amp;e=092ea9e5b2\" target=\"_blank\" rel=\"noopener noreferrer\" data-saferedirecturl=\"https:\/\/www.google.com\/url?q=https:\/\/dnaconcerti.us3.list-manage.com\/track\/click?u%3D0949d73c4a6ceeaa9e25542cf%26id%3D45d78a960b%26e%3D092ea9e5b2&amp;source=gmail&amp;ust=1558429218228000&amp;usg=AFQjCNGlgVLA1URC0Y_xp8tU2CWhoDdeaw\">I Giardini di Mir\u00f2 alla Festa del Racconto<\/a><br \/>\nIngresso gratuito<br \/>\nInfo:\u00a0<a href=\"https:\/\/dnaconcerti.us3.list-manage.com\/track\/click?u=0949d73c4a6ceeaa9e25542cf&amp;id=8e4460ecf5&amp;e=092ea9e5b2\" target=\"_blank\" rel=\"noopener noreferrer\" data-saferedirecturl=\"https:\/\/www.google.com\/url?q=https:\/\/dnaconcerti.us3.list-manage.com\/track\/click?u%3D0949d73c4a6ceeaa9e25542cf%26id%3D8e4460ecf5%26e%3D092ea9e5b2&amp;source=gmail&amp;ust=1558429218228000&amp;usg=AFQjCNGZNZrRHdBqhSclBJ740CfHw8jZiA\">www.festadelracconto.it<\/a><\/p>\n<p><strong>11 giugno 2019\u00a0&#8211; Bologna\u00a0&#8211; Biografilm Park<\/strong><br \/>\nInfo:\u00a0<a href=\"https:\/\/dnaconcerti.us3.list-manage.com\/track\/click?u=0949d73c4a6ceeaa9e25542cf&amp;id=e7e0f74b75&amp;e=092ea9e5b2\" target=\"_blank\" rel=\"noopener noreferrer\" data-saferedirecturl=\"https:\/\/www.google.com\/url?q=https:\/\/dnaconcerti.us3.list-manage.com\/track\/click?u%3D0949d73c4a6ceeaa9e25542cf%26id%3De7e0f74b75%26e%3D092ea9e5b2&amp;source=gmail&amp;ust=1558429218228000&amp;usg=AFQjCNFw6vPVaMJU8XqxkLDtNwzVFXKHMg\">www.biografilm.it<\/a><\/p>\n<p><strong>25\u00a0giugno 2019\u00a0&#8211; Verona\u00a0&#8211; Teatro Romano\u00a0<\/strong>w\/<strong>\u00a0Massimo Volume<\/strong><br \/>\nEvento Facebook:\u00a0<a href=\"https:\/\/dnaconcerti.us3.list-manage.com\/track\/click?u=0949d73c4a6ceeaa9e25542cf&amp;id=fd6a87e3c0&amp;e=092ea9e5b2\" target=\"_blank\" rel=\"noopener noreferrer\" data-saferedirecturl=\"https:\/\/www.google.com\/url?q=https:\/\/dnaconcerti.us3.list-manage.com\/track\/click?u%3D0949d73c4a6ceeaa9e25542cf%26id%3Dfd6a87e3c0%26e%3D092ea9e5b2&amp;source=gmail&amp;ust=1558429218228000&amp;usg=AFQjCNEFS47kRMTbUkvidsIiDi3HecRWCQ\">Massimo Volume + Giardini di Mir\u00f2 a Verona, Rumors Festival<\/a><br \/>\nIngresso:<br \/>\n&#8211; platea centrale 26\u20ac + d.p.<br \/>\n&#8211; platea laterale 22\u20ac + d.p.<br \/>\n&#8211; gradinata 18\u20ac + d.p.<br \/>\nBiglietti in vendita su TicketOne e Geticket<br \/>\nInfo:\u00a0<a href=\"https:\/\/dnaconcerti.us3.list-manage.com\/track\/click?u=0949d73c4a6ceeaa9e25542cf&amp;id=3caf294e3f&amp;e=092ea9e5b2\" target=\"_blank\" rel=\"noopener noreferrer\" data-saferedirecturl=\"https:\/\/www.google.com\/url?q=https:\/\/dnaconcerti.us3.list-manage.com\/track\/click?u%3D0949d73c4a6ceeaa9e25542cf%26id%3D3caf294e3f%26e%3D092ea9e5b2&amp;source=gmail&amp;ust=1558429218228000&amp;usg=AFQjCNElCuMd9M0P5wZJ69eMI-oMXmydfw\">www.facebook.com\/<wbr \/>rumorsfestival<\/a><\/p>\n<p><strong>26 giugno 2019\u00a0&#8211; Milano &#8211; Castello Sforzesco\u00a0<\/strong>w\/<strong>\u00a0Massimo Volume<\/strong><br \/>\nEvento Facebook:\u00a0<a href=\"https:\/\/dnaconcerti.us3.list-manage.com\/track\/click?u=0949d73c4a6ceeaa9e25542cf&amp;id=1e56a3026d&amp;e=092ea9e5b2\" target=\"_blank\" rel=\"noopener noreferrer\" data-saferedirecturl=\"https:\/\/www.google.com\/url?q=https:\/\/dnaconcerti.us3.list-manage.com\/track\/click?u%3D0949d73c4a6ceeaa9e25542cf%26id%3D1e56a3026d%26e%3D092ea9e5b2&amp;source=gmail&amp;ust=1558429218228000&amp;usg=AFQjCNFZFzdyY45yul_Nzle_W-b5hrtqRQ\">Massimo Volume + Giardini di Mir\u00f2 a<\/a><a href=\"https:\/\/dnaconcerti.us3.list-manage.com\/track\/click?u=0949d73c4a6ceeaa9e25542cf&amp;id=2a8d97449b&amp;e=092ea9e5b2\" target=\"_blank\" rel=\"noopener noreferrer\" data-saferedirecturl=\"https:\/\/www.google.com\/url?q=https:\/\/dnaconcerti.us3.list-manage.com\/track\/click?u%3D0949d73c4a6ceeaa9e25542cf%26id%3D2a8d97449b%26e%3D092ea9e5b2&amp;source=gmail&amp;ust=1558429218228000&amp;usg=AFQjCNF9GF_e03o3RP7AGhXlxFelCi8LJw\">\u00a0Milano<\/a><br \/>\nIngresso: 20\u20ac + d.p. \/ 25\u20ac alla porta<br \/>\nBiglietti in vendita su TicketOne e Mailticket<br \/>\nInfo:\u00a0<a href=\"https:\/\/dnaconcerti.us3.list-manage.com\/track\/click?u=0949d73c4a6ceeaa9e25542cf&amp;id=4e9bc6b6a4&amp;e=092ea9e5b2\" target=\"_blank\" rel=\"noopener noreferrer\" data-saferedirecturl=\"https:\/\/www.google.com\/url?q=https:\/\/dnaconcerti.us3.list-manage.com\/track\/click?u%3D0949d73c4a6ceeaa9e25542cf%26id%3D4e9bc6b6a4%26e%3D092ea9e5b2&amp;source=gmail&amp;ust=1558429218228000&amp;usg=AFQjCNEUatkRSpMKXfITPkWLzfWo6aGhxA\">www.comune.milano.it\/<wbr \/>estatesforzesca<\/a><\/p>\n<p><strong>7 luglio 2019\u00a0&#8211; Roma &#8211; Villa Ada\u00a0<\/strong>w\/<strong>\u00a0Massimo Volume<\/strong><br \/>\nEvento Facebook:\u00a0<a href=\"https:\/\/dnaconcerti.us3.list-manage.com\/track\/click?u=0949d73c4a6ceeaa9e25542cf&amp;id=71e411ff6b&amp;e=092ea9e5b2\" target=\"_blank\" rel=\"noopener noreferrer\" data-saferedirecturl=\"https:\/\/www.google.com\/url?q=https:\/\/dnaconcerti.us3.list-manage.com\/track\/click?u%3D0949d73c4a6ceeaa9e25542cf%26id%3D71e411ff6b%26e%3D092ea9e5b2&amp;source=gmail&amp;ust=1558429218228000&amp;usg=AFQjCNHQlaLEVM_0awy5CGwjHX8c3l7zyg\">Massimo Volume + Giardini di Mir\u00f2\u00a0<\/a><a href=\"https:\/\/dnaconcerti.us3.list-manage.com\/track\/click?u=0949d73c4a6ceeaa9e25542cf&amp;id=354180e3ab&amp;e=092ea9e5b2\" target=\"_blank\" rel=\"noopener noreferrer\" data-saferedirecturl=\"https:\/\/www.google.com\/url?q=https:\/\/dnaconcerti.us3.list-manage.com\/track\/click?u%3D0949d73c4a6ceeaa9e25542cf%26id%3D354180e3ab%26e%3D092ea9e5b2&amp;source=gmail&amp;ust=1558429218228000&amp;usg=AFQjCNEZPjQ-DU72qLQ73ylUysrkFM4LlQ\">live a Villa Ada<\/a><br \/>\nIngresso: 18\u20ac + d.p.<br \/>\nBiglietti in vendita su i-Ticket<br \/>\nInfo:\u00a0<a href=\"https:\/\/dnaconcerti.us3.list-manage.com\/track\/click?u=0949d73c4a6ceeaa9e25542cf&amp;id=70e4476842&amp;e=092ea9e5b2\" target=\"_blank\" rel=\"noopener noreferrer\" data-saferedirecturl=\"https:\/\/www.google.com\/url?q=https:\/\/dnaconcerti.us3.list-manage.com\/track\/click?u%3D0949d73c4a6ceeaa9e25542cf%26id%3D70e4476842%26e%3D092ea9e5b2&amp;source=gmail&amp;ust=1558429218228000&amp;usg=AFQjCNGSxCutafESawl7A0zn3FprY9sh_Q\">www.villaada.org<\/a><\/p>\n<p><strong>12 luglio 2019\u00a0&#8211; Ancona\u00a0&#8211; Mole Vanvitelliana\u00a0<\/strong>w\/<strong>\u00a0Massimo Volume<\/strong><br \/>\nInfo:\u00a0<a href=\"https:\/\/dnaconcerti.us3.list-manage.com\/track\/click?u=0949d73c4a6ceeaa9e25542cf&amp;id=21d51cd759&amp;e=092ea9e5b2\" target=\"_blank\" rel=\"noopener noreferrer\" data-saferedirecturl=\"https:\/\/www.google.com\/url?q=https:\/\/dnaconcerti.us3.list-manage.com\/track\/click?u%3D0949d73c4a6ceeaa9e25542cf%26id%3D21d51cd759%26e%3D092ea9e5b2&amp;source=gmail&amp;ust=1558429218228000&amp;usg=AFQjCNGmwhL7D5An27qxN544wXr3GXcxxA\">www.lamoleancona.it<\/a><\/p>\n<p><strong>27 luglio 2019\u00a0&#8211; Sepino (CB) &#8211; Poietika<\/strong><\/td>\n<\/tr>\n<\/tbody>\n<\/table>\n<\/td>\n<\/tr>\n<\/tbody>\n<\/table>\n<table class=\"m_-3201441331681896307mcnTextBlock\" border=\"0\" width=\"100%\" cellspacing=\"0\" cellpadding=\"0\">\n<tbody class=\"m_-3201441331681896307mcnTextBlockOuter\">\n<tr>\n<td class=\"m_-3201441331681896307mcnTextBlockInner\" valign=\"top\">\n<table class=\"m_-3201441331681896307mcnTextContentContainer\" border=\"0\" width=\"100%\" cellspacing=\"0\" cellpadding=\"0\" align=\"left\">\n<tbody>\n<tr>\n<td class=\"m_-3201441331681896307mcnTextContent\" valign=\"top\">\n<div><img loading=\"lazy\" decoding=\"async\" class=\"aligncenter wp-image-48835 size-full\" src=\"http:\/\/www.piuomenopop.it\/wp-content\/uploads\/2019\/05\/giardini-di-mir\u00f2.jpg\" alt=\"\" width=\"600\" height=\"600\" srcset=\"https:\/\/www.piuomenopop.it\/wp-content\/uploads\/2019\/05\/giardini-di-mir\u00f2.jpg 600w, https:\/\/www.piuomenopop.it\/wp-content\/uploads\/2019\/05\/giardini-di-mir\u00f2-150x150.jpg 150w, https:\/\/www.piuomenopop.it\/wp-content\/uploads\/2019\/05\/giardini-di-mir\u00f2-300x300.jpg 300w\" sizes=\"auto, (max-width: 600px) 100vw, 600px\" \/><\/div>\n<div>Dopo il grande successo del tour invernale che ha attraversato l&#8217;Italia arrivando fino in Svizzera e Spagna,<strong>\u00a0<\/strong>i Giardini di Mir\u00f2, vera a propria leggenda della musica indipendente italiana, tornano con una serie di imperdibili concerti estivi\u00a0per portare dal vivo il loro ultimo disco \u201cDifferent Times\u201d. Queste le prime date: si comincia domenica\u00a0<strong>26 maggio<\/strong>al\u00a0<strong>Je T\u2019Aime Festival<\/strong>\u00a0di<strong>\u00a0Padova<\/strong>, per poi proseguire domenica\u00a0<strong>2 giugno<\/strong>\u00a0alla\u00a0<strong>Festa del Racconto<\/strong>\u00a0di\u00a0<strong>Soliera (MO)<\/strong>\u00a0e\u00a0 marted\u00ec\u00a0<strong>11 giugno<\/strong>\u00a0al\u00a0<strong>Biografilm<\/strong>\u00a0di\u00a0<strong>Bologna<\/strong>.<br \/>\nSi aggiunge poi una\u00a0<strong>nuova data al minitour insieme ai Massimo Volume<\/strong>, altro gruppo icona della scena indipendente: oltre ai live gi\u00e0 annunciati del marted\u00ec 25 giugno al Teatro Romano di Verona, mercoled\u00ec 26 giugno al Castello Sforzesco di Milano e domenica 7 luglio a Villa Ada a Roma, le due band suoneranno anche il venerd\u00ec\u00a0<strong>12 luglio<\/strong>\u00a0alla\u00a0<strong>Mole Vanvitelliana<\/strong>\u00a0di\u00a0<strong>Ancona<\/strong>.<br \/>\nI Giardini di Mir\u00f2 saranno ancora in concerto sabato\u00a0<strong>27 luglio<\/strong>\u00a0al festival<strong>\u00a0Poietika<\/strong>\u00a0a\u00a0<strong>Sepino (CB)<\/strong>.<\/div>\n<\/td>\n<\/tr>\n<\/tbody>\n<\/table>\n<\/td>\n<\/tr>\n<\/tbody>\n<\/table>\n<table class=\"m_-3201441331681896307mcnImageBlock\" border=\"0\" width=\"100%\" cellspacing=\"0\" cellpadding=\"0\">\n<tbody class=\"m_-3201441331681896307mcnImageBlockOuter\">\n<tr>\n<td class=\"m_-3201441331681896307mcnImageBlockInner\" valign=\"top\"><\/td>\n<\/tr>\n<\/tbody>\n<\/table>\n<p><strong>\u201cDifferent Times\u201d,\u00a0<\/strong>uscito il 30 novembre 2018 per<strong>\u00a0<\/strong>42 Records<strong>,\u00a0<\/strong>arriva dopo un\u2019attesa lunga per una band dalla discografia sterminata, ma che nonostante gli LP, gli EP, le colonne sonore e le sonorizzazioni di film muti, non presentava un lavoro di inediti dal lontano 2012, con \u201c<strong>Good Luck<\/strong>\u201d. (<a href=\"http:\/\/www.piuomenopop.it\/index.php\/2018\/11\/30\/different-times-i-giardini-di-miro-sono-tornati\/\" target=\"_blank\" rel=\"noopener noreferrer\">leggi la recensione<\/a>)<\/p>\n","protected":false},"excerpt":{"rendered":"<div class=\"mh-excerpt\"><p>GIARDINI DI MIR\u00d2 ANNUNCIATE LE PRIME DATE DEL TOUR ESTIVO DI &#8220;DIFFERENT TIMES&#8221; ED UNA NUOVA DATA INSIEME AI MASSIMO VOLUME 26 maggio 2019\u00a0&#8211; Padova <a class=\"mh-excerpt-more\" href=\"https:\/\/www.piuomenopop.it\/index.php\/2019\/05\/20\/giardini-di-miro-al-via-il-tour-estivo-dellultimo-album-different-times\/\" title=\"GIARDINI DI MIR\u00d3 al via il tour estivo dell&#8217;ultimo album &#8220;Different Times&#8221;\">[&#8230;]<\/a><\/p>\n<\/div>","protected":false},"author":2,"featured_media":48834,"comment_status":"closed","ping_status":"closed","sticky":false,"template":"","format":"standard","meta":{"sfsi_plus_gutenberg_text_before_share":"","sfsi_plus_gutenberg_show_text_before_share":"","sfsi_plus_gutenberg_icon_type":"","sfsi_plus_gutenberg_icon_alignemt":"","sfsi_plus_gutenburg_max_per_row":"","footnotes":"","_links_to":"","_links_to_target":""},"categories":[5184,3],"tags":[9813,1391],"class_list":["post-48833","post","type-post","status-publish","format-standard","has-post-thumbnail","hentry","category-calendario-concerti","category-news","tag-giardinidi-miro","tag-massimo-volume"],"aioseo_notices":[],"aioseo_head":"\n\t\t<!-- All in One SEO 5.0.0.1 - aioseo.com -->\n\t<meta name=\"description\" content=\"GIARDINI DI MIR\u00d2 ANNUNCIATE LE PRIME DATE DEL TOUR ESTIVO DI &quot;DIFFERENT TIMES&quot; ED UNA NUOVA DATA INSIEME AI MASSIMO VOLUME 26 maggio 2019 - Padova - Je T&#039;Aime Festival Evento Facebook: Je t&#039;aime \/ Summer Student Festival 2019 Ingresso Gratuito2 giugno 2019 - Soliera (MO) - Festa del Racconto Evento Facebook: I Giardini di Mir\u00f2 alla Festa del Racconto\" \/>\n\t<meta name=\"robots\" content=\"max-image-preview:large\" \/>\n\t<meta name=\"author\" content=\"redazione\"\/>\n\t<link rel=\"canonical\" href=\"https:\/\/www.piuomenopop.it\/index.php\/2019\/05\/20\/giardini-di-miro-al-via-il-tour-estivo-dellultimo-album-different-times\/\" \/>\n\t<meta name=\"generator\" content=\"All in One SEO (AIOSEO) 5.0.0.1\" \/>\n\t\t<meta property=\"og:locale\" content=\"it_IT\" \/>\n\t\t<meta property=\"og:site_name\" content=\"Piu o Meno POP - uno spazio di condivisione, che si occupa di passioni\" \/>\n\t\t<meta property=\"og:type\" content=\"article\" \/>\n\t\t<meta property=\"og:title\" content=\"GIARDINI DI MIR\u00d3 al via il tour estivo dell\u2019ultimo album \u201cDifferent Times\u201d - Piu o Meno POP\" \/>\n\t\t<meta property=\"og:description\" content=\"GIARDINI DI MIR\u00d2 ANNUNCIATE LE PRIME DATE DEL TOUR ESTIVO DI &quot;DIFFERENT TIMES&quot; ED UNA NUOVA DATA INSIEME AI MASSIMO VOLUME 26 maggio 2019 - Padova - Je T&#039;Aime Festival Evento Facebook: Je t&#039;aime \/ Summer Student Festival 2019 Ingresso Gratuito2 giugno 2019 - Soliera (MO) - Festa del Racconto Evento Facebook: I Giardini di Mir\u00f2 alla Festa del Racconto\" \/>\n\t\t<meta property=\"og:url\" content=\"https:\/\/www.piuomenopop.it\/index.php\/2019\/05\/20\/giardini-di-miro-al-via-il-tour-estivo-dellultimo-album-different-times\/\" \/>\n\t\t<meta property=\"article:published_time\" content=\"2019-05-20T14:01:55+00:00\" \/>\n\t\t<meta property=\"article:modified_time\" content=\"2019-05-20T14:05:21+00:00\" \/>\n\t\t<meta name=\"twitter:card\" content=\"summary\" \/>\n\t\t<meta name=\"twitter:title\" content=\"GIARDINI DI MIR\u00d3 al via il tour estivo dell\u2019ultimo album \u201cDifferent Times\u201d - Piu o Meno POP\" \/>\n\t\t<meta name=\"twitter:description\" content=\"GIARDINI DI MIR\u00d2 ANNUNCIATE LE PRIME DATE DEL TOUR ESTIVO DI &quot;DIFFERENT TIMES&quot; ED UNA NUOVA DATA INSIEME AI MASSIMO VOLUME 26 maggio 2019 - Padova - Je T&#039;Aime Festival Evento Facebook: Je t&#039;aime \/ Summer Student Festival 2019 Ingresso Gratuito2 giugno 2019 - Soliera (MO) - Festa del Racconto Evento Facebook: I Giardini di Mir\u00f2 alla Festa del Racconto\" \/>\n\t\t<script type=\"application\/ld+json\" class=\"aioseo-schema\">\n\t\t\t{\"@context\":\"https:\\\/\\\/schema.org\",\"@graph\":[{\"@type\":\"BlogPosting\",\"@id\":\"https:\\\/\\\/www.piuomenopop.it\\\/index.php\\\/2019\\\/05\\\/20\\\/giardini-di-miro-al-via-il-tour-estivo-dellultimo-album-different-times\\\/#blogposting\",\"name\":\"GIARDINI DI MIR\\u00d3 al via il tour estivo dell\\u2019ultimo album \\u201cDifferent Times\\u201d - Piu o Meno POP\",\"headline\":\"GIARDINI DI MIR\\u00d3 al via il tour estivo dell&#8217;ultimo album &#8220;Different Times&#8221;\",\"author\":{\"@id\":\"https:\\\/\\\/www.piuomenopop.it\\\/index.php\\\/author\\\/sonia\\\/#author\"},\"publisher\":{\"@id\":\"https:\\\/\\\/www.piuomenopop.it\\\/#organization\"},\"image\":{\"@type\":\"ImageObject\",\"url\":\"https:\\\/\\\/www.piuomenopop.it\\\/wp-content\\\/uploads\\\/2019\\\/05\\\/giardini-di-mir\\u00f2-Small.jpg\",\"width\":720,\"height\":480,\"caption\":\"\\u00a9 Simone Mazzotti\"},\"datePublished\":\"2019-05-20T16:01:55+02:00\",\"dateModified\":\"2019-05-20T16:05:21+02:00\",\"inLanguage\":\"it-IT\",\"mainEntityOfPage\":{\"@id\":\"https:\\\/\\\/www.piuomenopop.it\\\/index.php\\\/2019\\\/05\\\/20\\\/giardini-di-miro-al-via-il-tour-estivo-dellultimo-album-different-times\\\/#webpage\"},\"isPartOf\":{\"@id\":\"https:\\\/\\\/www.piuomenopop.it\\\/index.php\\\/2019\\\/05\\\/20\\\/giardini-di-miro-al-via-il-tour-estivo-dellultimo-album-different-times\\\/#webpage\"},\"articleSection\":\"calendario concerti, Notizie, GIARDINIDI MIR\\u00d2, massimo volume\"},{\"@type\":\"BreadcrumbList\",\"@id\":\"https:\\\/\\\/www.piuomenopop.it\\\/index.php\\\/2019\\\/05\\\/20\\\/giardini-di-miro-al-via-il-tour-estivo-dellultimo-album-different-times\\\/#breadcrumblist\",\"itemListElement\":[{\"@type\":\"ListItem\",\"@id\":\"https:\\\/\\\/www.piuomenopop.it#listItem\",\"position\":1,\"name\":\"Home\",\"item\":\"https:\\\/\\\/www.piuomenopop.it\",\"nextItem\":{\"@type\":\"ListItem\",\"@id\":\"https:\\\/\\\/www.piuomenopop.it\\\/index.php\\\/category\\\/news\\\/#listItem\",\"name\":\"Notizie\"}},{\"@type\":\"ListItem\",\"@id\":\"https:\\\/\\\/www.piuomenopop.it\\\/index.php\\\/category\\\/news\\\/#listItem\",\"position\":2,\"name\":\"Notizie\",\"item\":\"https:\\\/\\\/www.piuomenopop.it\\\/index.php\\\/category\\\/news\\\/\",\"nextItem\":{\"@type\":\"ListItem\",\"@id\":\"https:\\\/\\\/www.piuomenopop.it\\\/index.php\\\/2019\\\/05\\\/20\\\/giardini-di-miro-al-via-il-tour-estivo-dellultimo-album-different-times\\\/#listItem\",\"name\":\"GIARDINI DI MIR\\u00d3 al via il tour estivo dell&#8217;ultimo album &#8220;Different Times&#8221;\"},\"previousItem\":{\"@type\":\"ListItem\",\"@id\":\"https:\\\/\\\/www.piuomenopop.it#listItem\",\"name\":\"Home\"}},{\"@type\":\"ListItem\",\"@id\":\"https:\\\/\\\/www.piuomenopop.it\\\/index.php\\\/2019\\\/05\\\/20\\\/giardini-di-miro-al-via-il-tour-estivo-dellultimo-album-different-times\\\/#listItem\",\"position\":3,\"name\":\"GIARDINI DI MIR\\u00d3 al via il tour estivo dell&#8217;ultimo album &#8220;Different Times&#8221;\",\"previousItem\":{\"@type\":\"ListItem\",\"@id\":\"https:\\\/\\\/www.piuomenopop.it\\\/index.php\\\/category\\\/news\\\/#listItem\",\"name\":\"Notizie\"}}]},{\"@type\":\"Organization\",\"@id\":\"https:\\\/\\\/www.piuomenopop.it\\\/#organization\",\"name\":\"Piu o Meno POP\",\"description\":\"uno spazio di condivisione, che si occupa di passioni\",\"url\":\"https:\\\/\\\/www.piuomenopop.it\\\/\"},{\"@type\":\"Person\",\"@id\":\"https:\\\/\\\/www.piuomenopop.it\\\/index.php\\\/author\\\/sonia\\\/#author\",\"url\":\"https:\\\/\\\/www.piuomenopop.it\\\/index.php\\\/author\\\/sonia\\\/\",\"name\":\"redazione\",\"image\":{\"@type\":\"ImageObject\",\"@id\":\"https:\\\/\\\/www.piuomenopop.it\\\/index.php\\\/2019\\\/05\\\/20\\\/giardini-di-miro-al-via-il-tour-estivo-dellultimo-album-different-times\\\/#authorImage\",\"url\":\"https:\\\/\\\/secure.gravatar.com\\\/avatar\\\/5a2feb58192bb409d31bb30564805c9ab4588e2df3a00e7e57648d81c2cc138a?s=96&d=mm&r=g\",\"width\":96,\"height\":96,\"caption\":\"redazione\"}},{\"@type\":\"WebPage\",\"@id\":\"https:\\\/\\\/www.piuomenopop.it\\\/index.php\\\/2019\\\/05\\\/20\\\/giardini-di-miro-al-via-il-tour-estivo-dellultimo-album-different-times\\\/#webpage\",\"url\":\"https:\\\/\\\/www.piuomenopop.it\\\/index.php\\\/2019\\\/05\\\/20\\\/giardini-di-miro-al-via-il-tour-estivo-dellultimo-album-different-times\\\/\",\"name\":\"GIARDINI DI MIR\\u00d3 al via il tour estivo dell\\u2019ultimo album \\u201cDifferent Times\\u201d - Piu o Meno POP\",\"description\":\"GIARDINI DI MIR\\u00d2 ANNUNCIATE LE PRIME DATE DEL TOUR ESTIVO DI \\\"DIFFERENT TIMES\\\" ED UNA NUOVA DATA INSIEME AI MASSIMO VOLUME 26 maggio 2019 - Padova - Je T'Aime Festival Evento Facebook: Je t'aime \\\/ Summer Student Festival 2019 Ingresso Gratuito2 giugno 2019 - Soliera (MO) - Festa del Racconto Evento Facebook: I Giardini di Mir\\u00f2 alla Festa del Racconto\",\"inLanguage\":\"it-IT\",\"isPartOf\":{\"@id\":\"https:\\\/\\\/www.piuomenopop.it\\\/#website\"},\"breadcrumb\":{\"@id\":\"https:\\\/\\\/www.piuomenopop.it\\\/index.php\\\/2019\\\/05\\\/20\\\/giardini-di-miro-al-via-il-tour-estivo-dellultimo-album-different-times\\\/#breadcrumblist\"},\"author\":{\"@id\":\"https:\\\/\\\/www.piuomenopop.it\\\/index.php\\\/author\\\/sonia\\\/#author\"},\"creator\":{\"@id\":\"https:\\\/\\\/www.piuomenopop.it\\\/index.php\\\/author\\\/sonia\\\/#author\"},\"image\":{\"@type\":\"ImageObject\",\"url\":\"https:\\\/\\\/www.piuomenopop.it\\\/wp-content\\\/uploads\\\/2019\\\/05\\\/giardini-di-mir\\u00f2-Small.jpg\",\"@id\":\"https:\\\/\\\/www.piuomenopop.it\\\/index.php\\\/2019\\\/05\\\/20\\\/giardini-di-miro-al-via-il-tour-estivo-dellultimo-album-different-times\\\/#mainImage\",\"width\":720,\"height\":480,\"caption\":\"\\u00a9 Simone Mazzotti\"},\"primaryImageOfPage\":{\"@id\":\"https:\\\/\\\/www.piuomenopop.it\\\/index.php\\\/2019\\\/05\\\/20\\\/giardini-di-miro-al-via-il-tour-estivo-dellultimo-album-different-times\\\/#mainImage\"},\"datePublished\":\"2019-05-20T16:01:55+02:00\",\"dateModified\":\"2019-05-20T16:05:21+02:00\"},{\"@type\":\"WebSite\",\"@id\":\"https:\\\/\\\/www.piuomenopop.it\\\/#website\",\"url\":\"https:\\\/\\\/www.piuomenopop.it\\\/\",\"name\":\"Piu o Meno POP\",\"description\":\"uno spazio di condivisione, che si occupa di passioni\",\"inLanguage\":\"it-IT\",\"publisher\":{\"@id\":\"https:\\\/\\\/www.piuomenopop.it\\\/#organization\"}}]}\n\t\t<\/script>\n\t\t<!-- All in One SEO -->\n\n","aioseo_head_json":{"title":"GIARDINI DI MIR\u00d3 al via il tour estivo dell\u2019ultimo album \u201cDifferent Times\u201d - Piu o Meno POP","description":"GIARDINI DI MIR\u00d2 ANNUNCIATE LE PRIME DATE DEL TOUR ESTIVO DI \"DIFFERENT TIMES\" ED UNA NUOVA DATA INSIEME AI MASSIMO VOLUME 26 maggio 2019 - Padova - Je T'Aime Festival Evento Facebook: Je t'aime \/ Summer Student Festival 2019 Ingresso Gratuito2 giugno 2019 - Soliera (MO) - Festa del Racconto Evento Facebook: I Giardini di Mir\u00f2 alla Festa del Racconto","canonical_url":"https:\/\/www.piuomenopop.it\/index.php\/2019\/05\/20\/giardini-di-miro-al-via-il-tour-estivo-dellultimo-album-different-times\/","robots":"max-image-preview:large","keywords":"","webmasterTools":{"miscellaneous":""},"schema":{"@context":"https:\/\/schema.org","@graph":[{"@type":"BlogPosting","@id":"https:\/\/www.piuomenopop.it\/index.php\/2019\/05\/20\/giardini-di-miro-al-via-il-tour-estivo-dellultimo-album-different-times\/#blogposting","name":"GIARDINI DI MIR\u00d3 al via il tour estivo dell\u2019ultimo album \u201cDifferent Times\u201d - Piu o Meno POP","headline":"GIARDINI DI MIR\u00d3 al via il tour estivo dell&#8217;ultimo album &#8220;Different Times&#8221;","author":{"@id":"https:\/\/www.piuomenopop.it\/index.php\/author\/sonia\/#author"},"publisher":{"@id":"https:\/\/www.piuomenopop.it\/#organization"},"image":{"@type":"ImageObject","url":"https:\/\/www.piuomenopop.it\/wp-content\/uploads\/2019\/05\/giardini-di-mir\u00f2-Small.jpg","width":720,"height":480,"caption":"\u00a9 Simone Mazzotti"},"datePublished":"2019-05-20T16:01:55+02:00","dateModified":"2019-05-20T16:05:21+02:00","inLanguage":"it-IT","mainEntityOfPage":{"@id":"https:\/\/www.piuomenopop.it\/index.php\/2019\/05\/20\/giardini-di-miro-al-via-il-tour-estivo-dellultimo-album-different-times\/#webpage"},"isPartOf":{"@id":"https:\/\/www.piuomenopop.it\/index.php\/2019\/05\/20\/giardini-di-miro-al-via-il-tour-estivo-dellultimo-album-different-times\/#webpage"},"articleSection":"calendario concerti, Notizie, GIARDINIDI MIR\u00d2, massimo volume"},{"@type":"BreadcrumbList","@id":"https:\/\/www.piuomenopop.it\/index.php\/2019\/05\/20\/giardini-di-miro-al-via-il-tour-estivo-dellultimo-album-different-times\/#breadcrumblist","itemListElement":[{"@type":"ListItem","@id":"https:\/\/www.piuomenopop.it#listItem","position":1,"name":"Home","item":"https:\/\/www.piuomenopop.it","nextItem":{"@type":"ListItem","@id":"https:\/\/www.piuomenopop.it\/index.php\/category\/news\/#listItem","name":"Notizie"}},{"@type":"ListItem","@id":"https:\/\/www.piuomenopop.it\/index.php\/category\/news\/#listItem","position":2,"name":"Notizie","item":"https:\/\/www.piuomenopop.it\/index.php\/category\/news\/","nextItem":{"@type":"ListItem","@id":"https:\/\/www.piuomenopop.it\/index.php\/2019\/05\/20\/giardini-di-miro-al-via-il-tour-estivo-dellultimo-album-different-times\/#listItem","name":"GIARDINI DI MIR\u00d3 al via il tour estivo dell&#8217;ultimo album &#8220;Different Times&#8221;"},"previousItem":{"@type":"ListItem","@id":"https:\/\/www.piuomenopop.it#listItem","name":"Home"}},{"@type":"ListItem","@id":"https:\/\/www.piuomenopop.it\/index.php\/2019\/05\/20\/giardini-di-miro-al-via-il-tour-estivo-dellultimo-album-different-times\/#listItem","position":3,"name":"GIARDINI DI MIR\u00d3 al via il tour estivo dell&#8217;ultimo album &#8220;Different Times&#8221;","previousItem":{"@type":"ListItem","@id":"https:\/\/www.piuomenopop.it\/index.php\/category\/news\/#listItem","name":"Notizie"}}]},{"@type":"Organization","@id":"https:\/\/www.piuomenopop.it\/#organization","name":"Piu o Meno POP","description":"uno spazio di condivisione, che si occupa di passioni","url":"https:\/\/www.piuomenopop.it\/"},{"@type":"Person","@id":"https:\/\/www.piuomenopop.it\/index.php\/author\/sonia\/#author","url":"https:\/\/www.piuomenopop.it\/index.php\/author\/sonia\/","name":"redazione","image":{"@type":"ImageObject","@id":"https:\/\/www.piuomenopop.it\/index.php\/2019\/05\/20\/giardini-di-miro-al-via-il-tour-estivo-dellultimo-album-different-times\/#authorImage","url":"https:\/\/secure.gravatar.com\/avatar\/5a2feb58192bb409d31bb30564805c9ab4588e2df3a00e7e57648d81c2cc138a?s=96&d=mm&r=g","width":96,"height":96,"caption":"redazione"}},{"@type":"WebPage","@id":"https:\/\/www.piuomenopop.it\/index.php\/2019\/05\/20\/giardini-di-miro-al-via-il-tour-estivo-dellultimo-album-different-times\/#webpage","url":"https:\/\/www.piuomenopop.it\/index.php\/2019\/05\/20\/giardini-di-miro-al-via-il-tour-estivo-dellultimo-album-different-times\/","name":"GIARDINI DI MIR\u00d3 al via il tour estivo dell\u2019ultimo album \u201cDifferent Times\u201d - Piu o Meno POP","description":"GIARDINI DI MIR\u00d2 ANNUNCIATE LE PRIME DATE DEL TOUR ESTIVO DI \"DIFFERENT TIMES\" ED UNA NUOVA DATA INSIEME AI MASSIMO VOLUME 26 maggio 2019 - Padova - Je T'Aime Festival Evento Facebook: Je t'aime \/ Summer Student Festival 2019 Ingresso Gratuito2 giugno 2019 - Soliera (MO) - Festa del Racconto Evento Facebook: I Giardini di Mir\u00f2 alla Festa del Racconto","inLanguage":"it-IT","isPartOf":{"@id":"https:\/\/www.piuomenopop.it\/#website"},"breadcrumb":{"@id":"https:\/\/www.piuomenopop.it\/index.php\/2019\/05\/20\/giardini-di-miro-al-via-il-tour-estivo-dellultimo-album-different-times\/#breadcrumblist"},"author":{"@id":"https:\/\/www.piuomenopop.it\/index.php\/author\/sonia\/#author"},"creator":{"@id":"https:\/\/www.piuomenopop.it\/index.php\/author\/sonia\/#author"},"image":{"@type":"ImageObject","url":"https:\/\/www.piuomenopop.it\/wp-content\/uploads\/2019\/05\/giardini-di-mir\u00f2-Small.jpg","@id":"https:\/\/www.piuomenopop.it\/index.php\/2019\/05\/20\/giardini-di-miro-al-via-il-tour-estivo-dellultimo-album-different-times\/#mainImage","width":720,"height":480,"caption":"\u00a9 Simone Mazzotti"},"primaryImageOfPage":{"@id":"https:\/\/www.piuomenopop.it\/index.php\/2019\/05\/20\/giardini-di-miro-al-via-il-tour-estivo-dellultimo-album-different-times\/#mainImage"},"datePublished":"2019-05-20T16:01:55+02:00","dateModified":"2019-05-20T16:05:21+02:00"},{"@type":"WebSite","@id":"https:\/\/www.piuomenopop.it\/#website","url":"https:\/\/www.piuomenopop.it\/","name":"Piu o Meno POP","description":"uno spazio di condivisione, che si occupa di passioni","inLanguage":"it-IT","publisher":{"@id":"https:\/\/www.piuomenopop.it\/#organization"}}]},"og:locale":"it_IT","og:site_name":"Piu o Meno POP - uno spazio di condivisione, che si occupa di passioni","og:type":"article","og:title":"GIARDINI DI MIR\u00d3 al via il tour estivo dell\u2019ultimo album \u201cDifferent Times\u201d - Piu o Meno POP","og:description":"GIARDINI DI MIR\u00d2 ANNUNCIATE LE PRIME DATE DEL TOUR ESTIVO DI &quot;DIFFERENT TIMES&quot; ED UNA NUOVA DATA INSIEME AI MASSIMO VOLUME 26 maggio 2019 - Padova - Je T'Aime Festival Evento Facebook: Je t'aime \/ Summer Student Festival 2019 Ingresso Gratuito2 giugno 2019 - Soliera (MO) - Festa del Racconto Evento Facebook: I Giardini di Mir\u00f2 alla Festa del Racconto","og:url":"https:\/\/www.piuomenopop.it\/index.php\/2019\/05\/20\/giardini-di-miro-al-via-il-tour-estivo-dellultimo-album-different-times\/","article:published_time":"2019-05-20T14:01:55+00:00","article:modified_time":"2019-05-20T14:05:21+00:00","twitter:card":"summary","twitter:title":"GIARDINI DI MIR\u00d3 al via il tour estivo dell\u2019ultimo album \u201cDifferent Times\u201d - Piu o Meno POP","twitter:description":"GIARDINI DI MIR\u00d2 ANNUNCIATE LE PRIME DATE DEL TOUR ESTIVO DI &quot;DIFFERENT TIMES&quot; ED UNA NUOVA DATA INSIEME AI MASSIMO VOLUME 26 maggio 2019 - Padova - Je T'Aime Festival Evento Facebook: Je t'aime \/ Summer Student Festival 2019 Ingresso Gratuito2 giugno 2019 - Soliera (MO) - Festa del Racconto Evento Facebook: I Giardini di Mir\u00f2 alla Festa del Racconto"},"aioseo_meta_data":{"post_id":"48833","title":null,"description":null,"keywords":null,"keyphrases":null,"primary_term":null,"canonical_url":null,"og_title":null,"og_description":null,"og_object_type":"default","og_image_type":"default","og_image_url":null,"og_image_width":null,"og_image_height":null,"og_image_custom_url":null,"og_image_custom_fields":null,"og_video":null,"og_custom_url":null,"og_article_section":null,"og_article_tags":null,"twitter_use_og":false,"twitter_card":"default","twitter_image_type":"default","twitter_image_url":null,"twitter_image_custom_url":null,"twitter_image_custom_fields":null,"twitter_title":null,"twitter_description":null,"schema":{"blockGraphs":[],"customGraphs":[],"default":{"data":{"Article":[],"Course":[],"Dataset":[],"FAQPage":[],"Movie":[],"Person":[],"Product":[],"ProductReview":[],"Car":[],"Recipe":[],"Service":[],"SoftwareApplication":[],"WebPage":[]},"graphName":"BlogPosting","isEnabled":true},"graphs":[]},"schema_type":"default","schema_type_options":null,"pillar_content":false,"robots_default":true,"robots_noindex":false,"robots_noarchive":false,"robots_nosnippet":false,"robots_nofollow":false,"robots_noimageindex":false,"robots_noodp":false,"robots_notranslate":false,"robots_max_snippet":null,"robots_max_videopreview":null,"robots_max_imagepreview":"large","priority":null,"frequency":null,"local_seo":null,"limit_modified_date":false,"created":"2022-06-22 21:22:17","updated":"2026-06-22 12:25:50","ai":null,"breadcrumb_settings":null,"seo_analyzer_scan_date":null,"focus_keyword":null,"additional_keywords":null,"truseo_locale":null},"aioseo_breadcrumb":"<div class=\"aioseo-breadcrumbs\"><span class=\"aioseo-breadcrumb\">\n\t\t\t<a href=\"https:\/\/www.piuomenopop.it\" title=\"Home\">Home<\/a>\n\t\t<\/span><span class=\"aioseo-breadcrumb-separator\">&raquo;<\/span><span class=\"aioseo-breadcrumb\">\n\t\t\t<a href=\"https:\/\/www.piuomenopop.it\/index.php\/category\/news\/\" title=\"Notizie\">Notizie<\/a>\n\t\t<\/span><span class=\"aioseo-breadcrumb-separator\">&raquo;<\/span><span class=\"aioseo-breadcrumb\">\n\t\t\tGIARDINI DI MIR\u00d3 al via il tour estivo dell\u2019ultimo album \u201cDifferent Times\u201d\n\t\t<\/span><\/div>","aioseo_breadcrumb_json":[{"label":"Home","link":"https:\/\/www.piuomenopop.it"},{"label":"Notizie","link":"https:\/\/www.piuomenopop.it\/index.php\/category\/news\/"},{"label":"GIARDINI DI MIR\u00d3 al via il tour estivo dell&#8217;ultimo album &#8220;Different Times&#8221;","link":"https:\/\/www.piuomenopop.it\/index.php\/2019\/05\/20\/giardini-di-miro-al-via-il-tour-estivo-dellultimo-album-different-times\/"}],"_links":{"self":[{"href":"https:\/\/www.piuomenopop.it\/index.php\/wp-json\/wp\/v2\/posts\/48833","targetHints":{"allow":["GET"]}}],"collection":[{"href":"https:\/\/www.piuomenopop.it\/index.php\/wp-json\/wp\/v2\/posts"}],"about":[{"href":"https:\/\/www.piuomenopop.it\/index.php\/wp-json\/wp\/v2\/types\/post"}],"author":[{"embeddable":true,"href":"https:\/\/www.piuomenopop.it\/index.php\/wp-json\/wp\/v2\/users\/2"}],"replies":[{"embeddable":true,"href":"https:\/\/www.piuomenopop.it\/index.php\/wp-json\/wp\/v2\/comments?post=48833"}],"version-history":[{"count":3,"href":"https:\/\/www.piuomenopop.it\/index.php\/wp-json\/wp\/v2\/posts\/48833\/revisions"}],"predecessor-version":[{"id":48838,"href":"https:\/\/www.piuomenopop.it\/index.php\/wp-json\/wp\/v2\/posts\/48833\/revisions\/48838"}],"wp:featuredmedia":[{"embeddable":true,"href":"https:\/\/www.piuomenopop.it\/index.php\/wp-json\/wp\/v2\/media\/48834"}],"wp:attachment":[{"href":"https:\/\/www.piuomenopop.it\/index.php\/wp-json\/wp\/v2\/media?parent=48833"}],"wp:term":[{"taxonomy":"category","embeddable":true,"href":"https:\/\/www.piuomenopop.it\/index.php\/wp-json\/wp\/v2\/categories?post=48833"},{"taxonomy":"post_tag","embeddable":true,"href":"https:\/\/www.piuomenopop.it\/index.php\/wp-json\/wp\/v2\/tags?post=48833"}],"curies":[{"name":"wp","href":"https:\/\/api.w.org\/{rel}","templated":true}]}}