{"id":49003,"date":"2019-05-23T12:47:36","date_gmt":"2019-05-23T10:47:36","guid":{"rendered":"http:\/\/www.piuomenopop.it\/?p=49003"},"modified":"2019-05-23T22:00:08","modified_gmt":"2019-05-23T20:00:08","slug":"ex-otago-la-notte-chiama-tour-a-grande-richiesta-quattro-nuove-date-estive","status":"publish","type":"post","link":"https:\/\/www.piuomenopop.it\/index.php\/2019\/05\/23\/ex-otago-la-notte-chiama-tour-a-grande-richiesta-quattro-nuove-date-estive\/","title":{"rendered":"EX-OTAGO LA NOTTE CHIAMA TOUR,  a grande richiesta quattro nuove date estive"},"content":{"rendered":"<p>A poco pi\u00f9 di due settimane dalla partenza de <strong><em>LA NOTTE CHIAMA TOUR<\/em><\/strong><em>, <\/em>l\u20198 giugno al Nameless Festival, la band genovese ha segnato sul calendario quattro nuove date estive del viaggio che li vedr\u00e0 protagonisti delle <em>line up<\/em> dei festival pi\u00f9 importanti d\u2019Italia. I nuovi appuntamenti li porteranno il <strong>15 giugno<\/strong> a Grado in occasione del <strong>Grado Music Festival<\/strong>, poi ad Assisi all\u2019interno del <strong>Riverock Festival<\/strong> il <strong>28 giugno<\/strong>, mentre il <strong>25 luglio<\/strong> la band sar\u00e0 ospite al <strong>Mind Festival<\/strong> di Montecosaro e il <strong>16 agosto<\/strong> si esibir\u00e0 al <strong>Carsica Festival<\/strong> di Laterza. Le nuove date si aggiungono al calendario gi\u00e0 annunciato che porter\u00e0 la band su e gi\u00f9 per l\u2019Italia, dove i cinque sono attesi per riabbracciare tutto il loro pubblico.<\/p>\n<p>Dopo aver conquistato i club di tutta Italia con <strong><em>COSA FAI QUESTA NOTTE? TOUR 2019<\/em><\/strong> e il bagno di folla di Piazza del Popolo per il concertone del Primo maggio, la band rivelazione del Festival di Sanremo \u00e8 pronta a ripartire con il tour estivo prodotto da <strong>Magellano Concerti<\/strong>, che porter\u00e0 le <strong><em>OTAGATE <\/em><\/strong>in giro per tutte l\u2019estate.<\/p>\n<p>Sul palco non sar\u00e0 il solito concerto ma uno show spettacolare: grande musica, visual, emozioni, momenti di riflessione e tante sorprese. Ci si scatener\u00e0 con le hit pi\u00f9 ballerine come <em>Tutto bene<\/em> e <em>Cinghiali incazzati<\/em> e ci si abbraccer\u00e0 sulle note dei successi pi\u00f9 romantici e sui brani di <em>Corochinato<\/em>, il nuovo album uscito per Garrincha Dischi ed INRI e distribuito in licenza da Polydor\/Universal Music Italia.<\/p>\n<p>I biglietti per le date del tour sono disponibili su Ticketone (<a href=\"http:\/\/www.ticketone.it\" target=\"_blank\" rel=\"noopener noreferrer\">www.ticketone.it<\/a>) e in tutti i punti vendita autorizzati.<\/p>\n<p>&nbsp;<\/p>\n<figure id=\"attachment_18214\" aria-describedby=\"caption-attachment-18214\" style=\"width: 1200px\" class=\"wp-caption aligncenter\"><img loading=\"lazy\" decoding=\"async\" class=\"wp-image-18214 size-full\" src=\"http:\/\/www.piuomenopop.it\/wp-content\/uploads\/2017\/05\/Ex-Otago-2_1Maggio_Roma.jpg\" alt=\"\" width=\"1200\" height=\"800\" srcset=\"https:\/\/www.piuomenopop.it\/wp-content\/uploads\/2017\/05\/Ex-Otago-2_1Maggio_Roma.jpg 600w, https:\/\/www.piuomenopop.it\/wp-content\/uploads\/2017\/05\/Ex-Otago-2_1Maggio_Roma-300x200.jpg 300w, https:\/\/www.piuomenopop.it\/wp-content\/uploads\/2017\/05\/Ex-Otago-2_1Maggio_Roma-768x512.jpg 768w, https:\/\/www.piuomenopop.it\/wp-content\/uploads\/2017\/05\/Ex-Otago-2_1Maggio_Roma-1024x683.jpg 1024w\" sizes=\"auto, (max-width: 1200px) 100vw, 1200px\" \/><figcaption id=\"caption-attachment-18214\" class=\"wp-caption-text\">\u00a9 Gloria Imbrogno<\/figcaption><\/figure>\n<p style=\"text-align: center;\"><strong><em>LA NOTTE CHIAMA TOUR <\/em><\/strong><strong>\u2013 CALENDARIO<\/strong><\/p>\n<p style=\"text-align: center;\"><strong>\u00a0<\/strong><\/p>\n<p style=\"text-align: center;\"><strong>08.06<\/strong>\u00a0Barzio (LC) &#8211; Nameless Festival<\/p>\n<p style=\"text-align: center;\"><strong>09.06<\/strong>\u00a0Parma &#8211; Parma Music Park<\/p>\n<p style=\"text-align: center;\"><strong>15.06 Grado (GO) &#8211; Grado Music Festival &#8211; <\/strong><strong>NUOVA DATA!<\/strong><strong>\u00a0<\/strong><\/p>\n<p style=\"text-align: center;\"><strong>27.06<\/strong>\u00a0Milano &#8211; Tuborg Open Fest c\/o Ippodromo Snai S.Siro<\/p>\n<p style=\"text-align: center;\"><strong>28.06 Assisi (PG) &#8211; Riverock Festival\u00a0&#8211; <\/strong><strong>NUOVA DATA!<\/strong><strong>\u00a0<\/strong><\/p>\n<p style=\"text-align: center;\"><strong>03.07\u00a0<\/strong>Collegno (TO) &#8211; Flowers Festival<\/p>\n<p style=\"text-align: center;\"><strong>12.07<\/strong>\u00a0Bologna &#8211; Indimenticabile Festival c\/o Bologna Sonic Park<\/p>\n<p style=\"text-align: center;\"><strong>13.07<\/strong>\u00a0Tortona (AL) &#8211; Arena Derthona<\/p>\n<p style=\"text-align: center;\"><strong>19.07<\/strong>\u00a0Roma &#8211; Rock In Roma (ViIto)<\/p>\n<p style=\"text-align: center;\"><strong>21.07<\/strong>\u00a0Treviso &#8211; Suoni Di Marca<\/p>\n<p style=\"text-align: center;\"><strong>25.07 Montecosaro (MC) &#8211; MIND Festival <\/strong><em>(ingresso libero)<\/em> <strong>NUOVA DATA!<\/strong><strong>\u00a0<\/strong><\/p>\n<p style=\"text-align: center;\"><strong>09.08<\/strong>\u00a0Cinquale (MS) &#8211; Arena della Versilia<\/p>\n<p style=\"text-align: center;\"><strong>16.08 Laterza (TA) &#8211; Carsica Festival <\/strong><em>(ingresso libero)<\/em> <strong>NUOVA DATA!<\/strong><strong>\u00a0 <\/strong><\/p>\n<p style=\"text-align: center;\"><strong>17.08\u00a0<\/strong>Fasano (BR) &#8211; Costa dei Trulli Festival<\/p>\n<p style=\"text-align: center;\"><strong>24.08<\/strong>\u00a0Bellaria Igea Marina (RN) &#8211; Beky Bay<\/p>\n<p style=\"text-align: center;\"><strong>\u00a0<\/strong><\/p>\n","protected":false},"excerpt":{"rendered":"<div class=\"mh-excerpt\"><p>A poco pi\u00f9 di due settimane dalla partenza de LA NOTTE CHIAMA TOUR, l\u20198 giugno al Nameless Festival, la band genovese ha segnato sul calendario <a class=\"mh-excerpt-more\" href=\"https:\/\/www.piuomenopop.it\/index.php\/2019\/05\/23\/ex-otago-la-notte-chiama-tour-a-grande-richiesta-quattro-nuove-date-estive\/\" title=\"EX-OTAGO LA NOTTE CHIAMA TOUR,  a grande richiesta quattro nuove date estive\">[&#8230;]<\/a><\/p>\n<\/div>","protected":false},"author":2,"featured_media":46488,"comment_status":"closed","ping_status":"closed","sticky":false,"template":"","format":"standard","meta":{"sfsi_plus_gutenberg_text_before_share":"","sfsi_plus_gutenberg_show_text_before_share":"","sfsi_plus_gutenberg_icon_type":"","sfsi_plus_gutenberg_icon_alignemt":"","sfsi_plus_gutenburg_max_per_row":"","footnotes":"","_links_to":"","_links_to_target":""},"categories":[5184,3],"tags":[1263,996,9833,955,4710,9834,9832,9797,317],"class_list":["post-49003","post","type-post","status-publish","format-standard","has-post-thumbnail","hentry","category-calendario-concerti","category-news","tag-ex-otago","tag-garrincha-dischi","tag-grado-music-festival","tag-inri","tag-magellano-concerti","tag-mind-festival","tag-otagate","tag-riverock-festival","tag-tour"],"aioseo_notices":[],"_links":{"self":[{"href":"https:\/\/www.piuomenopop.it\/index.php\/wp-json\/wp\/v2\/posts\/49003","targetHints":{"allow":["GET"]}}],"collection":[{"href":"https:\/\/www.piuomenopop.it\/index.php\/wp-json\/wp\/v2\/posts"}],"about":[{"href":"https:\/\/www.piuomenopop.it\/index.php\/wp-json\/wp\/v2\/types\/post"}],"author":[{"embeddable":true,"href":"https:\/\/www.piuomenopop.it\/index.php\/wp-json\/wp\/v2\/users\/2"}],"replies":[{"embeddable":true,"href":"https:\/\/www.piuomenopop.it\/index.php\/wp-json\/wp\/v2\/comments?post=49003"}],"version-history":[{"count":3,"href":"https:\/\/www.piuomenopop.it\/index.php\/wp-json\/wp\/v2\/posts\/49003\/revisions"}],"predecessor-version":[{"id":49020,"href":"https:\/\/www.piuomenopop.it\/index.php\/wp-json\/wp\/v2\/posts\/49003\/revisions\/49020"}],"wp:featuredmedia":[{"embeddable":true,"href":"https:\/\/www.piuomenopop.it\/index.php\/wp-json\/wp\/v2\/media\/46488"}],"wp:attachment":[{"href":"https:\/\/www.piuomenopop.it\/index.php\/wp-json\/wp\/v2\/media?parent=49003"}],"wp:term":[{"taxonomy":"category","embeddable":true,"href":"https:\/\/www.piuomenopop.it\/index.php\/wp-json\/wp\/v2\/categories?post=49003"},{"taxonomy":"post_tag","embeddable":true,"href":"https:\/\/www.piuomenopop.it\/index.php\/wp-json\/wp\/v2\/tags?post=49003"}],"curies":[{"name":"wp","href":"https:\/\/api.w.org\/{rel}","templated":true}]}}