{"id":49118,"date":"2019-05-26T23:23:10","date_gmt":"2019-05-26T21:23:10","guid":{"rendered":"http:\/\/www.piuomenopop.it\/?p=49118"},"modified":"2019-05-26T23:23:10","modified_gmt":"2019-05-26T21:23:10","slug":"hype-aura-summer-tour-ecco-le-nuove-date-estive-di-coma_cose","status":"publish","type":"post","link":"https:\/\/www.piuomenopop.it\/index.php\/2019\/05\/26\/hype-aura-summer-tour-ecco-le-nuove-date-estive-di-coma_cose\/","title":{"rendered":"HYPE AURA SUMMER TOUR: ecco le nuove date estive di Coma_Cose"},"content":{"rendered":"<p style=\"font-weight: 400;\">\n<p style=\"font-weight: 400;\">A due mesi dalla pubblicazione di\u00a0<strong><em>HYPE AURA <\/em><\/strong><a href=\"http:\/\/www.piuomenopop.it\/index.php\/2019\/03\/15\/coma_cose-finalmente-hype-aura\/\" target=\"_blank\" rel=\"noopener noreferrer\">(leggi la recensione)<\/a>, i <strong>Coma_Cose<\/strong> annunciano\u00a0nuove\u00a0date che li porteranno ad esibirsi nei\u00a0pi\u00f9 prestigiosi festival italiani\u00a0tra maggio a settembre.<\/p>\n<p style=\"font-weight: 400;\">La band porta in scena\u00a0i brani del nuovo album HYPE AURA,\u00a0quanto i\u00a0singoli\u00a0che fin da subito hanno attirato sul progetto l\u2019attenzione di pubblico e critica. Uno\u00a0spettacolo a 360 gradi, che coinvolge il pubblico per oltre\u00a0un\u2019ora di musica live. Il nuovo tour \u00e8 un susseguirsi di novit\u00e0 e sorprese, gi\u00e0 a partire dalla\u00a0formazione sul palco, dove i Coma_Cose sono accompagnati da\u00a0Riccardo\u00a0Fanara, batterista, e\u00a0Simone\u00a0Sproccati, polistrumentista a cui sono affidate chitarra e tastiera. Tradurre il suono del disco in un live show che diventi nuova esperienza d\u2019ascolto: ecco l\u2019obiettivo di Coma_Cose.<\/p>\n<p style=\"font-weight: 400;\">Nello show sono inclusi tutti i brani della discografia: dal primo singolo\u00a0Cannibalismo\u00a0fino all\u2019EP Inverno Ticinese, da\u00a0Post\u00a0Concerto\u00a0e\u00a0Nudo\u00a0Integrale\u00a0per poi passare in rassegna tutta la tracklist di HYPE AURA.\u00a0Fausto\u00a0Lama\u00a0e\u00a0California\u00a0stanno portando sui migliori palchi italiani la loro ricetta unica a base di\u00a0elettronica,\u00a0Hip-Hop\u00a0e\u00a0cantautorato\u00a0per far ballare e cantare il pubblico, dove l\u2019energia del\u00a0groove\u00a0\u00e8 l\u2019elemento chiave per farsi trasportare nel\u00a0mood crepuscolare\u00a0di Coma_Cose. Il nuovo spettacolo \u00e8 poi arricchito anche da\u00a0visual\u00a0e\u00a0light\u00a0show, pensati appositamente per ricreare dal vivo le atmosfere del mondo Coma_Cose.<\/p>\n<figure id=\"attachment_36478\" aria-describedby=\"caption-attachment-36478\" style=\"width: 1200px\" class=\"wp-caption aligncenter\"><img loading=\"lazy\" decoding=\"async\" class=\"wp-image-36478 size-full\" src=\"http:\/\/www.piuomenopop.it\/wp-content\/uploads\/2018\/08\/Karen-Cucci__Coma_Cose-16.jpg\" alt=\"\" width=\"1200\" height=\"798\" srcset=\"https:\/\/www.piuomenopop.it\/wp-content\/uploads\/2018\/08\/Karen-Cucci__Coma_Cose-16.jpg 1200w, https:\/\/www.piuomenopop.it\/wp-content\/uploads\/2018\/08\/Karen-Cucci__Coma_Cose-16-300x200.jpg 300w, https:\/\/www.piuomenopop.it\/wp-content\/uploads\/2018\/08\/Karen-Cucci__Coma_Cose-16-768x511.jpg 768w, https:\/\/www.piuomenopop.it\/wp-content\/uploads\/2018\/08\/Karen-Cucci__Coma_Cose-16-1024x681.jpg 1024w\" sizes=\"auto, (max-width: 1200px) 100vw, 1200px\" \/><figcaption id=\"caption-attachment-36478\" class=\"wp-caption-text\">\u00a9 Karen Cucci<\/figcaption><\/figure>\n<p>&nbsp;<\/p>\n<p style=\"font-weight: 400;\">Le nuove date in continuo aggiornamento:<\/p>\n<p style=\"font-weight: 400;\">18.06 Padova, Sherwood Festival<\/p>\n<p style=\"font-weight: 400;\">13.07 Bologna, Indimenticabile Festival c\/o Bologna Sonic Park<\/p>\n<p style=\"font-weight: 400;\">19.07 Grugliasco (TO), Gru Village<\/p>\n<p style=\"font-weight: 400;\">20.07 Roma, Villa Ada<\/p>\n<p style=\"font-weight: 400;\">03.08 San Severino (PZ), Pollino Music Festival<\/p>\n<p style=\"font-weight: 400;\">04.08 Patti Marina (ME), Indigeno Festival<\/p>\n<p style=\"font-weight: 400;\">10.08 Budapest (Ungheria), Sziget Festival<\/p>\n<p style=\"font-weight: 400;\">07.09 Palma Campania (NA), Ecosuoni Festival<\/p>\n<p style=\"font-weight: 400; text-align: center;\"><iframe loading=\"lazy\" src=\"https:\/\/www.youtube.com\/embed\/B9vIuKjcuuw\" width=\"560\" height=\"315\" frameborder=\"0\" allowfullscreen=\"allowfullscreen\"><\/iframe><\/p>\n<p>&nbsp;<\/p>\n<p>Leggi i <a href=\"http:\/\/www.piuomenopop.it\/?s=coma+cose\" target=\"_blank\" rel=\"noopener noreferrer\">nostri articoli su Coma Cose<\/a><\/p>\n","protected":false},"excerpt":{"rendered":"<div class=\"mh-excerpt\"><p>A due mesi dalla pubblicazione di\u00a0HYPE AURA (leggi la recensione), i Coma_Cose annunciano\u00a0nuove\u00a0date che li porteranno ad esibirsi nei\u00a0pi\u00f9 prestigiosi festival italiani\u00a0tra maggio a settembre. <a class=\"mh-excerpt-more\" href=\"https:\/\/www.piuomenopop.it\/index.php\/2019\/05\/26\/hype-aura-summer-tour-ecco-le-nuove-date-estive-di-coma_cose\/\" title=\"HYPE AURA SUMMER TOUR: ecco le nuove date estive di Coma_Cose\">[&#8230;]<\/a><\/p>\n<\/div>","protected":false},"author":2,"featured_media":49119,"comment_status":"closed","ping_status":"closed","sticky":false,"template":"","format":"standard","meta":{"sfsi_plus_gutenberg_text_before_share":"","sfsi_plus_gutenberg_show_text_before_share":"","sfsi_plus_gutenberg_icon_type":"","sfsi_plus_gutenberg_icon_alignemt":"","sfsi_plus_gutenburg_max_per_row":"","footnotes":"","_links_to":"","_links_to_target":""},"categories":[5184,3],"tags":[3796,8665],"class_list":["post-49118","post","type-post","status-publish","format-standard","has-post-thumbnail","hentry","category-calendario-concerti","category-news","tag-coma_cose","tag-hype-aura"],"aioseo_notices":[],"_links":{"self":[{"href":"https:\/\/www.piuomenopop.it\/index.php\/wp-json\/wp\/v2\/posts\/49118","targetHints":{"allow":["GET"]}}],"collection":[{"href":"https:\/\/www.piuomenopop.it\/index.php\/wp-json\/wp\/v2\/posts"}],"about":[{"href":"https:\/\/www.piuomenopop.it\/index.php\/wp-json\/wp\/v2\/types\/post"}],"author":[{"embeddable":true,"href":"https:\/\/www.piuomenopop.it\/index.php\/wp-json\/wp\/v2\/users\/2"}],"replies":[{"embeddable":true,"href":"https:\/\/www.piuomenopop.it\/index.php\/wp-json\/wp\/v2\/comments?post=49118"}],"version-history":[{"count":1,"href":"https:\/\/www.piuomenopop.it\/index.php\/wp-json\/wp\/v2\/posts\/49118\/revisions"}],"predecessor-version":[{"id":49120,"href":"https:\/\/www.piuomenopop.it\/index.php\/wp-json\/wp\/v2\/posts\/49118\/revisions\/49120"}],"wp:featuredmedia":[{"embeddable":true,"href":"https:\/\/www.piuomenopop.it\/index.php\/wp-json\/wp\/v2\/media\/49119"}],"wp:attachment":[{"href":"https:\/\/www.piuomenopop.it\/index.php\/wp-json\/wp\/v2\/media?parent=49118"}],"wp:term":[{"taxonomy":"category","embeddable":true,"href":"https:\/\/www.piuomenopop.it\/index.php\/wp-json\/wp\/v2\/categories?post=49118"},{"taxonomy":"post_tag","embeddable":true,"href":"https:\/\/www.piuomenopop.it\/index.php\/wp-json\/wp\/v2\/tags?post=49118"}],"curies":[{"name":"wp","href":"https:\/\/api.w.org\/{rel}","templated":true}]}}